{"id":91832,"date":"2021-10-23T09:45:02","date_gmt":"2021-10-23T12:45:02","guid":{"rendered":"https:\/\/www.cordobatimes.com\/showup\/?p=91832"},"modified":"2021-10-23T09:45:02","modified_gmt":"2021-10-23T12:45:02","slug":"fotos-de-flor-vigna-y-luciano-castro-a-los-besos","status":"publish","type":"post","link":"https:\/\/www.cordobatimes.com\/showup\/famosos\/2021\/10\/23\/fotos-de-flor-vigna-y-luciano-castro-a-los-besos\/","title":{"rendered":"Fotos de Flor Vigna y Luciano Castro a los besos"},"content":{"rendered":"<h3><strong>La bailarina y el actor confirmaron su romance a principios de octubre.<\/strong><\/h3>\n<p>En los primeros d\u00edas de este mes de octubre,\u00a0Flor Vigna\u00a0y\u00a0Luciano Castro\u00a0confirmaron que est\u00e1n juntos y dando los primeros pasos de una relaci\u00f3n amorosa. Fue poco tiempo despu\u00e9s de que el actor admitiera que se hab\u00eda separado de\u00a0Sabrina Rojas, ex mujer y madre de sus hijos, quien a la vez hab\u00eda comenzado un noviazgo con el locutor\u00a0Luis\u00a0El Tucu\u00a0L\u00f3pez.<\/p>\n<p>\u201cCon\u00a0Lu\u00a0nos conocimos en el gimnasio hace un tiempo\u201d, asegur\u00f3 la ex\u00a0Bailando\u00a0y detall\u00f3 cu\u00e1nto tiempo mantuvieron su relaci\u00f3n en secreto.\u00a0\u201cEstuvimos guard\u00e1ndolo para nosotros dos meses y hace poquito decidimos dejarlo ser en p\u00fablico tambi\u00e9n\u201d, agreg\u00f3 a trav\u00e9s de un mensaje que le envi\u00f3 al periodista de\u00a0Nosotros a la ma\u00f1ana\u00a0Ariel Wolman. Los rumores de romance hab\u00edan comenzado el martes luego de que en\u00a0Los \u00c1ngeles de la Ma\u00f1ana\u00a0mostraran una imagen de los actores bajando de la camioneta de \u00e9l e ingresando juntos al gimnasio de zona norte al que ambos asisten.<\/p>\n<p>En se\u00f1al de que la relaci\u00f3n marcha viento en popa, este viernes en\u00a0Los \u00c1ngeles de la Ma\u00f1ana\u00a0(El Trece) se dijo que Luciano Castro participa del videoclip que est\u00e1 grabando\u00a0Flor Vigna\u00a0para lanzarse como cantante. Seg\u00fan informaron en el programa conducido por \u00c1ngel de Brito,\u00a0se lo ver\u00e1 al actor bailando reggaet\u00f3n al ritmo de la nueva canci\u00f3n de su flamante novia. \u201cLa m\u00fasica es su pasi\u00f3n\u201d, defini\u00f3 Castro sobre Flor esta semana en una entrevista con Germ\u00e1n Paoloski en\u00a0No es tan tarde\u00a0(Telefe).<\/p>\n<p>\u201cNos empezamos a conocer, est\u00e1bamos de una casa a la otra y dijimos:\u00a0\u2018Relaj\u00e9monos, no hay por qu\u00e9 esconderse\u2019.\u00a0Es raro hablar de esto en p\u00fablico. Ya nos venimos conociendo hace un tiempo\u201d, hab\u00eda dicho la ex participante de\u00a0ShowMatch\u00a0sobre la decisi\u00f3n que tom\u00f3 la pareja de mostrarse en p\u00fablico, en la primera entrevista que dieron juntos, ocurrida en\u00a0Los \u00c1ngeles de la Ma\u00f1ana.<\/p>\n<p><img alt=\"\" loading=\"lazy\" decoding=\"async\" class=\"alignnone size-medium wp-image-91834\" src=\"https:\/\/www.cordobatimes.com\/showup\/wp-content\/uploads\/2021\/10\/01-1-747x420.jpg\" alt=\"\" width=\"747\" height=\"420\" srcset=\"https:\/\/www.cordobatimes.com\/showup\/wp-content\/uploads\/2021\/10\/01-1-747x420.jpg 747w, https:\/\/www.cordobatimes.com\/showup\/wp-content\/uploads\/2021\/10\/01-1-768x432.jpg 768w, https:\/\/www.cordobatimes.com\/showup\/wp-content\/uploads\/2021\/10\/01-1-696x391.jpg 696w, https:\/\/www.cordobatimes.com\/showup\/wp-content\/uploads\/2021\/10\/01-1.jpg 916w\" sizes=\"auto, (max-width: 747px) 100vw, 747px\" \/> <img alt=\"\" loading=\"lazy\" decoding=\"async\" class=\"alignnone size-medium wp-image-91835\" src=\"https:\/\/www.cordobatimes.com\/showup\/wp-content\/uploads\/2021\/10\/02-1-750x418.jpg\" alt=\"\" width=\"750\" height=\"418\" srcset=\"https:\/\/www.cordobatimes.com\/showup\/wp-content\/uploads\/2021\/10\/02-1-750x418.jpg 750w, https:\/\/www.cordobatimes.com\/showup\/wp-content\/uploads\/2021\/10\/02-1-753x420.jpg 753w, https:\/\/www.cordobatimes.com\/showup\/wp-content\/uploads\/2021\/10\/02-1-768x428.jpg 768w, https:\/\/www.cordobatimes.com\/showup\/wp-content\/uploads\/2021\/10\/02-1-696x388.jpg 696w, https:\/\/www.cordobatimes.com\/showup\/wp-content\/uploads\/2021\/10\/02-1.jpg 922w\" sizes=\"auto, (max-width: 750px) 100vw, 750px\" \/> <img alt=\"\" loading=\"lazy\" decoding=\"async\" class=\"alignnone size-medium wp-image-91836\" src=\"https:\/\/www.cordobatimes.com\/showup\/wp-content\/uploads\/2021\/10\/03-750x420.jpg\" alt=\"\" width=\"750\" height=\"420\" srcset=\"https:\/\/www.cordobatimes.com\/showup\/wp-content\/uploads\/2021\/10\/03-750x420.jpg 750w, https:\/\/www.cordobatimes.com\/showup\/wp-content\/uploads\/2021\/10\/03-752x420.jpg 752w, https:\/\/www.cordobatimes.com\/showup\/wp-content\/uploads\/2021\/10\/03-768x429.jpg 768w, https:\/\/www.cordobatimes.com\/showup\/wp-content\/uploads\/2021\/10\/03-696x389.jpg 696w, https:\/\/www.cordobatimes.com\/showup\/wp-content\/uploads\/2021\/10\/03.jpg 927w\" sizes=\"auto, (max-width: 750px) 100vw, 750px\" \/><\/p>\n","protected":false},"excerpt":{"rendered":"<p>La bailarina y el actor confirmaron su romance a principios de octubre. En los primeros d\u00edas de este mes de octubre,\u00a0Flor Vigna\u00a0y\u00a0Luciano Castro\u00a0confirmaron que est\u00e1n juntos y dando los primeros pasos de una relaci\u00f3n amorosa. Fue poco tiempo despu\u00e9s de que el actor admitiera que se hab\u00eda separado de\u00a0Sabrina Rojas, ex mujer y madre de [&hellip;]<\/p>\n","protected":false},"author":1,"featured_media":91833,"comment_status":"closed","ping_status":"closed","sticky":false,"template":"","format":"standard","meta":{"_seopress_robots_primary_cat":"","_seopress_titles_title":"","_seopress_titles_desc":"","_seopress_robots_index":"","footnotes":""},"categories":[4],"tags":[33543,33626,33625],"class_list":{"0":"post-91832","1":"post","2":"type-post","3":"status-publish","4":"format-standard","5":"has-post-thumbnail","7":"category-famosos","8":"tag-flor-vigna-y-luciano-castro","9":"tag-flor-vigna-y-luciano-castro-a-los-besos","10":"tag-fotos-de-flor-vigna-y-luciano-castro"},"_links":{"self":[{"href":"https:\/\/www.cordobatimes.com\/showup\/wp-json\/wp\/v2\/posts\/91832","targetHints":{"allow":["GET"]}}],"collection":[{"href":"https:\/\/www.cordobatimes.com\/showup\/wp-json\/wp\/v2\/posts"}],"about":[{"href":"https:\/\/www.cordobatimes.com\/showup\/wp-json\/wp\/v2\/types\/post"}],"author":[{"embeddable":true,"href":"https:\/\/www.cordobatimes.com\/showup\/wp-json\/wp\/v2\/users\/1"}],"replies":[{"embeddable":true,"href":"https:\/\/www.cordobatimes.com\/showup\/wp-json\/wp\/v2\/comments?post=91832"}],"version-history":[{"count":0,"href":"https:\/\/www.cordobatimes.com\/showup\/wp-json\/wp\/v2\/posts\/91832\/revisions"}],"wp:featuredmedia":[{"embeddable":true,"href":"https:\/\/www.cordobatimes.com\/showup\/wp-json\/wp\/v2\/media\/91833"}],"wp:attachment":[{"href":"https:\/\/www.cordobatimes.com\/showup\/wp-json\/wp\/v2\/media?parent=91832"}],"wp:term":[{"taxonomy":"category","embeddable":true,"href":"https:\/\/www.cordobatimes.com\/showup\/wp-json\/wp\/v2\/categories?post=91832"},{"taxonomy":"post_tag","embeddable":true,"href":"https:\/\/www.cordobatimes.com\/showup\/wp-json\/wp\/v2\/tags?post=91832"}],"curies":[{"name":"wp","href":"https:\/\/api.w.org\/{rel}","templated":true}]}}