{"id":91738,"date":"2021-10-19T12:19:21","date_gmt":"2021-10-19T15:19:21","guid":{"rendered":"https:\/\/www.cordobatimes.com\/showup\/?p=91738"},"modified":"2021-10-19T12:19:21","modified_gmt":"2021-10-19T15:19:21","slug":"buenos-aires-fashion-week-primavera-verano-2022","status":"publish","type":"post","link":"https:\/\/www.cordobatimes.com\/showup\/moda-y-estilos\/2021\/10\/19\/buenos-aires-fashion-week-primavera-verano-2022\/","title":{"rendered":"Buenos Aires Fashion Week primavera verano 2022"},"content":{"rendered":"<h3><strong>Se realiz\u00f3 el primer desfile de Buenos Aires Fashion Week en el Museo Fern\u00e1ndez Blanco; durante toda la semana habr\u00e1 presentaciones en distintos puntos de la Ciudad.<\/strong><\/h3>\n<p>Con un muy esperado y espectacular desfile en los jardines del Palacio Noel se dio comienzo a BAFWEEK primavera\/verano 2022. Bajo el sol del mediod\u00eda del lunes, Mishka mostr\u00f3 su nueva colecci\u00f3n de indumentaria y accesorios.<\/p>\n<p>En su aniversario n\u00famero 20,\u00a0Buenos Aires Fashion Week\u00a0estrena un formato multidimensional e interdisciplinario. Recordemos que en el mes de abril y, en un contexto muy diferente al actual,\u00a0se hab\u00eda realizado un \u00fanico show con las colecciones oto\u00f1o invierno de todas las marcas juntas, en La Rural. Esta vez, ser\u00e1 diferente.<\/p>\n<p>Del 18 al 22 de octubre, suceder\u00e1n experiencias muy variadas, cada una en distintos puntos de la Buenos Aires. El lema es: \u201cLa moda viste la ciudad\u201d, el aire libre ser\u00e1 protagonista y promete innovaci\u00f3n.<\/p>\n<p>La inauguraci\u00f3n de la grilla, a cargo de\u00a0Mishka, levant\u00f3 la vara: una l\u00ednea donde mandan los tonos aguados y las formas envolventes. Es que #MishkaCalypso nos lleva a bucear: se inspira en el paisaje del fondo del mar. Marcelo Cant\u00f3n eligi\u00f3 una locaci\u00f3n sofisticada e hist\u00f3rica como es el Museo de Arte Hispanoamericano Isaac Fern\u00e1ndez Blanco ubicado en Retiro para mostrar lo m\u00e1s moderno de su marca.<\/p>\n<p><img alt=\"\" loading=\"lazy\" decoding=\"async\" class=\"alignnone size-medium wp-image-91740\" src=\"https:\/\/www.cordobatimes.com\/showup\/wp-content\/uploads\/2021\/10\/Buenos-Aires-Fashion-Week-primavera-verano-2022-1-634x420.jpg\" alt=\"\" width=\"634\" height=\"420\" srcset=\"https:\/\/www.cordobatimes.com\/showup\/wp-content\/uploads\/2021\/10\/Buenos-Aires-Fashion-Week-primavera-verano-2022-1-634x420.jpg 634w, https:\/\/www.cordobatimes.com\/showup\/wp-content\/uploads\/2021\/10\/Buenos-Aires-Fashion-Week-primavera-verano-2022-1-1024x679.jpg 1024w, https:\/\/www.cordobatimes.com\/showup\/wp-content\/uploads\/2021\/10\/Buenos-Aires-Fashion-Week-primavera-verano-2022-1-768x509.jpg 768w, https:\/\/www.cordobatimes.com\/showup\/wp-content\/uploads\/2021\/10\/Buenos-Aires-Fashion-Week-primavera-verano-2022-1-696x461.jpg 696w, https:\/\/www.cordobatimes.com\/showup\/wp-content\/uploads\/2021\/10\/Buenos-Aires-Fashion-Week-primavera-verano-2022-1-1068x708.jpg 1068w, https:\/\/www.cordobatimes.com\/showup\/wp-content\/uploads\/2021\/10\/Buenos-Aires-Fashion-Week-primavera-verano-2022-1.jpg 1086w\" sizes=\"auto, (max-width: 634px) 100vw, 634px\" \/><\/p>\n<p>Con una circulaci\u00f3n amplia y coreogr\u00e1fica, las modelos y los modelos recorrieron senderos floridos entre el p\u00fablico presente: amigos de la casa, influencers, periodistas, artistas. En la primera fila estuvieron figuras como\u00a0Graciela Borges,\u00a0Mar\u00eda Kodama,\u00a0Elena Roger,\u00a0Violeta Urtizberea,\u00a0B\u00e1rbara Lombardo, Juliana Gattas,\u00a0Carola Reyna,\u00a0Juan Minuj\u00edn,\u00a0Lul\u00fa Biaus, Muriel Santa Ana, Mercedes Mor\u00e1n\u00a0y\u00a0Marou Rivero,\u00a0entre otras.<\/p>\n<p>\u00bfQu\u00e9 sigue ahora? El martes al atardecer,\u00a0JT\u00a0presentar\u00e1, con un show de\u00a0Juana Molina\u00a0como acompa\u00f1amiento, el resultado de la experimentaci\u00f3n con textiles y estampas en una colecci\u00f3n que incluye una l\u00ednea c\u00e1psula en seda natural.<\/p>\n<p><img alt=\"\" loading=\"lazy\" decoding=\"async\" class=\"alignnone wp-image-91741 size-full\" src=\"https:\/\/www.cordobatimes.com\/showup\/wp-content\/uploads\/2021\/10\/Buenos-Aires-Fashion-Week-primavera-verano-2022-2.jpg\" alt=\"\" width=\"647\" height=\"708\" srcset=\"https:\/\/www.cordobatimes.com\/showup\/wp-content\/uploads\/2021\/10\/Buenos-Aires-Fashion-Week-primavera-verano-2022-2.jpg 647w, https:\/\/www.cordobatimes.com\/showup\/wp-content\/uploads\/2021\/10\/Buenos-Aires-Fashion-Week-primavera-verano-2022-2-384x420.jpg 384w\" sizes=\"auto, (max-width: 647px) 100vw, 647px\" \/> <img alt=\"\" loading=\"lazy\" decoding=\"async\" class=\"alignnone wp-image-91742 size-full\" src=\"https:\/\/www.cordobatimes.com\/showup\/wp-content\/uploads\/2021\/10\/lnmodaybelleza_246018796_192958989546444_2727753946783983884_n.jpg\" alt=\"\" width=\"1080\" height=\"1080\" srcset=\"https:\/\/www.cordobatimes.com\/showup\/wp-content\/uploads\/2021\/10\/lnmodaybelleza_246018796_192958989546444_2727753946783983884_n.jpg 1080w, https:\/\/www.cordobatimes.com\/showup\/wp-content\/uploads\/2021\/10\/lnmodaybelleza_246018796_192958989546444_2727753946783983884_n-420x420.jpg 420w, https:\/\/www.cordobatimes.com\/showup\/wp-content\/uploads\/2021\/10\/lnmodaybelleza_246018796_192958989546444_2727753946783983884_n-1024x1024.jpg 1024w, https:\/\/www.cordobatimes.com\/showup\/wp-content\/uploads\/2021\/10\/lnmodaybelleza_246018796_192958989546444_2727753946783983884_n-768x768.jpg 768w, https:\/\/www.cordobatimes.com\/showup\/wp-content\/uploads\/2021\/10\/lnmodaybelleza_246018796_192958989546444_2727753946783983884_n-696x696.jpg 696w, https:\/\/www.cordobatimes.com\/showup\/wp-content\/uploads\/2021\/10\/lnmodaybelleza_246018796_192958989546444_2727753946783983884_n-1068x1068.jpg 1068w\" sizes=\"auto, (max-width: 1080px) 100vw, 1080px\" \/><\/p>\n<p>M\u00e1s tarde, se abrir\u00e1 la pisa y\u00a0Daels\u00a0vibrar\u00e1 al ritmo de la \u201cCumbiancheta\u201d, una bailanta en donde tocar\u00e1 la ic\u00f3nica banda de los 90s Amar Azul y se presentar\u00e1 en formato digital la nueva colecci\u00f3n.<\/p>\n<p>El mi\u00e9rcoles 30 al mediod\u00eda ser\u00e1 el turno de\u00a0Vero Ivaldi. El el Museo Larreta, y bajo el concepto \u201cLa belleza surge del dolor\u201d, la dise\u00f1adora presentar\u00e1 \u201cBit\u00e1cora del duelo\u201d, un relato secuencial que recorre espacios y surcos vividos que se amalgamaron para reconstruir un todo nuevo.<\/p>\n<p>Por su parte,\u00a0eLEMENTAL X Nous\u00a0Etudions se presenta en modelo conversacional, con Lara91k y Doppel Gangs van a hacer, a la tarde, una charla sobre moda y m\u00fasica.<\/p>\n<p>A la noche,\u00a0Mar\u00eda Cher\u00a0va a dar a conocer su nueva (hom\u00f3nima) l\u00ednea joven y lo har\u00e1 en el porte\u00f1\u00edsimo Caf\u00e9 San Bernardo.<\/p>\n<p>El jueves, la presentaci\u00f3n de\u00a0Furzai\u00a0ser\u00e1 en formato almuerzo con su comunidad. En Atte Pizza de Palermo. Por la tarde, est\u00e1 programado el desfile de\u00a0Pr\u00fcne\u00a0en el Jard\u00edn Bot\u00e1nico y a las 19,\u00a0Revolver\u00a0har\u00e1 en su store de Villa Crespo el lanzamiento de una colecci\u00f3n inspirada en la ciudad Balnearia de Mar del Plata de los a\u00f1os 80.<\/p>\n<p><img alt=\"\" loading=\"lazy\" decoding=\"async\" class=\"alignnone wp-image-91743 size-full\" src=\"https:\/\/www.cordobatimes.com\/showup\/wp-content\/uploads\/2021\/10\/Buenos-Aires-Fashion-Week-primavera-verano-2022-1-3.jpg\" alt=\"\" width=\"529\" height=\"710\" srcset=\"https:\/\/www.cordobatimes.com\/showup\/wp-content\/uploads\/2021\/10\/Buenos-Aires-Fashion-Week-primavera-verano-2022-1-3.jpg 529w, https:\/\/www.cordobatimes.com\/showup\/wp-content\/uploads\/2021\/10\/Buenos-Aires-Fashion-Week-primavera-verano-2022-1-3-313x420.jpg 313w\" sizes=\"auto, (max-width: 529px) 100vw, 529px\" \/><\/p>\n<p>El \u00faltimo d\u00eda, el viernes 22,\u00a0Vanesa Krongold\u00a0presenta, en el centro cultural La Casa Walsh, su colecci\u00f3n \u201cConstrucci\u00f3n amor\u201d Verano 2022 a trav\u00e9s de la recreaci\u00f3n de un escenario post apocal\u00edptico en un desfile perform\u00e1tico que contar\u00e1 con la colaboraci\u00f3n art\u00edstica de Pablo Resoalbe. A la tarde,\u00a0Blackmamba\u00a0presentar\u00e1 \u201cMasion Mamba\u201d en el Four Seasons, una celebraci\u00f3n donde cada invitado ser\u00e1 parte esencial de la escenograf\u00eda.<\/p>\n<p>Para cerrar la movida semana,\u00a0Fila\u00a0va a celebrar sus 110 con una fiesta en el Palacio Barolo a trav\u00e9s de una experiencia multiesc\u00e9nica que atravesar\u00e1 la m\u00fasica, el arte y el deporte. La colecci\u00f3n estrella de la noche ser\u00e1 \u201cProject 7: Back to nature\u201d , una nueva colaboraci\u00f3n con el grupo coreano que lidera el k-pop, BTS.<\/p>\n<p>Como siempre, el maquillaje oficial est\u00e1 a cargo de\u00a0Natura\u00a0que presenta la tendencia Euforia. La make up artist de la firma, Ver\u00f3nica Mendoza, la define de esta manera: \u201cEs una tendencia \u201cEuforia\u201d que invita a jugar con los colores que se vienen para la temporada m\u00e1s c\u00e1lida del a\u00f1o. Est\u00e1 inspirada en una mujer que apuesta por la alegr\u00eda como parte de su belleza\u201d.<\/p>\n<p>&nbsp;<\/p>\n","protected":false},"excerpt":{"rendered":"<p>Se realiz\u00f3 el primer desfile de Buenos Aires Fashion Week en el Museo Fern\u00e1ndez Blanco; durante toda la semana habr\u00e1 presentaciones en distintos puntos de la Ciudad. Con un muy esperado y espectacular desfile en los jardines del Palacio Noel se dio comienzo a BAFWEEK primavera\/verano 2022. Bajo el sol del mediod\u00eda del lunes, Mishka [&hellip;]<\/p>\n","protected":false},"author":1,"featured_media":91739,"comment_status":"closed","ping_status":"closed","sticky":false,"template":"","format":"standard","meta":{"_seopress_robots_primary_cat":"","_seopress_titles_title":"","_seopress_titles_desc":"","_seopress_robots_index":"","footnotes":""},"categories":[228],"tags":[33594,33593],"class_list":{"0":"post-91738","1":"post","2":"type-post","3":"status-publish","4":"format-standard","5":"has-post-thumbnail","7":"category-moda-y-estilos","8":"tag-buenos-aires-fashion-week","9":"tag-fashion-week-primavera-verano-2022"},"_links":{"self":[{"href":"https:\/\/www.cordobatimes.com\/showup\/wp-json\/wp\/v2\/posts\/91738","targetHints":{"allow":["GET"]}}],"collection":[{"href":"https:\/\/www.cordobatimes.com\/showup\/wp-json\/wp\/v2\/posts"}],"about":[{"href":"https:\/\/www.cordobatimes.com\/showup\/wp-json\/wp\/v2\/types\/post"}],"author":[{"embeddable":true,"href":"https:\/\/www.cordobatimes.com\/showup\/wp-json\/wp\/v2\/users\/1"}],"replies":[{"embeddable":true,"href":"https:\/\/www.cordobatimes.com\/showup\/wp-json\/wp\/v2\/comments?post=91738"}],"version-history":[{"count":0,"href":"https:\/\/www.cordobatimes.com\/showup\/wp-json\/wp\/v2\/posts\/91738\/revisions"}],"wp:featuredmedia":[{"embeddable":true,"href":"https:\/\/www.cordobatimes.com\/showup\/wp-json\/wp\/v2\/media\/91739"}],"wp:attachment":[{"href":"https:\/\/www.cordobatimes.com\/showup\/wp-json\/wp\/v2\/media?parent=91738"}],"wp:term":[{"taxonomy":"category","embeddable":true,"href":"https:\/\/www.cordobatimes.com\/showup\/wp-json\/wp\/v2\/categories?post=91738"},{"taxonomy":"post_tag","embeddable":true,"href":"https:\/\/www.cordobatimes.com\/showup\/wp-json\/wp\/v2\/tags?post=91738"}],"curies":[{"name":"wp","href":"https:\/\/api.w.org\/{rel}","templated":true}]}}