{"id":91667,"date":"2021-10-11T11:30:42","date_gmt":"2021-10-11T14:30:42","guid":{"rendered":"https:\/\/www.cordobatimes.com\/showup\/?p=91667"},"modified":"2021-10-11T11:30:42","modified_gmt":"2021-10-11T14:30:42","slug":"el-trailer-oficial-de-maradona-sueno-bendito-la-serie-biografica-de-diego","status":"publish","type":"post","link":"https:\/\/www.cordobatimes.com\/showup\/cine-y-series\/2021\/10\/11\/el-trailer-oficial-de-maradona-sueno-bendito-la-serie-biografica-de-diego\/","title":{"rendered":"El tr\u00e1iler oficial de \u201cMaradona: Sue\u00f1o Bendito\u201d, la serie biogr\u00e1fica de Diego"},"content":{"rendered":"<h3><strong>La pol\u00e9mica producci\u00f3n de Amazon Original autorizada por el Diez estar\u00e1 disponible a partir del pr\u00f3ximo 29 de octubre.<\/strong><\/h3>\n<p>La expectativa era mucha. Finalmente, se supo que el pr\u00f3ximo\u00a029 de octubre\u00a0se estrenar\u00e1\u00a0Maradona: Sue\u00f1o Bendito, la serie biogr\u00e1fica producida por Amazon Original que narra la vida de\u00a0Diego Armando Maradona. Y, este domingo, se dio a conocer el tr\u00e1iler oficial en el que se puede apreciar el rumbo que tomar\u00e1 la historia autorizada en por su protagonista, quien falleci\u00f3 el 25 de noviembre de 2020.<\/p>\n<p>La biopic se lanzar\u00e1 a trav\u00e9s de Amazon Prime Video en m\u00e1s de 240 pa\u00edses y territorios y, en Argentina, podr\u00e1 verse\u00a0a trav\u00e9s de Telecentro\u00a0con una bonificaci\u00f3n especial de tres meses gratis.\u00a0El d\u00eda previo al cumplea\u00f1os del\u00a0Diez, estar\u00e1n disponibles los cap\u00edtulos 1,2, 3, 4 y 5. El 8 y el 7, en tanto, se podr\u00e1n ver reci\u00e9n el 5 de noviembre. El 12 de ese mes se presentar\u00e1 el 8, el 19 el 9 y el 26 el 10, con el que terminar\u00e1 esta primera temporada.<\/p>\n<p>La serie, tan cuestionada por algunos de los allegados a Maradona, est\u00e1 protagonizada por\u00a0Nazareno Casero\u00a0(Historia de un Clan),\u00a0Juan Palomino\u00a0(Magnifica 70) y\u00a0Nicolas Goldschmidt\u00a0(Supermax) interpretando a Diego a lo largo de su vida, desde sus humildes comienzos en Villa Fiorito, hasta su revolucionaria carrera por el Barcelona y N\u00e1poles. Y mostrar\u00e1 el papel clave del\u00a0Diez\u00a0como l\u00edder de la Selecci\u00f3n Argentina al ganar la Copa Mundial en M\u00e9xico \u201886.<\/p>\n<p>El elenco de la producci\u00f3n se completa con\u00a0Julieta Cardinali\u00a0(En Terapia, Valentin),\u00a0Laura Esquivel\u00a0(Patito Feo),\u00a0Mercedes Mor\u00e1n\u00a0(Diarios de Motocicleta, El Reino),\u00a0Pepe Monje\u00a0(Amor en Custodia) y\u00a0Peter Lanzani\u00a0(El Clan, El Reino), entre otros actores<\/p>\n<p>Producida por BTF Media, en coproducci\u00f3n con Dhana Media y Latin We, la serie biogr\u00e1fica fue grabada en locaciones de Argentina, Espa\u00f1a, Italia, Uruguay y M\u00e9xico y cuenta con 10 episodios de una hora, que intentan plasmar los momentos claves de la vida del jugador.<\/p>\n<p><iframe loading=\"lazy\" width=\"560\" height=\"315\" src=\"https:\/\/www.youtube.com\/embed\/P2ffSrEQfNM\" title=\"YouTube video player\" frameborder=\"0\" allow=\"accelerometer; autoplay; clipboard-write; encrypted-media; gyroscope; picture-in-picture\" allowfullscreen><\/iframe><\/p>\n","protected":false},"excerpt":{"rendered":"<p>La pol\u00e9mica producci\u00f3n de Amazon Original autorizada por el Diez estar\u00e1 disponible a partir del pr\u00f3ximo 29 de octubre. La expectativa era mucha. Finalmente, se supo que el pr\u00f3ximo\u00a029 de octubre\u00a0se estrenar\u00e1\u00a0Maradona: Sue\u00f1o Bendito, la serie biogr\u00e1fica producida por Amazon Original que narra la vida de\u00a0Diego Armando Maradona. Y, este domingo, se dio a conocer [&hellip;]<\/p>\n","protected":false},"author":1,"featured_media":91668,"comment_status":"closed","ping_status":"closed","sticky":false,"template":"","format":"standard","meta":{"_seopress_robots_primary_cat":"","_seopress_titles_title":"","_seopress_titles_desc":"","_seopress_robots_index":"","footnotes":""},"categories":[3],"tags":[33567,33287,33566,33565],"class_list":{"0":"post-91667","1":"post","2":"type-post","3":"status-publish","4":"format-standard","5":"has-post-thumbnail","7":"category-cine-y-series","8":"tag-la-serie-biografica-de-diego","9":"tag-maradona-sueno-bendito","10":"tag-trailer-de-maradona-sueno-bendito","11":"tag-trailer-oficial-de-maradona-sueno-bendito"},"_links":{"self":[{"href":"https:\/\/www.cordobatimes.com\/showup\/wp-json\/wp\/v2\/posts\/91667","targetHints":{"allow":["GET"]}}],"collection":[{"href":"https:\/\/www.cordobatimes.com\/showup\/wp-json\/wp\/v2\/posts"}],"about":[{"href":"https:\/\/www.cordobatimes.com\/showup\/wp-json\/wp\/v2\/types\/post"}],"author":[{"embeddable":true,"href":"https:\/\/www.cordobatimes.com\/showup\/wp-json\/wp\/v2\/users\/1"}],"replies":[{"embeddable":true,"href":"https:\/\/www.cordobatimes.com\/showup\/wp-json\/wp\/v2\/comments?post=91667"}],"version-history":[{"count":0,"href":"https:\/\/www.cordobatimes.com\/showup\/wp-json\/wp\/v2\/posts\/91667\/revisions"}],"wp:featuredmedia":[{"embeddable":true,"href":"https:\/\/www.cordobatimes.com\/showup\/wp-json\/wp\/v2\/media\/91668"}],"wp:attachment":[{"href":"https:\/\/www.cordobatimes.com\/showup\/wp-json\/wp\/v2\/media?parent=91667"}],"wp:term":[{"taxonomy":"category","embeddable":true,"href":"https:\/\/www.cordobatimes.com\/showup\/wp-json\/wp\/v2\/categories?post=91667"},{"taxonomy":"post_tag","embeddable":true,"href":"https:\/\/www.cordobatimes.com\/showup\/wp-json\/wp\/v2\/tags?post=91667"}],"curies":[{"name":"wp","href":"https:\/\/api.w.org\/{rel}","templated":true}]}}