{"id":91604,"date":"2021-10-07T18:01:48","date_gmt":"2021-10-07T21:01:48","guid":{"rendered":"https:\/\/www.cordobatimes.com\/showup\/?p=91604"},"modified":"2021-10-07T18:01:48","modified_gmt":"2021-10-07T21:01:48","slug":"flor-vigna-y-luciano-castro-dieron-detalles-de-su-romance","status":"publish","type":"post","link":"https:\/\/www.cordobatimes.com\/showup\/famosos\/2021\/10\/07\/flor-vigna-y-luciano-castro-dieron-detalles-de-su-romance\/","title":{"rendered":"Flor Vigna y Luciano Castro dieron detalles de su romance"},"content":{"rendered":"<h3><strong>La flamante pareja se dej\u00f3 fotografiar en la puerta del gimnasio en el que se conocieron.<\/strong><\/h3>\n<p>Tan s\u00f3lo 48 horas despu\u00e9s de que trascendiera que estaban en pareja,\u00a0Luciano Castro\u00a0(46) y\u00a0Flor Vigna\u00a0(27) se mostraron juntos por primera vez ante los fot\u00f3grafos. Fue en la entrada al gimnasio al que van ambos\u00a0y donde comenz\u00f3 el romance, dos meses atr\u00e1s.<\/p>\n<p>La flamante pareja lleg\u00f3 al lugar, ubicado en la zona Norte del Gran Buenos Aires, alrededor de las 8.45. Y, al ver a los\u00a0paparazzi, no se escondieron. Es m\u00e1s:\u00a0bajaron de la camioneta abrazados y sonrientes. Seg\u00fan testigos, se los vio \u00abmuy bien y relajados\u00bb.<br \/>\n<img alt=\"\" loading=\"lazy\" decoding=\"async\" class=\"alignnone wp-image-91606 size-full\" src=\"https:\/\/www.cordobatimes.com\/showup\/wp-content\/uploads\/2021\/10\/01.jpg\" alt=\"\" width=\"496\" height=\"730\" srcset=\"https:\/\/www.cordobatimes.com\/showup\/wp-content\/uploads\/2021\/10\/01.jpg 496w, https:\/\/www.cordobatimes.com\/showup\/wp-content\/uploads\/2021\/10\/01-285x420.jpg 285w\" sizes=\"auto, (max-width: 496px) 100vw, 496px\" \/><\/p>\n<p><img alt=\"\" loading=\"lazy\" decoding=\"async\" class=\"alignnone wp-image-91607 size-full\" src=\"https:\/\/www.cordobatimes.com\/showup\/wp-content\/uploads\/2021\/10\/02.jpg\" alt=\"\" width=\"544\" height=\"731\" srcset=\"https:\/\/www.cordobatimes.com\/showup\/wp-content\/uploads\/2021\/10\/02.jpg 544w, https:\/\/www.cordobatimes.com\/showup\/wp-content\/uploads\/2021\/10\/02-313x420.jpg 313w\" sizes=\"auto, (max-width: 544px) 100vw, 544px\" \/><\/p>\n<p><iframe loading=\"lazy\" title=\"YouTube video player\" src=\"https:\/\/www.youtube.com\/embed\/lry9QSrKekA\" width=\"560\" height=\"315\" frameborder=\"0\" allowfullscreen=\"allowfullscreen\"><\/iframe><\/p>\n<p><iframe loading=\"lazy\" width=\"560\" height=\"315\" src=\"https:\/\/www.youtube.com\/embed\/YdaXjFbiyhM\" title=\"YouTube video player\" frameborder=\"0\" allow=\"accelerometer; autoplay; clipboard-write; encrypted-media; gyroscope; picture-in-picture\" allowfullscreen><\/iframe><\/p>\n","protected":false},"excerpt":{"rendered":"<p>La flamante pareja se dej\u00f3 fotografiar en la puerta del gimnasio en el que se conocieron. Tan s\u00f3lo 48 horas despu\u00e9s de que trascendiera que estaban en pareja,\u00a0Luciano Castro\u00a0(46) y\u00a0Flor Vigna\u00a0(27) se mostraron juntos por primera vez ante los fot\u00f3grafos. Fue en la entrada al gimnasio al que van ambos\u00a0y donde comenz\u00f3 el romance, dos [&hellip;]<\/p>\n","protected":false},"author":1,"featured_media":91605,"comment_status":"closed","ping_status":"closed","sticky":false,"template":"","format":"standard","meta":{"_seopress_robots_primary_cat":"","_seopress_titles_title":"","_seopress_titles_desc":"","_seopress_robots_index":"","footnotes":""},"categories":[4],"tags":[33543,33545,33544],"class_list":{"0":"post-91604","1":"post","2":"type-post","3":"status-publish","4":"format-standard","5":"has-post-thumbnail","7":"category-famosos","8":"tag-flor-vigna-y-luciano-castro","9":"tag-flor-vigna-y-luciano-castro-romance","10":"tag-romance-de-flor-vigna-y-luciano-castro"},"_links":{"self":[{"href":"https:\/\/www.cordobatimes.com\/showup\/wp-json\/wp\/v2\/posts\/91604","targetHints":{"allow":["GET"]}}],"collection":[{"href":"https:\/\/www.cordobatimes.com\/showup\/wp-json\/wp\/v2\/posts"}],"about":[{"href":"https:\/\/www.cordobatimes.com\/showup\/wp-json\/wp\/v2\/types\/post"}],"author":[{"embeddable":true,"href":"https:\/\/www.cordobatimes.com\/showup\/wp-json\/wp\/v2\/users\/1"}],"replies":[{"embeddable":true,"href":"https:\/\/www.cordobatimes.com\/showup\/wp-json\/wp\/v2\/comments?post=91604"}],"version-history":[{"count":0,"href":"https:\/\/www.cordobatimes.com\/showup\/wp-json\/wp\/v2\/posts\/91604\/revisions"}],"wp:featuredmedia":[{"embeddable":true,"href":"https:\/\/www.cordobatimes.com\/showup\/wp-json\/wp\/v2\/media\/91605"}],"wp:attachment":[{"href":"https:\/\/www.cordobatimes.com\/showup\/wp-json\/wp\/v2\/media?parent=91604"}],"wp:term":[{"taxonomy":"category","embeddable":true,"href":"https:\/\/www.cordobatimes.com\/showup\/wp-json\/wp\/v2\/categories?post=91604"},{"taxonomy":"post_tag","embeddable":true,"href":"https:\/\/www.cordobatimes.com\/showup\/wp-json\/wp\/v2\/tags?post=91604"}],"curies":[{"name":"wp","href":"https:\/\/api.w.org\/{rel}","templated":true}]}}