{"id":91581,"date":"2021-10-07T10:17:42","date_gmt":"2021-10-07T13:17:42","guid":{"rendered":"https:\/\/www.cordobatimes.com\/showup\/?p=91581"},"modified":"2021-10-07T10:23:12","modified_gmt":"2021-10-07T13:23:12","slug":"premios-martin-fierro-en-que-canal-se-llevara-adelante-la-transmision-cual-es-el-lugar-elegido","status":"publish","type":"post","link":"https:\/\/www.cordobatimes.com\/showup\/tv\/2021\/10\/07\/premios-martin-fierro-en-que-canal-se-llevara-adelante-la-transmision-cual-es-el-lugar-elegido\/","title":{"rendered":"Premios Mart\u00edn Fierro: En qu\u00e9 canal se llevar\u00e1 adelante la transmisi\u00f3n cual es el lugar elegido"},"content":{"rendered":"<h3>\u00a0<strong>El presidente de APTRA adelant\u00f3 cu\u00e1l ser\u00e1 la sede de la fiesta donde se premiar\u00e1 lo mejor de la televisi\u00f3n abierta, y qu\u00e9 se\u00f1al transmitir\u00e1 la gala. Solo falta coordinar la fecha de la entrega<\/strong><\/h3>\n<p>Tras una espera de casi un a\u00f1o y medio, marcada por la incertidumbre en medio de la pandemia de coronavirus, Luis Ventura confirm\u00f3 el lugar donde se realizar\u00e1 la entrega de premios Mart\u00edn Fierro para distinguir a lo mejor de la televisi\u00f3n abierta argentina. El presidente de APTRA (Asociaci\u00f3n de Periodistas de la Televisi\u00f3n y la Radiofon\u00eda Argentina) cont\u00f3 que barajaron diferentes posibilidades para la ceremonia, analizaron los protocolos sanitarios vigentes y decidieron que el m\u00edtico estadio Luna Park ser\u00e1 la sede de la ceremonia este a\u00f1o.<\/p>\n<p>El periodista asegur\u00f3 que\u00a0la modalidad ser\u00e1 presencial, con alfombra roja adaptada a las medidas de cuidado en torno al Covid-19. En este sentido, anticip\u00f3 que se armar\u00e1n mesas de seis, y aunque el estadio tiene capacidad para 4000 personas en cada recital, en este formato ser\u00e1n\u00a0600 los invitados. En cuanto al canal de televisi\u00f3n que transmitir\u00e1 el evento cont\u00f3 que\u00a0ser\u00e1 El Trece el encargado de emitir la gala, pero todav\u00eda resta saber qui\u00e9nes estar\u00e1n al frente de la conducci\u00f3n.<\/p>\n<p>Lo mismo ocurre con la fecha, que seg\u00fan detall\u00f3 Ventura todav\u00eda no se defini\u00f3,\u00a0y tomar\u00e1n la decisi\u00f3n definitiva en los pr\u00f3ximos d\u00edas. Posiblemente las ternas se basen en las producciones de 2019 y 2020 emitidas en televisi\u00f3n abierta, aunque en un comienzo consideraron dividir la entrega en dos ceremonias, para no mezclar los contenidos de dos a\u00f1os distintos.<\/p>\n","protected":false},"excerpt":{"rendered":"<p>\u00a0El presidente de APTRA adelant\u00f3 cu\u00e1l ser\u00e1 la sede de la fiesta donde se premiar\u00e1 lo mejor de la televisi\u00f3n abierta, y qu\u00e9 se\u00f1al transmitir\u00e1 la gala. Solo falta coordinar la fecha de la entrega Tras una espera de casi un a\u00f1o y medio, marcada por la incertidumbre en medio de la pandemia de coronavirus, [&hellip;]<\/p>\n","protected":false},"author":1,"featured_media":91583,"comment_status":"closed","ping_status":"closed","sticky":false,"template":"","format":"standard","meta":{"_seopress_robots_primary_cat":"","_seopress_titles_title":"","_seopress_titles_desc":"","_seopress_robots_index":"","footnotes":""},"categories":[2],"tags":[852,33539],"class_list":{"0":"post-91581","1":"post","2":"type-post","3":"status-publish","4":"format-standard","5":"has-post-thumbnail","7":"category-tv","8":"tag-premios-martin-fierro","9":"tag-premios-martin-fierro-2021"},"_links":{"self":[{"href":"https:\/\/www.cordobatimes.com\/showup\/wp-json\/wp\/v2\/posts\/91581","targetHints":{"allow":["GET"]}}],"collection":[{"href":"https:\/\/www.cordobatimes.com\/showup\/wp-json\/wp\/v2\/posts"}],"about":[{"href":"https:\/\/www.cordobatimes.com\/showup\/wp-json\/wp\/v2\/types\/post"}],"author":[{"embeddable":true,"href":"https:\/\/www.cordobatimes.com\/showup\/wp-json\/wp\/v2\/users\/1"}],"replies":[{"embeddable":true,"href":"https:\/\/www.cordobatimes.com\/showup\/wp-json\/wp\/v2\/comments?post=91581"}],"version-history":[{"count":0,"href":"https:\/\/www.cordobatimes.com\/showup\/wp-json\/wp\/v2\/posts\/91581\/revisions"}],"wp:featuredmedia":[{"embeddable":true,"href":"https:\/\/www.cordobatimes.com\/showup\/wp-json\/wp\/v2\/media\/91583"}],"wp:attachment":[{"href":"https:\/\/www.cordobatimes.com\/showup\/wp-json\/wp\/v2\/media?parent=91581"}],"wp:term":[{"taxonomy":"category","embeddable":true,"href":"https:\/\/www.cordobatimes.com\/showup\/wp-json\/wp\/v2\/categories?post=91581"},{"taxonomy":"post_tag","embeddable":true,"href":"https:\/\/www.cordobatimes.com\/showup\/wp-json\/wp\/v2\/tags?post=91581"}],"curies":[{"name":"wp","href":"https:\/\/api.w.org\/{rel}","templated":true}]}}