{"id":91496,"date":"2021-10-04T09:50:06","date_gmt":"2021-10-04T12:50:06","guid":{"rendered":"https:\/\/www.cordobatimes.com\/showup\/?p=91496"},"modified":"2021-10-04T09:50:06","modified_gmt":"2021-10-04T12:50:06","slug":"nuevo-parte-medico-sobre-la-salud-de-mirtha-legrand-2","status":"publish","type":"post","link":"https:\/\/www.cordobatimes.com\/showup\/famosos\/2021\/10\/04\/nuevo-parte-medico-sobre-la-salud-de-mirtha-legrand-2\/","title":{"rendered":"Nuevo parte m\u00e9dico sobre la salud de Mirtha Legrand"},"content":{"rendered":"<h3><strong>La diva se encuentra internada en el sanatorio Mater Dei despu\u00e9s de haber sido sometida a una intervenci\u00f3n en la que le colocaron dos stents.<\/strong><\/h3>\n<p>Desde el sanatorio Mater Dei, donde permanece internada Mirtha Legrand (94), emitieron un nuevo parte m\u00e9dico, en el que indican que la diva \u201ccontin\u00faa en franca mejor\u00eda\u201d.<\/p>\n<p>\u201cLa Sra. Mirtha Legrand contin\u00faa evolucionando favorablemente y permanece bajo monitoreo hasta su completa recuperaci\u00f3n\u201d, precisa el cuarto parte m\u00e9dico, firmado por Roberto Dupuy de L\u00f4me, director de la instituci\u00f3n.<\/p>\n<p>El escrito contin\u00faa:\u00a0\u201cAgradeciendo todas las muestras de respeto y cari\u00f1o hacia Mirtha y su familia. Ma\u00f1ana a las 11 horas. emitiremos un nuevo parte m\u00e9dico\u201d.<\/p>\n<p><img alt=\"\" loading=\"lazy\" decoding=\"async\" class=\"alignnone size-medium wp-image-91498\" src=\"https:\/\/www.cordobatimes.com\/showup\/wp-content\/uploads\/2021\/10\/parte-medico-de-mirtha-domingo-3-de-octubre-745x420.jpg\" alt=\"\" width=\"745\" height=\"420\" srcset=\"https:\/\/www.cordobatimes.com\/showup\/wp-content\/uploads\/2021\/10\/parte-medico-de-mirtha-domingo-3-de-octubre-745x420.jpg 745w, https:\/\/www.cordobatimes.com\/showup\/wp-content\/uploads\/2021\/10\/parte-medico-de-mirtha-domingo-3-de-octubre-768x433.jpg 768w, https:\/\/www.cordobatimes.com\/showup\/wp-content\/uploads\/2021\/10\/parte-medico-de-mirtha-domingo-3-de-octubre-696x392.jpg 696w, https:\/\/www.cordobatimes.com\/showup\/wp-content\/uploads\/2021\/10\/parte-medico-de-mirtha-domingo-3-de-octubre.jpg 926w\" sizes=\"auto, (max-width: 745px) 100vw, 745px\" \/><\/p>\n","protected":false},"excerpt":{"rendered":"<p>La diva se encuentra internada en el sanatorio Mater Dei despu\u00e9s de haber sido sometida a una intervenci\u00f3n en la que le colocaron dos stents. Desde el sanatorio Mater Dei, donde permanece internada Mirtha Legrand (94), emitieron un nuevo parte m\u00e9dico, en el que indican que la diva \u201ccontin\u00faa en franca mejor\u00eda\u201d. \u201cLa Sra. Mirtha [&hellip;]<\/p>\n","protected":false},"author":1,"featured_media":91497,"comment_status":"closed","ping_status":"closed","sticky":false,"template":"","format":"standard","meta":{"_seopress_robots_primary_cat":"","_seopress_titles_title":"","_seopress_titles_desc":"","_seopress_robots_index":"","footnotes":""},"categories":[4],"tags":[33491,33492],"class_list":{"0":"post-91496","1":"post","2":"type-post","3":"status-publish","4":"format-standard","5":"has-post-thumbnail","7":"category-famosos","8":"tag-parte-medico-sobre-la-salud-de-mirtha-legrand","9":"tag-salud-de-mirtha-legrand"},"_links":{"self":[{"href":"https:\/\/www.cordobatimes.com\/showup\/wp-json\/wp\/v2\/posts\/91496","targetHints":{"allow":["GET"]}}],"collection":[{"href":"https:\/\/www.cordobatimes.com\/showup\/wp-json\/wp\/v2\/posts"}],"about":[{"href":"https:\/\/www.cordobatimes.com\/showup\/wp-json\/wp\/v2\/types\/post"}],"author":[{"embeddable":true,"href":"https:\/\/www.cordobatimes.com\/showup\/wp-json\/wp\/v2\/users\/1"}],"replies":[{"embeddable":true,"href":"https:\/\/www.cordobatimes.com\/showup\/wp-json\/wp\/v2\/comments?post=91496"}],"version-history":[{"count":0,"href":"https:\/\/www.cordobatimes.com\/showup\/wp-json\/wp\/v2\/posts\/91496\/revisions"}],"wp:featuredmedia":[{"embeddable":true,"href":"https:\/\/www.cordobatimes.com\/showup\/wp-json\/wp\/v2\/media\/91497"}],"wp:attachment":[{"href":"https:\/\/www.cordobatimes.com\/showup\/wp-json\/wp\/v2\/media?parent=91496"}],"wp:term":[{"taxonomy":"category","embeddable":true,"href":"https:\/\/www.cordobatimes.com\/showup\/wp-json\/wp\/v2\/categories?post=91496"},{"taxonomy":"post_tag","embeddable":true,"href":"https:\/\/www.cordobatimes.com\/showup\/wp-json\/wp\/v2\/tags?post=91496"}],"curies":[{"name":"wp","href":"https:\/\/api.w.org\/{rel}","templated":true}]}}