{"id":91486,"date":"2021-10-02T09:40:50","date_gmt":"2021-10-02T12:40:50","guid":{"rendered":"https:\/\/www.cordobatimes.com\/showup\/?p=91486"},"modified":"2021-10-02T09:40:50","modified_gmt":"2021-10-02T12:40:50","slug":"el-indio-solari-publico-temas-ineditos-de-los-redondos","status":"publish","type":"post","link":"https:\/\/www.cordobatimes.com\/showup\/musica\/2021\/10\/02\/el-indio-solari-publico-temas-ineditos-de-los-redondos\/","title":{"rendered":"El Indio Solari public\u00f3 temas in\u00e9ditos de Los Redondos"},"content":{"rendered":"<h3><strong>Se trata de Rock de las abejas y Quema el cielo, grabados en las sesiones del disco Luzbelito pero que no se incluyeron en el \u00e1lbum.<\/strong><\/h3>\n<p>Desde hace algunos a\u00f1os,\u00a0Carlos\u00a0Indio\u00a0Solari\u00a0decidi\u00f3 que el canal de comunicaci\u00f3n con sus seguidores ser\u00edan sus propias redes sociales y aunque sigue guardando el bajo perfil que lo caracteriza, siempre es noticia. Ya sea por el anuncio de un nuevo show, alguna postal del recuerdo, sus opiniones pol\u00edticas o una causa solidaria. Su p\u00fablico, los nost\u00e1lgicos\u00a0ricoteros, lo saben y siempre est\u00e1n alertas a cada movimiento de su cuenta en\u00a0Instagram, que cuenta con casi 600 mil seguidores.<\/p>\n<p>Pero este viernes, el cantante sorprendi\u00f3 a todos cuando public\u00f3 dos temas in\u00e9ditos de la banda Patricio Rey y sus Redonditos de Ricota, grabados en las sesiones del disco Luzbelito, editado en 1996, que hab\u00edan quedado afuera del \u00e1lbum. Para tal ceremonia virtual, primero anunci\u00f3 la publicaci\u00f3n en sus redes y luego subi\u00f3 las dos canciones in\u00e9ditas a su canal oficial de YouTube.<\/p>\n<p><iframe loading=\"lazy\" title=\"YouTube video player\" src=\"https:\/\/www.youtube.com\/embed\/6UgTWj3IEwQ\" width=\"560\" height=\"315\" frameborder=\"0\" allowfullscreen=\"allowfullscreen\"><\/iframe><\/p>\n<p><iframe loading=\"lazy\" title=\"YouTube video player\" src=\"https:\/\/www.youtube.com\/embed\/tdv9i32BNGk\" width=\"560\" height=\"315\" frameborder=\"0\" allowfullscreen=\"allowfullscreen\"><\/iframe><\/p>\n","protected":false},"excerpt":{"rendered":"<p>Se trata de Rock de las abejas y Quema el cielo, grabados en las sesiones del disco Luzbelito pero que no se incluyeron en el \u00e1lbum. Desde hace algunos a\u00f1os,\u00a0Carlos\u00a0Indio\u00a0Solari\u00a0decidi\u00f3 que el canal de comunicaci\u00f3n con sus seguidores ser\u00edan sus propias redes sociales y aunque sigue guardando el bajo perfil que lo caracteriza, siempre es [&hellip;]<\/p>\n","protected":false},"author":1,"featured_media":91487,"comment_status":"closed","ping_status":"closed","sticky":false,"template":"","format":"standard","meta":{"_seopress_robots_primary_cat":"","_seopress_titles_title":"","_seopress_titles_desc":"","_seopress_robots_index":"","footnotes":""},"categories":[5],"tags":[33498,33497,33496,33495],"class_list":{"0":"post-91486","1":"post","2":"type-post","3":"status-publish","4":"format-standard","5":"has-post-thumbnail","7":"category-musica","8":"tag-quema-el-cielo","9":"tag-rock-de-las-abejas","10":"tag-rock-de-las-abejas-y-quema-el-cielo","11":"tag-temas-ineditos-de-los-redondos"},"_links":{"self":[{"href":"https:\/\/www.cordobatimes.com\/showup\/wp-json\/wp\/v2\/posts\/91486","targetHints":{"allow":["GET"]}}],"collection":[{"href":"https:\/\/www.cordobatimes.com\/showup\/wp-json\/wp\/v2\/posts"}],"about":[{"href":"https:\/\/www.cordobatimes.com\/showup\/wp-json\/wp\/v2\/types\/post"}],"author":[{"embeddable":true,"href":"https:\/\/www.cordobatimes.com\/showup\/wp-json\/wp\/v2\/users\/1"}],"replies":[{"embeddable":true,"href":"https:\/\/www.cordobatimes.com\/showup\/wp-json\/wp\/v2\/comments?post=91486"}],"version-history":[{"count":0,"href":"https:\/\/www.cordobatimes.com\/showup\/wp-json\/wp\/v2\/posts\/91486\/revisions"}],"wp:featuredmedia":[{"embeddable":true,"href":"https:\/\/www.cordobatimes.com\/showup\/wp-json\/wp\/v2\/media\/91487"}],"wp:attachment":[{"href":"https:\/\/www.cordobatimes.com\/showup\/wp-json\/wp\/v2\/media?parent=91486"}],"wp:term":[{"taxonomy":"category","embeddable":true,"href":"https:\/\/www.cordobatimes.com\/showup\/wp-json\/wp\/v2\/categories?post=91486"},{"taxonomy":"post_tag","embeddable":true,"href":"https:\/\/www.cordobatimes.com\/showup\/wp-json\/wp\/v2\/tags?post=91486"}],"curies":[{"name":"wp","href":"https:\/\/api.w.org\/{rel}","templated":true}]}}