{"id":91479,"date":"2021-10-01T11:48:32","date_gmt":"2021-10-01T14:48:32","guid":{"rendered":"https:\/\/www.cordobatimes.com\/showup\/?p=91479"},"modified":"2021-10-01T11:48:32","modified_gmt":"2021-10-01T14:48:32","slug":"nuevo-parte-medico-sobre-la-salud-de-mirtha-legrand","status":"publish","type":"post","link":"https:\/\/www.cordobatimes.com\/showup\/famosos\/2021\/10\/01\/nuevo-parte-medico-sobre-la-salud-de-mirtha-legrand\/","title":{"rendered":"Nuevo parte m\u00e9dico sobre la salud de Mirtha Legrand"},"content":{"rendered":"<h3><strong>El Sanatorio Mater Dei brind\u00f3 un comunicado sobre la conductora, que se encuentra internada en unidad coronaria luego de que le colocaran dos stents<\/strong><\/h3>\n<p>El Sanatorio Mater Dei brind\u00f3 un comunicado sobre la salud de\u00a0Mirtha Legrand, quien se encuentra internada en unidad coronaria luego de haber recibido dos stents el jueves por la tarde.<\/p>\n<p>\u201cLa se\u00f1ora Legrand ha tenido una evoluci\u00f3n favorable al tratamiento realizado, tal lo previsto continuar\u00e1 internada en la unidad coronaria. En compa\u00f1\u00eda de su familia, se encuentra muy agradecida con todos por el respeto y las muertas de cari\u00f1o\u201d, reza el comunicado firmado por Roberto Dupuy de L\u00f4me, director del centro m\u00e9dico.<\/p>\n<p>Por su parte, en el escrito se detalla que s\u00e1bado, a las 11 de la ma\u00f1ana emitir\u00e1n un nuevo parte m\u00e9dico sobre la evoluci\u00f3n de la diva.<\/p>\n<p><img alt=\"\" loading=\"lazy\" decoding=\"async\" class=\"alignnone wp-image-91482 size-full\" src=\"https:\/\/www.cordobatimes.com\/showup\/wp-content\/uploads\/2021\/10\/Nombre6545.jpg\" alt=\"\" width=\"493\" height=\"643\" srcset=\"https:\/\/www.cordobatimes.com\/showup\/wp-content\/uploads\/2021\/10\/Nombre6545.jpg 493w, https:\/\/www.cordobatimes.com\/showup\/wp-content\/uploads\/2021\/10\/Nombre6545-322x420.jpg 322w\" sizes=\"auto, (max-width: 493px) 100vw, 493px\" \/><\/p>\n","protected":false},"excerpt":{"rendered":"<p>El Sanatorio Mater Dei brind\u00f3 un comunicado sobre la conductora, que se encuentra internada en unidad coronaria luego de que le colocaran dos stents El Sanatorio Mater Dei brind\u00f3 un comunicado sobre la salud de\u00a0Mirtha Legrand, quien se encuentra internada en unidad coronaria luego de haber recibido dos stents el jueves por la tarde. \u201cLa [&hellip;]<\/p>\n","protected":false},"author":1,"featured_media":91481,"comment_status":"closed","ping_status":"closed","sticky":false,"template":"","format":"standard","meta":{"_seopress_robots_primary_cat":"","_seopress_titles_title":"","_seopress_titles_desc":"","_seopress_robots_index":"","footnotes":""},"categories":[4],"tags":[33491,33492],"class_list":{"0":"post-91479","1":"post","2":"type-post","3":"status-publish","4":"format-standard","5":"has-post-thumbnail","7":"category-famosos","8":"tag-parte-medico-sobre-la-salud-de-mirtha-legrand","9":"tag-salud-de-mirtha-legrand"},"_links":{"self":[{"href":"https:\/\/www.cordobatimes.com\/showup\/wp-json\/wp\/v2\/posts\/91479","targetHints":{"allow":["GET"]}}],"collection":[{"href":"https:\/\/www.cordobatimes.com\/showup\/wp-json\/wp\/v2\/posts"}],"about":[{"href":"https:\/\/www.cordobatimes.com\/showup\/wp-json\/wp\/v2\/types\/post"}],"author":[{"embeddable":true,"href":"https:\/\/www.cordobatimes.com\/showup\/wp-json\/wp\/v2\/users\/1"}],"replies":[{"embeddable":true,"href":"https:\/\/www.cordobatimes.com\/showup\/wp-json\/wp\/v2\/comments?post=91479"}],"version-history":[{"count":0,"href":"https:\/\/www.cordobatimes.com\/showup\/wp-json\/wp\/v2\/posts\/91479\/revisions"}],"wp:featuredmedia":[{"embeddable":true,"href":"https:\/\/www.cordobatimes.com\/showup\/wp-json\/wp\/v2\/media\/91481"}],"wp:attachment":[{"href":"https:\/\/www.cordobatimes.com\/showup\/wp-json\/wp\/v2\/media?parent=91479"}],"wp:term":[{"taxonomy":"category","embeddable":true,"href":"https:\/\/www.cordobatimes.com\/showup\/wp-json\/wp\/v2\/categories?post=91479"},{"taxonomy":"post_tag","embeddable":true,"href":"https:\/\/www.cordobatimes.com\/showup\/wp-json\/wp\/v2\/tags?post=91479"}],"curies":[{"name":"wp","href":"https:\/\/api.w.org\/{rel}","templated":true}]}}