{"id":91438,"date":"2021-09-28T12:30:29","date_gmt":"2021-09-28T15:30:29","guid":{"rendered":"https:\/\/www.cordobatimes.com\/showup\/?p=91438"},"modified":"2021-09-28T12:30:29","modified_gmt":"2021-09-28T15:30:29","slug":"comienza-la-semana-de-la-moda-en-paris","status":"publish","type":"post","link":"https:\/\/www.cordobatimes.com\/showup\/moda-y-estilos\/2021\/09\/28\/comienza-la-semana-de-la-moda-en-paris\/","title":{"rendered":"Comienza la semana de la moda en Par\u00eds"},"content":{"rendered":"<h3><strong>Chanel, Dior, Vuitton, Saint Laurent y Herm\u00e9s ser\u00e1n de la partida. Habr\u00e1 desfiles y muestras en museos.<\/strong><\/h3>\n<p>El espect\u00e1culo de las pasarelas vuelve a la\u00a0Semana de la Moda de Par\u00eds, tras las citas de Nueva York,\u00a0Londres\u00a0y\u00a0Mil\u00e1n,\u00a0con una treintena de desfiles y eventos. \u201cTodas las grandes firmas est\u00e1n presentes, salvo algunas excepciones. Hay nuevas marcas, se notan las ganas de lo f\u00edsico, del show\u201d, tras meses de confinamiento y restricciones, explic\u00f3 a la AFP el presidente ejecutivo de la Federaci\u00f3n de la Alta Costura y de la Moda,\u00a0Pascal Morand.<\/p>\n<p>No es un restablecimiento total: de las 97 grandes firmas inscritas en el calendario oficial, entre el 27 de septiembre y el 5 de octubre, solamente un tercio invita al p\u00fablico a sus desfiles. Y los asistentes deber\u00e1n mostrar su\u00a0pasaporte sanitario en regla.<\/p>\n<h3 class=\"font--primary\"><strong>El regreso de Saint Laurent<\/strong><\/h3>\n<p class=\"paragraph\"><b>Saint Laurent<\/b>, la primera gran firma que abandon\u00f3 el calendario oficial durante la crisis del covid-19, para mostrar su disconformidad contra el frenes\u00ed de las semanas de la moda,\u00a0<b>vuelve en su horario habitual del martes, con un desfile. Dior, Chanel, Herm\u00e8s, Louis Vuitton<\/b>\u00a0tambi\u00e9n optan por shows presenciales, como Givenchy, que presentar\u00e1 el primer desfile de su flamante director art\u00edstico,\u00a0<b>Matthew Williams<\/b>. El estadounidense aporta un toque canalla, con cadenas y candados, a la hist\u00f3rica marca francesa, encarnaci\u00f3n del chic aristocr\u00e1tico.<\/p>\n<p>Otros creadores, como la francesa Marine Serre, prefieren la presentaci\u00f3n en l\u00ednea, como el belga\u00a0Dries Van Noten. Durante el confinamiento ambos estilistas lanzaron un manifiesto, secundado por centenares de peque\u00f1as marcas, en favor de una\u00a0moda m\u00e1s ecorresponsable. \u201cEsta dualidad de lo f\u00edsico y lo virtual se quedar\u00e1.\u00a0Lo digital no era una moda. Enriquece a la Semana de la Moda\u201d, estima Pascal Morand.<\/p>\n<p class=\"paragraph\">Muchas firmas multiplican los proyectos en relaci\u00f3n con el mundo digital, como Balenciaga, que acaba de anunciar una asociaci\u00f3n con la plataforma de juegos en l\u00ednea Fortnite.\u00a0En ese juego, muy popular entre los m\u00e1s j\u00f3venes, aparecer\u00e1n vestidos, mochilas y zapatillas de deporte de la l\u00ednea Triple de Balenciaga, que tambi\u00e9n sacar\u00e1 una edici\u00f3n limitada de productos \u201cf\u00edsicos\u201d.<\/p>\n<h3 class=\"font--primary\"><strong>Los ausentes en la Semana de la Moda de Par\u00eds<\/strong><\/h3>\n<p class=\"paragraph\">Entre los grandes ausentes est\u00e1n Celine, dirigida por el creador Hedi Slimane, quien considera las semanas de la moda obsoletas, y\u00a0<b>Stella McCartney<\/b>, firma del gigante del lujo LVMH. Off-White, marca del estadounidense Virgil Abloh, que tambi\u00e9n se encarga de las colecciones masculinas de Louis Vuitton, abandon\u00f3 el calendario hace varias temporadas. \u201cEs muy minoritario y puede corresponder a deseos muy particulares de los creadores\u201d, opina Pascal Morand.<\/p>\n<h3 class=\"font--primary\"><strong>Que m\u00e1s suceder\u00e1 en Par\u00eds<\/strong><\/h3>\n<p class=\"paragraph\">Un\u00a0<b>desfile homenaje al israelo-estadounidense Alber Elbaz,<\/b>\u00a0director art\u00edstico de Lanvin, fallecido a causa del covid-19 en abril, cerrar\u00e1 el evento parisino.<\/p>\n<p>El espect\u00e1culo no solamente se producir\u00e1 en las pasarelas de Par\u00eds. El Museo de las Artes Decorativas (MAD) inaugura a partir del 30 de septiembre una\u00a0<b>exposici\u00f3n dedicada a Thierry Mugler, el pionero del desfile espect\u00e1culo. Jean Paul Gaultier<\/b>, que abandon\u00f3 la moda en 2020, presenta a partir del 6 de octubre una exposici\u00f3n en la Cinemateca de Par\u00eds en la que har\u00e1 \u201cdesfilar\u201d vestidos de pel\u00edculas que marcaron al mundo de la moda. Y el Palacio Galliera, museo de la moda, celebra los\u00a0<b>100 a\u00f1os de la revista Vogue Par\u00eds\u00a0<\/b>con una gala inaugural el 2 de octubre.<\/p>\n<h3><strong>Un dise\u00f1ador nigeriano apadrinado por Naomi Campbell debut\u00f3 en la Semana de la Moda de Par\u00eds<\/strong><\/h3>\n<p>La\u00a0Semana de la Moda de Par\u00eds\u00a0abri\u00f3 sus puertas ayer con el desfile del nigeriano\u00a0Kenneth Ize\u00a0para presentar las colecciones primavera-verano, ante un p\u00fablico que llevaba mascarilla y con control sanitario en la entrada. \u201cEsto es un nuevo despertar para m\u00ed\u201d, declar\u00f3 Ize a la AFP en el\u00a0Palacio de Tokio, cuartel general de la moda esta semana en la capital francesa.<\/p>\n<p>Apadrinado por la modelo\u00a0Naomi Campbell, Ize ide\u00f3 un desfile en el que el verde, el fucsia, el azul turquesa inspiran frescura y juventud, bajo los acordes de jazz de un saxofonista. Sus vestidos est\u00e1n\u00a0adornados con flecos, y la ropa est\u00e1 elaborada con\u00a0aso oke, un tejido multirrayas y multicolor, creado por los\u00a0yorubas\u00a0de \u00c1frica occidental.<\/p>\n<p>Ize es oriundo de Lagos y\u00a0diplomado por la Facultad de Artes Aplicadas de Viena, donde creci\u00f3. Pero su inspiraci\u00f3n sigue siendo el\u00a0rico patrimonio textil de su pa\u00eds, con un corte contempor\u00e1neo. Por primera vez, Ize se atrevi\u00f3 para su colecci\u00f3n alta costura con el tradicional vestido de novia. Un corte austero, una larga cola, adornada con detalles dorados.<\/p>\n<div style=\"width: 696px;\" class=\"wp-video\"><video class=\"wp-video-shortcode\" id=\"video-91438-1\" width=\"696\" height=\"391\" preload=\"metadata\" controls=\"controls\"><source type=\"video\/mp4\" src=\"https:\/\/www.cordobatimes.com\/showup\/wp-content\/uploads\/2021\/09\/y2mate.com-Kenneth-Ize-Paris-Woman-SS-2022_480p.mp4?_=1\" \/><a href=\"https:\/\/www.cordobatimes.com\/showup\/wp-content\/uploads\/2021\/09\/y2mate.com-Kenneth-Ize-Paris-Woman-SS-2022_480p.mp4\">https:\/\/www.cordobatimes.com\/showup\/wp-content\/uploads\/2021\/09\/y2mate.com-Kenneth-Ize-Paris-Woman-SS-2022_480p.mp4<\/a><\/video><\/div>\n<p>&nbsp;<\/p>\n<p>Despu\u00e9s de Ize desfilaron Weinsanto de Victor Weinsanto -que vuelve al calendario parisino- y la francesa\u00a0Marine Serre -vanguardista y ecoresponsable- en formato virtual. La colecci\u00f3n Serre se recrea en los\u00a0materiales reciclados. No tiene miedo de presentar botas y trajes a partir de trapos de cocina, tenedores que se convierten en joyas, y largos vestidos confeccionados a partir de pa\u00f1uelos.<\/p>\n<p><img alt=\"\" loading=\"lazy\" decoding=\"async\" class=\"alignnone wp-image-91439 size-full\" src=\"https:\/\/www.cordobatimes.com\/showup\/wp-content\/uploads\/2021\/09\/Comienza-la-semana-de-la-moda-en-Paris.jpg\" alt=\"\" width=\"1440\" height=\"1784\" srcset=\"https:\/\/www.cordobatimes.com\/showup\/wp-content\/uploads\/2021\/09\/Comienza-la-semana-de-la-moda-en-Paris.jpg 1440w, https:\/\/www.cordobatimes.com\/showup\/wp-content\/uploads\/2021\/09\/Comienza-la-semana-de-la-moda-en-Paris-339x420.jpg 339w, https:\/\/www.cordobatimes.com\/showup\/wp-content\/uploads\/2021\/09\/Comienza-la-semana-de-la-moda-en-Paris-827x1024.jpg 827w, https:\/\/www.cordobatimes.com\/showup\/wp-content\/uploads\/2021\/09\/Comienza-la-semana-de-la-moda-en-Paris-768x951.jpg 768w, https:\/\/www.cordobatimes.com\/showup\/wp-content\/uploads\/2021\/09\/Comienza-la-semana-de-la-moda-en-Paris-1240x1536.jpg 1240w, https:\/\/www.cordobatimes.com\/showup\/wp-content\/uploads\/2021\/09\/Comienza-la-semana-de-la-moda-en-Paris-324x400.jpg 324w, https:\/\/www.cordobatimes.com\/showup\/wp-content\/uploads\/2021\/09\/Comienza-la-semana-de-la-moda-en-Paris-696x862.jpg 696w, https:\/\/www.cordobatimes.com\/showup\/wp-content\/uploads\/2021\/09\/Comienza-la-semana-de-la-moda-en-Paris-1068x1323.jpg 1068w\" sizes=\"auto, (max-width: 1440px) 100vw, 1440px\" \/><\/p>\n<p>De las 97 casas inscritas en el calendario oficial de esta Fashion week que se termina el 5 de octubre, un tercio opt\u00f3 por los desfiles reales. Pero contrariamente a Londres, donde la mascarilla estuvo ausente,\u00a0las y los fashionistas tuvieron que llevar la suya.<\/p>\n<p>Dior, Chanel, Herm\u00e8s, Louis Vuitton\u00a0volver\u00e1n a subirse a las pasarelas. Givenchy presentar\u00e1 el primer desfile de su director art\u00edstico estadounidense,\u00a0Matthew Williams, que aporta un toque \u201cstreet\u201d a la hist\u00f3rica casa francesa.<\/p>\n<p><img alt=\"\" loading=\"lazy\" decoding=\"async\" class=\"alignnone size-medium wp-image-91441\" src=\"https:\/\/www.cordobatimes.com\/showup\/wp-content\/uploads\/2021\/09\/4ZXEEF4MTCEEGUILNLGYDFW2PY-630x420.jpg\" alt=\"\" width=\"630\" height=\"420\" srcset=\"https:\/\/www.cordobatimes.com\/showup\/wp-content\/uploads\/2021\/09\/4ZXEEF4MTCEEGUILNLGYDFW2PY-630x420.jpg 630w, https:\/\/www.cordobatimes.com\/showup\/wp-content\/uploads\/2021\/09\/4ZXEEF4MTCEEGUILNLGYDFW2PY-1024x683.jpg 1024w, https:\/\/www.cordobatimes.com\/showup\/wp-content\/uploads\/2021\/09\/4ZXEEF4MTCEEGUILNLGYDFW2PY-768x512.jpg 768w, https:\/\/www.cordobatimes.com\/showup\/wp-content\/uploads\/2021\/09\/4ZXEEF4MTCEEGUILNLGYDFW2PY-696x464.jpg 696w, https:\/\/www.cordobatimes.com\/showup\/wp-content\/uploads\/2021\/09\/4ZXEEF4MTCEEGUILNLGYDFW2PY-1068x712.jpg 1068w, https:\/\/www.cordobatimes.com\/showup\/wp-content\/uploads\/2021\/09\/4ZXEEF4MTCEEGUILNLGYDFW2PY.jpg 1440w\" sizes=\"auto, (max-width: 630px) 100vw, 630px\" \/><\/p>\n<p>La firma Balenciaga, que visti\u00f3 la semana pasada en la gala del Met de Nueva York a Kim Kardashian con un vestido integral, de negro, tambi\u00e9n da cita a sus incondicionales con un desfile \u201creal\u201d.<\/p>\n<p>Saint Laurent,\u00a0la primera gran firma que abandon\u00f3 el calendario oficial durante la crisis del covid-19, para mostrar su disconformidad contra el frenes\u00ed de las semanas de la moda, vuelve en su horario habitual del martes.<\/p>\n<p><img alt=\"\" loading=\"lazy\" decoding=\"async\" class=\"alignnone size-medium wp-image-91442\" src=\"https:\/\/www.cordobatimes.com\/showup\/wp-content\/uploads\/2021\/09\/VIC66A6CVEMXXKOCNYF5SHOEEI-630x420.jpg\" alt=\"\" width=\"630\" height=\"420\" srcset=\"https:\/\/www.cordobatimes.com\/showup\/wp-content\/uploads\/2021\/09\/VIC66A6CVEMXXKOCNYF5SHOEEI-630x420.jpg 630w, https:\/\/www.cordobatimes.com\/showup\/wp-content\/uploads\/2021\/09\/VIC66A6CVEMXXKOCNYF5SHOEEI-1024x683.jpg 1024w, https:\/\/www.cordobatimes.com\/showup\/wp-content\/uploads\/2021\/09\/VIC66A6CVEMXXKOCNYF5SHOEEI-768x512.jpg 768w, https:\/\/www.cordobatimes.com\/showup\/wp-content\/uploads\/2021\/09\/VIC66A6CVEMXXKOCNYF5SHOEEI-696x464.jpg 696w, https:\/\/www.cordobatimes.com\/showup\/wp-content\/uploads\/2021\/09\/VIC66A6CVEMXXKOCNYF5SHOEEI-1068x712.jpg 1068w, https:\/\/www.cordobatimes.com\/showup\/wp-content\/uploads\/2021\/09\/VIC66A6CVEMXXKOCNYF5SHOEEI.jpg 1440w\" sizes=\"auto, (max-width: 630px) 100vw, 630px\" \/><\/p>\n<p>Pero entre los grandes ausentes est\u00e1\u00a0Celine, dirigida por el creador Hedi Slimane, quien considera las semanas de la moda obsoletas, y\u00a0Stella McCartney, firma del gigante del lujo LVMH.<\/p>\n<p>Off-White, marca del estadounidense\u00a0Virgil Abloh, que tambi\u00e9n se encarga de las colecciones masculinas de Louis Vuitton, abandon\u00f3 el calendario hace varias temporadas.<\/p>\n<p>Un desfile homenaje al israelo-estadounidense\u00a0Alber Elbaz, director art\u00edstico de Lanvin, fallecido a causa del covid-19 en abril, cerrar\u00e1 el evento parisino.<\/p>\n<h3><strong>Paco Rabanne<\/strong><\/h3>\n<p>En\u00a0Paco Rabanne\u00a0vuelven a sus ra\u00edces en la\u00a0Semana de la Moda de Par\u00eds\u00a0y as\u00ed se ve reflejado en su nueva colecci\u00f3n:\u00a0formas geom\u00e9tricas,\u00a0brillos\u00a0e\u00a0inspiraci\u00f3n ochentera.<\/p>\n<p><img alt=\"\" loading=\"lazy\" decoding=\"async\" class=\"alignnone wp-image-91443 size-full\" src=\"https:\/\/www.cordobatimes.com\/showup\/wp-content\/uploads\/2021\/09\/Comienza-la-semana-de-la-moda-en-Paris-1.jpg\" alt=\"\" width=\"544\" height=\"728\" srcset=\"https:\/\/www.cordobatimes.com\/showup\/wp-content\/uploads\/2021\/09\/Comienza-la-semana-de-la-moda-en-Paris-1.jpg 544w, https:\/\/www.cordobatimes.com\/showup\/wp-content\/uploads\/2021\/09\/Comienza-la-semana-de-la-moda-en-Paris-1-314x420.jpg 314w\" sizes=\"auto, (max-width: 544px) 100vw, 544px\" \/><\/p>\n<p><strong>Amiri<\/strong><br \/>\nPrendas esenciales\u00a0y\u00a0sencillas\u00a0que no pasar\u00e1n de moda y son\u00a0perfectas como fondo de armario,\u00a0esta es la propuesta de la firma\u00a0Amiri\u00a0para su nueva colecci\u00f3n.<\/p>\n<p><img alt=\"\" loading=\"lazy\" decoding=\"async\" class=\"alignnone wp-image-91444 size-full\" src=\"https:\/\/www.cordobatimes.com\/showup\/wp-content\/uploads\/2021\/09\/Comienza-la-semana-de-la-moda-en-Paris-2.jpg\" alt=\"\" width=\"552\" height=\"730\" srcset=\"https:\/\/www.cordobatimes.com\/showup\/wp-content\/uploads\/2021\/09\/Comienza-la-semana-de-la-moda-en-Paris-2.jpg 552w, https:\/\/www.cordobatimes.com\/showup\/wp-content\/uploads\/2021\/09\/Comienza-la-semana-de-la-moda-en-Paris-2-318x420.jpg 318w\" sizes=\"auto, (max-width: 552px) 100vw, 552px\" \/><\/p>\n<h3><strong>Martin Grant<\/strong><\/h3>\n<p>Martin Grant\u00a0apuesta por las las\u00a0l\u00edneas pulidas\u00a0y un\u00a0estilo muy puro\u00a0acompa\u00f1ado de\u00a0colores neutros\u00a0(blancos, grises y tonos tierra) para su nueva colecci\u00f3n.<\/p>\n<p><img alt=\"\" loading=\"lazy\" decoding=\"async\" class=\"alignnone wp-image-91445 size-full\" src=\"https:\/\/www.cordobatimes.com\/showup\/wp-content\/uploads\/2021\/09\/Comienza-la-semana-de-la-moda-en-Paris-3.jpg\" alt=\"\" width=\"548\" height=\"730\" srcset=\"https:\/\/www.cordobatimes.com\/showup\/wp-content\/uploads\/2021\/09\/Comienza-la-semana-de-la-moda-en-Paris-3.jpg 548w, https:\/\/www.cordobatimes.com\/showup\/wp-content\/uploads\/2021\/09\/Comienza-la-semana-de-la-moda-en-Paris-3-315x420.jpg 315w\" sizes=\"auto, (max-width: 548px) 100vw, 548px\" \/><\/p>\n<h3><strong>Weinsanto<\/strong><\/h3>\n<p>En contraposici\u00f3n,\u00a0Weinsanto\u00a0hace un\u00a0all in\u00a0a los\u00a0colores chillones\u00a0y a las\u00a0formas y siluetas m\u00e1s divertidas\u00a0y originales.<\/p>\n<p><img alt=\"\" loading=\"lazy\" decoding=\"async\" class=\"alignnone wp-image-91446 size-full\" src=\"https:\/\/www.cordobatimes.com\/showup\/wp-content\/uploads\/2021\/09\/Comienza-la-semana-de-la-moda-en-Paris-4.jpg\" alt=\"\" width=\"549\" height=\"715\" srcset=\"https:\/\/www.cordobatimes.com\/showup\/wp-content\/uploads\/2021\/09\/Comienza-la-semana-de-la-moda-en-Paris-4.jpg 549w, https:\/\/www.cordobatimes.com\/showup\/wp-content\/uploads\/2021\/09\/Comienza-la-semana-de-la-moda-en-Paris-4-322x420.jpg 322w\" sizes=\"auto, (max-width: 549px) 100vw, 549px\" \/><\/p>\n","protected":false},"excerpt":{"rendered":"<p>Chanel, Dior, Vuitton, Saint Laurent y Herm\u00e9s ser\u00e1n de la partida. Habr\u00e1 desfiles y muestras en museos. El espect\u00e1culo de las pasarelas vuelve a la\u00a0Semana de la Moda de Par\u00eds, tras las citas de Nueva York,\u00a0Londres\u00a0y\u00a0Mil\u00e1n,\u00a0con una treintena de desfiles y eventos. \u201cTodas las grandes firmas est\u00e1n presentes, salvo algunas excepciones. Hay nuevas marcas, se [&hellip;]<\/p>\n","protected":false},"author":1,"featured_media":91439,"comment_status":"closed","ping_status":"closed","sticky":false,"template":"","format":"standard","meta":{"_seopress_robots_primary_cat":"","_seopress_titles_title":"","_seopress_titles_desc":"","_seopress_robots_index":"","footnotes":""},"categories":[228],"tags":[33476,9612],"class_list":{"0":"post-91438","1":"post","2":"type-post","3":"status-publish","4":"format-standard","5":"has-post-thumbnail","7":"category-moda-y-estilos","8":"tag-la-paris-fashion-week","9":"tag-semana-de-la-moda-en-paris"},"_links":{"self":[{"href":"https:\/\/www.cordobatimes.com\/showup\/wp-json\/wp\/v2\/posts\/91438","targetHints":{"allow":["GET"]}}],"collection":[{"href":"https:\/\/www.cordobatimes.com\/showup\/wp-json\/wp\/v2\/posts"}],"about":[{"href":"https:\/\/www.cordobatimes.com\/showup\/wp-json\/wp\/v2\/types\/post"}],"author":[{"embeddable":true,"href":"https:\/\/www.cordobatimes.com\/showup\/wp-json\/wp\/v2\/users\/1"}],"replies":[{"embeddable":true,"href":"https:\/\/www.cordobatimes.com\/showup\/wp-json\/wp\/v2\/comments?post=91438"}],"version-history":[{"count":0,"href":"https:\/\/www.cordobatimes.com\/showup\/wp-json\/wp\/v2\/posts\/91438\/revisions"}],"wp:featuredmedia":[{"embeddable":true,"href":"https:\/\/www.cordobatimes.com\/showup\/wp-json\/wp\/v2\/media\/91439"}],"wp:attachment":[{"href":"https:\/\/www.cordobatimes.com\/showup\/wp-json\/wp\/v2\/media?parent=91438"}],"wp:term":[{"taxonomy":"category","embeddable":true,"href":"https:\/\/www.cordobatimes.com\/showup\/wp-json\/wp\/v2\/categories?post=91438"},{"taxonomy":"post_tag","embeddable":true,"href":"https:\/\/www.cordobatimes.com\/showup\/wp-json\/wp\/v2\/tags?post=91438"}],"curies":[{"name":"wp","href":"https:\/\/api.w.org\/{rel}","templated":true}]}}