{"id":91432,"date":"2021-09-28T10:15:14","date_gmt":"2021-09-28T13:15:14","guid":{"rendered":"https:\/\/www.cordobatimes.com\/showup\/?p=91432"},"modified":"2021-09-28T10:15:14","modified_gmt":"2021-09-28T13:15:14","slug":"flor-vigna-y-facu-mazzei-renunciaron-a-la-academia-luego-del-fuerte-accidente","status":"publish","type":"post","link":"https:\/\/www.cordobatimes.com\/showup\/tv\/2021\/09\/28\/flor-vigna-y-facu-mazzei-renunciaron-a-la-academia-luego-del-fuerte-accidente\/","title":{"rendered":"Flor Vigna y Facu Mazzei renunciaron a La Academia luego del fuerte accidente"},"content":{"rendered":"<h3><strong>Despu\u00e9s de la lesi\u00f3n que sufri\u00f3 el bailar\u00edn en su hombro el \u00faltimo viernes, el equipo decidi\u00f3 despedirse del certamen de ShowMatch.<\/strong><\/h3>\n<p>El \u00faltimo viernes, durante la performance de cumbia del\u00a0S\u00faper Duelo\u00a0de la\u00a0La Academia,\u00a0Facu Mazzei\u00a0sufri\u00f3 una dura lesi\u00f3n. El partenaire de\u00a0Flor Vigna\u00a0se disloc\u00f3 el hombro en plena pista y, tras quedar tendido en el suelo en un grito de dolor, debi\u00f3 ser trasladado en un ambulancia para ser asistido en el Hospital Central de San Isidro. Su recuperaci\u00f3n, se supo, llevar\u00e1 al menos un mes. Y este fue el motivo por el que todo el equipo comandado por la coach\u00a0Georgina Tirotta\u00a0decidi\u00f3 renunciar al certamen\u00a0de\u00a0ShowMatch.<\/p>\n<p><iframe loading=\"lazy\" title=\"YouTube video player\" src=\"https:\/\/www.youtube.com\/embed\/c27EQMU0L4c\" width=\"560\" height=\"315\" frameborder=\"0\" allowfullscreen=\"allowfullscreen\"><\/iframe><\/p>\n","protected":false},"excerpt":{"rendered":"<p>Despu\u00e9s de la lesi\u00f3n que sufri\u00f3 el bailar\u00edn en su hombro el \u00faltimo viernes, el equipo decidi\u00f3 despedirse del certamen de ShowMatch. El \u00faltimo viernes, durante la performance de cumbia del\u00a0S\u00faper Duelo\u00a0de la\u00a0La Academia,\u00a0Facu Mazzei\u00a0sufri\u00f3 una dura lesi\u00f3n. El partenaire de\u00a0Flor Vigna\u00a0se disloc\u00f3 el hombro en plena pista y, tras quedar tendido en el suelo [&hellip;]<\/p>\n","protected":false},"author":1,"featured_media":91433,"comment_status":"closed","ping_status":"closed","sticky":false,"template":"","format":"standard","meta":{"_seopress_robots_primary_cat":"","_seopress_titles_title":"","_seopress_titles_desc":"","_seopress_robots_index":"","footnotes":""},"categories":[2],"tags":[24603,33473],"class_list":{"0":"post-91432","1":"post","2":"type-post","3":"status-publish","4":"format-standard","5":"has-post-thumbnail","7":"category-tv","8":"tag-flor-vigna-y-facu-mazzei","9":"tag-flor-vigna-y-facu-mazzei-renunciaron-a-la-academia"},"_links":{"self":[{"href":"https:\/\/www.cordobatimes.com\/showup\/wp-json\/wp\/v2\/posts\/91432","targetHints":{"allow":["GET"]}}],"collection":[{"href":"https:\/\/www.cordobatimes.com\/showup\/wp-json\/wp\/v2\/posts"}],"about":[{"href":"https:\/\/www.cordobatimes.com\/showup\/wp-json\/wp\/v2\/types\/post"}],"author":[{"embeddable":true,"href":"https:\/\/www.cordobatimes.com\/showup\/wp-json\/wp\/v2\/users\/1"}],"replies":[{"embeddable":true,"href":"https:\/\/www.cordobatimes.com\/showup\/wp-json\/wp\/v2\/comments?post=91432"}],"version-history":[{"count":0,"href":"https:\/\/www.cordobatimes.com\/showup\/wp-json\/wp\/v2\/posts\/91432\/revisions"}],"wp:featuredmedia":[{"embeddable":true,"href":"https:\/\/www.cordobatimes.com\/showup\/wp-json\/wp\/v2\/media\/91433"}],"wp:attachment":[{"href":"https:\/\/www.cordobatimes.com\/showup\/wp-json\/wp\/v2\/media?parent=91432"}],"wp:term":[{"taxonomy":"category","embeddable":true,"href":"https:\/\/www.cordobatimes.com\/showup\/wp-json\/wp\/v2\/categories?post=91432"},{"taxonomy":"post_tag","embeddable":true,"href":"https:\/\/www.cordobatimes.com\/showup\/wp-json\/wp\/v2\/tags?post=91432"}],"curies":[{"name":"wp","href":"https:\/\/api.w.org\/{rel}","templated":true}]}}