{"id":91391,"date":"2021-09-26T11:53:44","date_gmt":"2021-09-26T14:53:44","guid":{"rendered":"https:\/\/www.cordobatimes.com\/showup\/?p=91391"},"modified":"2021-09-26T11:53:44","modified_gmt":"2021-09-26T14:53:44","slug":"lali-canto-en-el-global-citizen-live-2021-video","status":"publish","type":"post","link":"https:\/\/www.cordobatimes.com\/showup\/musica\/2021\/09\/26\/lali-canto-en-el-global-citizen-live-2021-video\/","title":{"rendered":"Lali cant\u00f3 en el Global Citizen Live 2021 (video)"},"content":{"rendered":"<h3><strong>La cantante y actriz\u00a0 se present\u00f3 junto con artistas de todo el mundo por una buena causa.\u00a0<\/strong><\/h3>\n<p>La int\u00e9rprete se present\u00f3 desde Argentina en el Global Citizen Live 2021. Este festival tiene fines solidarios con el objetivo de ayudar a distintas partes del mundo debido a la crisis sanitaria y econ\u00f3mica que gener\u00f3 la pandemia del Coronavirus.<\/p>\n<p>El concierto se observ\u00f3 por\u00a0Youtube\u00a0y cantantes como\u00a0BTS,\u00a0Adam Lambert,\u00a0Metallica,\u00a0Billie Eilish,\u00a0Jennifer L\u00f3pez,\u00a0Ed Sheeran,\u00a0Elton John, entre otros,\u00a0participaron para recaudar un gran monto de dinero y repartirlo entre los pa\u00edses m\u00e1s golpeados.<\/p>\n<p>La artista argentina pis\u00f3 fuerte en festival y se escuch\u00f3\u00a0en Par\u00eds. Frente a una gran multitud, y con la Torre Eiffel de fondo, cant\u00f3 sus canciones m\u00e1s exitosas y conocidas por el p\u00fablico argentino.\u00a0Lali demostr\u00f3 que\u00a0se abre camino en el viejo continente.<\/p>\n<p><iframe loading=\"lazy\" width=\"560\" height=\"315\" src=\"https:\/\/www.youtube.com\/embed\/Y9hFqTdA4Zs\" title=\"YouTube video player\" frameborder=\"0\" allow=\"accelerometer; autoplay; clipboard-write; encrypted-media; gyroscope; picture-in-picture\" allowfullscreen><\/iframe><\/p>\n","protected":false},"excerpt":{"rendered":"<p>La cantante y actriz\u00a0 se present\u00f3 junto con artistas de todo el mundo por una buena causa.\u00a0 La int\u00e9rprete se present\u00f3 desde Argentina en el Global Citizen Live 2021. Este festival tiene fines solidarios con el objetivo de ayudar a distintas partes del mundo debido a la crisis sanitaria y econ\u00f3mica que gener\u00f3 la pandemia [&hellip;]<\/p>\n","protected":false},"author":1,"featured_media":91392,"comment_status":"closed","ping_status":"closed","sticky":false,"template":"","format":"standard","meta":{"_seopress_robots_primary_cat":"","_seopress_titles_title":"","_seopress_titles_desc":"","_seopress_robots_index":"","footnotes":""},"categories":[5],"tags":[33457,33458],"class_list":{"0":"post-91391","1":"post","2":"type-post","3":"status-publish","4":"format-standard","5":"has-post-thumbnail","7":"category-musica","8":"tag-lali-canto-en-el-global-citizen-live","9":"tag-lali-esposito-en-el-global-citizen"},"_links":{"self":[{"href":"https:\/\/www.cordobatimes.com\/showup\/wp-json\/wp\/v2\/posts\/91391","targetHints":{"allow":["GET"]}}],"collection":[{"href":"https:\/\/www.cordobatimes.com\/showup\/wp-json\/wp\/v2\/posts"}],"about":[{"href":"https:\/\/www.cordobatimes.com\/showup\/wp-json\/wp\/v2\/types\/post"}],"author":[{"embeddable":true,"href":"https:\/\/www.cordobatimes.com\/showup\/wp-json\/wp\/v2\/users\/1"}],"replies":[{"embeddable":true,"href":"https:\/\/www.cordobatimes.com\/showup\/wp-json\/wp\/v2\/comments?post=91391"}],"version-history":[{"count":0,"href":"https:\/\/www.cordobatimes.com\/showup\/wp-json\/wp\/v2\/posts\/91391\/revisions"}],"wp:featuredmedia":[{"embeddable":true,"href":"https:\/\/www.cordobatimes.com\/showup\/wp-json\/wp\/v2\/media\/91392"}],"wp:attachment":[{"href":"https:\/\/www.cordobatimes.com\/showup\/wp-json\/wp\/v2\/media?parent=91391"}],"wp:term":[{"taxonomy":"category","embeddable":true,"href":"https:\/\/www.cordobatimes.com\/showup\/wp-json\/wp\/v2\/categories?post=91391"},{"taxonomy":"post_tag","embeddable":true,"href":"https:\/\/www.cordobatimes.com\/showup\/wp-json\/wp\/v2\/tags?post=91391"}],"curies":[{"name":"wp","href":"https:\/\/api.w.org\/{rel}","templated":true}]}}