{"id":91370,"date":"2021-09-24T12:39:04","date_gmt":"2021-09-24T15:39:04","guid":{"rendered":"https:\/\/www.cordobatimes.com\/showup\/?p=91370"},"modified":"2021-09-24T12:39:04","modified_gmt":"2021-09-24T15:39:04","slug":"los-mejores-looks-de-la-alfombra-roja-de-los-premios-latin-billboard-2021","status":"publish","type":"post","link":"https:\/\/www.cordobatimes.com\/showup\/moda-y-estilos\/2021\/09\/24\/los-mejores-looks-de-la-alfombra-roja-de-los-premios-latin-billboard-2021\/","title":{"rendered":"Los mejores looks de la alfombra roja de los Premios Latin Billboard 2021"},"content":{"rendered":"<h3><strong>\u00a1Al fin lleg\u00f3 el d\u00eda de los\u00a0Premios Billboard de la M\u00fasica Latina 2021! Los mejores artistas se dieron cita en la alfombra roja del Watsco Center, en Coral Gables, Florida. Actores, conductores, periodistas y cantantes desfilaron derrochando glamour, elegancia y mucha originalidad.<\/strong><\/h3>\n<p>Camila Cabello dej\u00f3 sin aliento a todos en la red carpet con un mini dress de escote asim\u00e9trico con volantes. La cantante llev\u00f3 unas strap sandals a juego y marc\u00f3 su silueta con un cintur\u00f3n grueso<\/p>\n<p><img alt=\"\" loading=\"lazy\" decoding=\"async\" class=\"alignnone wp-image-91372 size-full\" src=\"https:\/\/www.cordobatimes.com\/showup\/wp-content\/uploads\/2021\/09\/Camila-Cabello.jpg\" alt=\"\" width=\"495\" height=\"739\" srcset=\"https:\/\/www.cordobatimes.com\/showup\/wp-content\/uploads\/2021\/09\/Camila-Cabello.jpg 495w, https:\/\/www.cordobatimes.com\/showup\/wp-content\/uploads\/2021\/09\/Camila-Cabello-281x420.jpg 281w\" sizes=\"auto, (max-width: 495px) 100vw, 495px\" \/><\/p>\n<p>&nbsp;<\/p>\n<p><strong>Natti Natasha<\/strong>\u00a0presumi\u00f3 su figura a cuatro meses de convertirse en mam\u00e1. La cantante desfil\u00f3 con un vestido formado por un ce\u00f1ido cors\u00e9 con transparencias y aplicaciones.<\/p>\n<p><img alt=\"\" loading=\"lazy\" decoding=\"async\" class=\"alignnone wp-image-91373 size-full\" src=\"https:\/\/www.cordobatimes.com\/showup\/wp-content\/uploads\/2021\/09\/Natti-Natasha.jpg\" alt=\"\" width=\"486\" height=\"724\" srcset=\"https:\/\/www.cordobatimes.com\/showup\/wp-content\/uploads\/2021\/09\/Natti-Natasha.jpg 486w, https:\/\/www.cordobatimes.com\/showup\/wp-content\/uploads\/2021\/09\/Natti-Natasha-282x420.jpg 282w\" sizes=\"auto, (max-width: 486px) 100vw, 486px\" \/><\/p>\n<p><strong>Jessica Carrillo<\/strong> luci\u00f3 como una aut\u00e9ntica estrella, \u00a1su vestido era simplemente espectacular! La periodista luci\u00f3 un vestido strapless en color fucsia.<\/p>\n<p><img alt=\"\" loading=\"lazy\" decoding=\"async\" class=\"alignnone wp-image-91374 size-full\" src=\"https:\/\/www.cordobatimes.com\/showup\/wp-content\/uploads\/2021\/09\/Jessica-Carrillo.jpg\" alt=\"\" width=\"491\" height=\"735\" srcset=\"https:\/\/www.cordobatimes.com\/showup\/wp-content\/uploads\/2021\/09\/Jessica-Carrillo.jpg 491w, https:\/\/www.cordobatimes.com\/showup\/wp-content\/uploads\/2021\/09\/Jessica-Carrillo-281x420.jpg 281w\" sizes=\"auto, (max-width: 491px) 100vw, 491px\" \/><\/p>\n<p><strong>Mark Tacher\u00a0<\/strong>rob\u00f3 suspiros con un traje gris oxford. El actor de\u00a0Malverde: El Santo Patr\u00f3n\u00a0fue de los m\u00e1s elegantes.<\/p>\n<p><img alt=\"\" loading=\"lazy\" decoding=\"async\" class=\"alignnone wp-image-91375 size-full\" src=\"https:\/\/www.cordobatimes.com\/showup\/wp-content\/uploads\/2021\/09\/Mark-Tacher-.jpg\" alt=\"\" width=\"492\" height=\"731\" srcset=\"https:\/\/www.cordobatimes.com\/showup\/wp-content\/uploads\/2021\/09\/Mark-Tacher-.jpg 492w, https:\/\/www.cordobatimes.com\/showup\/wp-content\/uploads\/2021\/09\/Mark-Tacher--283x420.jpg 283w\" sizes=\"auto, (max-width: 492px) 100vw, 492px\" \/><\/p>\n<p>&nbsp;<\/p>\n<p><strong>William Levy<\/strong> fue de los caballeros m\u00e1s guapos con un cl\u00e1sico esmoquin.<\/p>\n<p><img alt=\"\" loading=\"lazy\" decoding=\"async\" class=\"alignnone wp-image-91376 size-full\" src=\"https:\/\/www.cordobatimes.com\/showup\/wp-content\/uploads\/2021\/09\/William-Levy.jpg\" alt=\"\" width=\"492\" height=\"732\" srcset=\"https:\/\/www.cordobatimes.com\/showup\/wp-content\/uploads\/2021\/09\/William-Levy.jpg 492w, https:\/\/www.cordobatimes.com\/showup\/wp-content\/uploads\/2021\/09\/William-Levy-282x420.jpg 282w\" sizes=\"auto, (max-width: 492px) 100vw, 492px\" \/><\/p>\n<p><strong>Juanes\u00a0y su esposa Karen Mart\u00ednez<\/strong> fueron de las parejitas m\u00e1s enamoradas de la red carpet.<\/p>\n<p><img alt=\"\" loading=\"lazy\" decoding=\"async\" class=\"alignnone wp-image-91377 size-full\" src=\"https:\/\/www.cordobatimes.com\/showup\/wp-content\/uploads\/2021\/09\/Juanes-y-su-esposa-Karen-Martinez.jpg\" alt=\"\" width=\"483\" height=\"724\" srcset=\"https:\/\/www.cordobatimes.com\/showup\/wp-content\/uploads\/2021\/09\/Juanes-y-su-esposa-Karen-Martinez.jpg 483w, https:\/\/www.cordobatimes.com\/showup\/wp-content\/uploads\/2021\/09\/Juanes-y-su-esposa-Karen-Martinez-280x420.jpg 280w\" sizes=\"auto, (max-width: 483px) 100vw, 483px\" \/><\/p>\n<p><strong>Mau y Ricky Montaner<\/strong> se hicieron presentes en la red carpet de loa Premios Billboard de la M\u00fasica Latina.<\/p>\n<p><img alt=\"\" loading=\"lazy\" decoding=\"async\" class=\"alignnone wp-image-91378 size-full\" src=\"https:\/\/www.cordobatimes.com\/showup\/wp-content\/uploads\/2021\/09\/Mau-y-Ricky-Montaner.jpg\" alt=\"\" width=\"491\" height=\"733\" srcset=\"https:\/\/www.cordobatimes.com\/showup\/wp-content\/uploads\/2021\/09\/Mau-y-Ricky-Montaner.jpg 491w, https:\/\/www.cordobatimes.com\/showup\/wp-content\/uploads\/2021\/09\/Mau-y-Ricky-Montaner-281x420.jpg 281w\" sizes=\"auto, (max-width: 491px) 100vw, 491px\" \/><\/p>\n<p><strong>Rosal\u00eda\u00a0<\/strong>opt\u00f3 por llevar un vestido t\u00fanica amarillo con guantes.<\/p>\n<p><img alt=\"\" loading=\"lazy\" decoding=\"async\" class=\"alignnone wp-image-91379 size-full\" src=\"https:\/\/www.cordobatimes.com\/showup\/wp-content\/uploads\/2021\/09\/Rosalia.jpg\" alt=\"\" width=\"491\" height=\"730\" srcset=\"https:\/\/www.cordobatimes.com\/showup\/wp-content\/uploads\/2021\/09\/Rosalia.jpg 491w, https:\/\/www.cordobatimes.com\/showup\/wp-content\/uploads\/2021\/09\/Rosalia-282x420.jpg 282w\" sizes=\"auto, (max-width: 491px) 100vw, 491px\" \/><\/p>\n<p>&nbsp;<\/p>\n<p>&nbsp;<\/p>\n<p>&nbsp;<\/p>\n<p>&nbsp;<\/p>\n","protected":false},"excerpt":{"rendered":"<p>\u00a1Al fin lleg\u00f3 el d\u00eda de los\u00a0Premios Billboard de la M\u00fasica Latina 2021! Los mejores artistas se dieron cita en la alfombra roja del Watsco Center, en Coral Gables, Florida. Actores, conductores, periodistas y cantantes desfilaron derrochando glamour, elegancia y mucha originalidad. Camila Cabello dej\u00f3 sin aliento a todos en la red carpet con un [&hellip;]<\/p>\n","protected":false},"author":1,"featured_media":91371,"comment_status":"closed","ping_status":"closed","sticky":false,"template":"","format":"standard","meta":{"_seopress_robots_primary_cat":"","_seopress_titles_title":"","_seopress_titles_desc":"","_seopress_robots_index":"","footnotes":""},"categories":[228],"tags":[33452,33451,33453],"class_list":{"0":"post-91370","1":"post","2":"type-post","3":"status-publish","4":"format-standard","5":"has-post-thumbnail","7":"category-moda-y-estilos","8":"tag-alfombra-roja-de-los-premios-latin-billboard-2021","9":"tag-looks-de-la-alfombra-roja-de-los-premios-latin-billboard-2021","10":"tag-premios-latin-billboard-2021"},"_links":{"self":[{"href":"https:\/\/www.cordobatimes.com\/showup\/wp-json\/wp\/v2\/posts\/91370","targetHints":{"allow":["GET"]}}],"collection":[{"href":"https:\/\/www.cordobatimes.com\/showup\/wp-json\/wp\/v2\/posts"}],"about":[{"href":"https:\/\/www.cordobatimes.com\/showup\/wp-json\/wp\/v2\/types\/post"}],"author":[{"embeddable":true,"href":"https:\/\/www.cordobatimes.com\/showup\/wp-json\/wp\/v2\/users\/1"}],"replies":[{"embeddable":true,"href":"https:\/\/www.cordobatimes.com\/showup\/wp-json\/wp\/v2\/comments?post=91370"}],"version-history":[{"count":0,"href":"https:\/\/www.cordobatimes.com\/showup\/wp-json\/wp\/v2\/posts\/91370\/revisions"}],"wp:featuredmedia":[{"embeddable":true,"href":"https:\/\/www.cordobatimes.com\/showup\/wp-json\/wp\/v2\/media\/91371"}],"wp:attachment":[{"href":"https:\/\/www.cordobatimes.com\/showup\/wp-json\/wp\/v2\/media?parent=91370"}],"wp:term":[{"taxonomy":"category","embeddable":true,"href":"https:\/\/www.cordobatimes.com\/showup\/wp-json\/wp\/v2\/categories?post=91370"},{"taxonomy":"post_tag","embeddable":true,"href":"https:\/\/www.cordobatimes.com\/showup\/wp-json\/wp\/v2\/tags?post=91370"}],"curies":[{"name":"wp","href":"https:\/\/api.w.org\/{rel}","templated":true}]}}