{"id":91362,"date":"2021-09-24T10:44:04","date_gmt":"2021-09-24T13:44:04","guid":{"rendered":"https:\/\/www.cordobatimes.com\/showup\/?p=91362"},"modified":"2021-09-24T10:44:04","modified_gmt":"2021-09-24T13:44:04","slug":"chano-moreno-charpentier-presento-el-video-de-su-nuevo-tema-quarentina-y-anticipo-que-volvera-en-noviembre-al-luna-park","status":"publish","type":"post","link":"https:\/\/www.cordobatimes.com\/showup\/musica\/2021\/09\/24\/chano-moreno-charpentier-presento-el-video-de-su-nuevo-tema-quarentina-y-anticipo-que-volvera-en-noviembre-al-luna-park\/","title":{"rendered":"Chano Moreno Charpentier present\u00f3 el video de su nuevo tema \u201cQuarentina\u201d y anticip\u00f3 que volver\u00e1 en noviembre al Luna Park"},"content":{"rendered":"<h3><strong>A menos de dos meses de haber sido baleado y en el d\u00eda de su cumplea\u00f1os, el cantante anunci\u00f3 en sus redes sociales su vuelta al escenario y la llegada de una nueva canci\u00f3n.<\/strong><\/h3>\n<p>En el d\u00eda que est\u00e1 cumpliendo 40 a\u00f1os,\u00a0Chano Moreno Charpentier reapareci\u00f3 en las redes sociales con dos noticias que festejaron sus seguidores:\u00a0la primera fue el lanzamiento del video de su nuevo tema Quarentina que ya se encuentra online y la segundo fue el anuncio de su regreso a los escenarios.<\/p>\n<p>El m\u00fasico confirm\u00f3 que el pr\u00f3ximo jueves 4 de noviembre dar\u00e1 un recital en el Estadio Luna Park. La informaci\u00f3n llega en el momento que Chano se encuentra realizando un tratamiento para combatir sus adicciones y a menos de dos meses del confuso episodio en el que un polic\u00eda le dispar\u00f3 y por el que termin\u00f3 hospitalizado, atravesando una cirug\u00eda que le salv\u00f3 la vida.<\/p>\n<div style=\"width: 640px;\" class=\"wp-video\"><video class=\"wp-video-shortcode\" id=\"video-91362-1\" width=\"640\" height=\"640\" preload=\"metadata\" controls=\"controls\"><source type=\"video\/mp4\" src=\"https:\/\/www.cordobatimes.com\/showup\/wp-content\/uploads\/2021\/09\/chanotb_242737957_231357368953748_3831977757487991187_n.mp4?_=1\" \/><a href=\"https:\/\/www.cordobatimes.com\/showup\/wp-content\/uploads\/2021\/09\/chanotb_242737957_231357368953748_3831977757487991187_n.mp4\">https:\/\/www.cordobatimes.com\/showup\/wp-content\/uploads\/2021\/09\/chanotb_242737957_231357368953748_3831977757487991187_n.mp4<\/a><\/video><\/div>\n<p><iframe loading=\"lazy\" width=\"560\" height=\"315\" src=\"https:\/\/www.youtube.com\/embed\/QRi4uvA9KeA\" title=\"YouTube video player\" frameborder=\"0\" allow=\"accelerometer; autoplay; clipboard-write; encrypted-media; gyroscope; picture-in-picture\" allowfullscreen><\/iframe><\/p>\n<p><img alt=\"\" loading=\"lazy\" decoding=\"async\" src=\"https:\/\/www.cordobatimes.com\/showup\/wp-content\/uploads\/2021\/09\/chanotb_242557509_388314896333381_5467462971618919874_n-420x420.jpg\" alt=\"\" width=\"420\" height=\"420\" class=\"alignnone size-medium wp-image-91365\" srcset=\"https:\/\/www.cordobatimes.com\/showup\/wp-content\/uploads\/2021\/09\/chanotb_242557509_388314896333381_5467462971618919874_n-420x420.jpg 420w, https:\/\/www.cordobatimes.com\/showup\/wp-content\/uploads\/2021\/09\/chanotb_242557509_388314896333381_5467462971618919874_n-1024x1024.jpg 1024w, https:\/\/www.cordobatimes.com\/showup\/wp-content\/uploads\/2021\/09\/chanotb_242557509_388314896333381_5467462971618919874_n-768x768.jpg 768w, https:\/\/www.cordobatimes.com\/showup\/wp-content\/uploads\/2021\/09\/chanotb_242557509_388314896333381_5467462971618919874_n-696x696.jpg 696w, https:\/\/www.cordobatimes.com\/showup\/wp-content\/uploads\/2021\/09\/chanotb_242557509_388314896333381_5467462971618919874_n-1068x1068.jpg 1068w, https:\/\/www.cordobatimes.com\/showup\/wp-content\/uploads\/2021\/09\/chanotb_242557509_388314896333381_5467462971618919874_n.jpg 1080w\" sizes=\"auto, (max-width: 420px) 100vw, 420px\" \/><\/p>\n","protected":false},"excerpt":{"rendered":"<p>A menos de dos meses de haber sido baleado y en el d\u00eda de su cumplea\u00f1os, el cantante anunci\u00f3 en sus redes sociales su vuelta al escenario y la llegada de una nueva canci\u00f3n. En el d\u00eda que est\u00e1 cumpliendo 40 a\u00f1os,\u00a0Chano Moreno Charpentier reapareci\u00f3 en las redes sociales con dos noticias que festejaron sus [&hellip;]<\/p>\n","protected":false},"author":1,"featured_media":91363,"comment_status":"closed","ping_status":"closed","sticky":false,"template":"","format":"standard","meta":{"_seopress_robots_primary_cat":"","_seopress_titles_title":"","_seopress_titles_desc":"","_seopress_robots_index":"","footnotes":""},"categories":[5],"tags":[33448,33447,33445,33446],"class_list":{"0":"post-91362","1":"post","2":"type-post","3":"status-publish","4":"format-standard","5":"has-post-thumbnail","7":"category-musica","8":"tag-chano-en-el-luna-park","9":"tag-chano-moreno-charpentier-en-el-luna-park","10":"tag-chano-moreno-charpentier-quarentina","11":"tag-show-de-chano-moreno-charpentier"},"_links":{"self":[{"href":"https:\/\/www.cordobatimes.com\/showup\/wp-json\/wp\/v2\/posts\/91362","targetHints":{"allow":["GET"]}}],"collection":[{"href":"https:\/\/www.cordobatimes.com\/showup\/wp-json\/wp\/v2\/posts"}],"about":[{"href":"https:\/\/www.cordobatimes.com\/showup\/wp-json\/wp\/v2\/types\/post"}],"author":[{"embeddable":true,"href":"https:\/\/www.cordobatimes.com\/showup\/wp-json\/wp\/v2\/users\/1"}],"replies":[{"embeddable":true,"href":"https:\/\/www.cordobatimes.com\/showup\/wp-json\/wp\/v2\/comments?post=91362"}],"version-history":[{"count":0,"href":"https:\/\/www.cordobatimes.com\/showup\/wp-json\/wp\/v2\/posts\/91362\/revisions"}],"wp:featuredmedia":[{"embeddable":true,"href":"https:\/\/www.cordobatimes.com\/showup\/wp-json\/wp\/v2\/media\/91363"}],"wp:attachment":[{"href":"https:\/\/www.cordobatimes.com\/showup\/wp-json\/wp\/v2\/media?parent=91362"}],"wp:term":[{"taxonomy":"category","embeddable":true,"href":"https:\/\/www.cordobatimes.com\/showup\/wp-json\/wp\/v2\/categories?post=91362"},{"taxonomy":"post_tag","embeddable":true,"href":"https:\/\/www.cordobatimes.com\/showup\/wp-json\/wp\/v2\/tags?post=91362"}],"curies":[{"name":"wp","href":"https:\/\/api.w.org\/{rel}","templated":true}]}}