{"id":91283,"date":"2021-09-20T10:04:13","date_gmt":"2021-09-20T13:04:13","guid":{"rendered":"https:\/\/www.cordobatimes.com\/showup\/?p=91283"},"modified":"2021-09-20T10:04:13","modified_gmt":"2021-09-20T13:04:13","slug":"camila-cabello-conto-que-lanzara-una-cancion-junto-a-maria-becerra","status":"publish","type":"post","link":"https:\/\/www.cordobatimes.com\/showup\/musica\/2021\/09\/20\/camila-cabello-conto-que-lanzara-una-cancion-junto-a-maria-becerra\/","title":{"rendered":"Camila Cabello cont\u00f3 que lanzar\u00e1 una canci\u00f3n junto a Mar\u00eda Becerra"},"content":{"rendered":"<h3><strong>La cantante\u00a0 cubana sorprendi\u00f3 en Tik Tok al anunciar que convoc\u00f3 a la cantante de trap para una colaboraci\u00f3n de su pr\u00f3ximo disco &#8216;Familia&#8217;.<\/strong><\/h3>\n<p>Se acerca una colaboraci\u00f3n inesperada:\u00a0Camila Cabello\u00a0y\u00a0Mar\u00eda Becerra\u00a0cantar\u00e1n juntas por primera vez. As\u00ed lo confirm\u00f3 la artista cubana de 24 a\u00f1os y dej\u00f3 a todos impactados con la noticia.<\/p>\n<p>En tiempos donde las colaboraciones son cada vez m\u00e1s comunes entre los artistas, Camila qued\u00f3 cautivada por la voz de Mar\u00eda y decidi\u00f3 convocarla para su nuevo \u00e1lbum &#8216;Familia&#8217;, que a\u00fan no tiene fecha de lanzamiento.<\/p>\n<p>La int\u00e9rprete de &#8216;Don&#8217;t go yet&#8217; utiliz\u00f3 su cuenta de Tik Tok para confirmar el feat junto a la cantante de trap. A trav\u00e9s de la reconocida red social china, se mostr\u00f3 escuchando &#8216;Qu\u00e9 m\u00e1s pues&#8217; de J. Balvin y Becerra para luego contar que juntas entonar\u00e1n una canci\u00f3n pronto.<\/p>\n<div style=\"width: 604px;\" class=\"wp-video\"><video class=\"wp-video-shortcode\" id=\"video-91283-1\" width=\"604\" height=\"1080\" preload=\"metadata\" controls=\"controls\"><source type=\"video\/mp4\" src=\"https:\/\/www.cordobatimes.com\/showup\/wp-content\/uploads\/2021\/09\/y2mate.com-CAMILA-CABELLO-confirma-colaboracion-con-MARIA-BECERRA-en-su-album_1080p.mp4?_=1\" \/><a href=\"https:\/\/www.cordobatimes.com\/showup\/wp-content\/uploads\/2021\/09\/y2mate.com-CAMILA-CABELLO-confirma-colaboracion-con-MARIA-BECERRA-en-su-album_1080p.mp4\">https:\/\/www.cordobatimes.com\/showup\/wp-content\/uploads\/2021\/09\/y2mate.com-CAMILA-CABELLO-confirma-colaboracion-con-MARIA-BECERRA-en-su-album_1080p.mp4<\/a><\/video><\/div>\n<p>Por su parte, la int\u00e9rprete de &#8216;High&#8217; utiliz\u00f3 su red social para mostrarse feliz y muy emocionada de ser parte del nuevo disco de Camila.\u00a0\u00abPor eso andaba tan feliz. Me est\u00e1n pasando cosas incre\u00edbles, fruto de tanto trabajo, de dejar el coraz\u00f3n en cada letra que escribo\u00bb,\u00a0expres\u00f3 desbordada de alegr\u00eda.<\/p>\n<p><img alt=\"\" loading=\"lazy\" decoding=\"async\" class=\"alignnone size-medium wp-image-91286\" src=\"https:\/\/www.cordobatimes.com\/showup\/wp-content\/uploads\/2021\/09\/twit-de-maria-becerra-750x347.jpg\" alt=\"\" width=\"750\" height=\"347\" srcset=\"https:\/\/www.cordobatimes.com\/showup\/wp-content\/uploads\/2021\/09\/twit-de-maria-becerra-750x347.jpg 750w, https:\/\/www.cordobatimes.com\/showup\/wp-content\/uploads\/2021\/09\/twit-de-maria-becerra-760x352.jpg 760w, https:\/\/www.cordobatimes.com\/showup\/wp-content\/uploads\/2021\/09\/twit-de-maria-becerra-768x356.jpg 768w, https:\/\/www.cordobatimes.com\/showup\/wp-content\/uploads\/2021\/09\/twit-de-maria-becerra-696x322.jpg 696w, https:\/\/www.cordobatimes.com\/showup\/wp-content\/uploads\/2021\/09\/twit-de-maria-becerra.jpg 894w\" sizes=\"auto, (max-width: 750px) 100vw, 750px\" \/><\/p>\n","protected":false},"excerpt":{"rendered":"<p>La cantante\u00a0 cubana sorprendi\u00f3 en Tik Tok al anunciar que convoc\u00f3 a la cantante de trap para una colaboraci\u00f3n de su pr\u00f3ximo disco &#8216;Familia&#8217;. Se acerca una colaboraci\u00f3n inesperada:\u00a0Camila Cabello\u00a0y\u00a0Mar\u00eda Becerra\u00a0cantar\u00e1n juntas por primera vez. As\u00ed lo confirm\u00f3 la artista cubana de 24 a\u00f1os y dej\u00f3 a todos impactados con la noticia. En tiempos donde [&hellip;]<\/p>\n","protected":false},"author":1,"featured_media":91284,"comment_status":"closed","ping_status":"closed","sticky":false,"template":"","format":"standard","meta":{"_seopress_robots_primary_cat":"","_seopress_titles_title":"","_seopress_titles_desc":"","_seopress_robots_index":"","footnotes":""},"categories":[5],"tags":[33421,33423,33422],"class_list":{"0":"post-91283","1":"post","2":"type-post","3":"status-publish","4":"format-standard","5":"has-post-thumbnail","7":"category-musica","8":"tag-camila-cabello-y-maria-becerra","9":"tag-cancion-de-camila-cabello-y-maria-becerra","10":"tag-colaboracion-entre-camila-cabello-y-maria-becerra"},"_links":{"self":[{"href":"https:\/\/www.cordobatimes.com\/showup\/wp-json\/wp\/v2\/posts\/91283","targetHints":{"allow":["GET"]}}],"collection":[{"href":"https:\/\/www.cordobatimes.com\/showup\/wp-json\/wp\/v2\/posts"}],"about":[{"href":"https:\/\/www.cordobatimes.com\/showup\/wp-json\/wp\/v2\/types\/post"}],"author":[{"embeddable":true,"href":"https:\/\/www.cordobatimes.com\/showup\/wp-json\/wp\/v2\/users\/1"}],"replies":[{"embeddable":true,"href":"https:\/\/www.cordobatimes.com\/showup\/wp-json\/wp\/v2\/comments?post=91283"}],"version-history":[{"count":0,"href":"https:\/\/www.cordobatimes.com\/showup\/wp-json\/wp\/v2\/posts\/91283\/revisions"}],"wp:featuredmedia":[{"embeddable":true,"href":"https:\/\/www.cordobatimes.com\/showup\/wp-json\/wp\/v2\/media\/91284"}],"wp:attachment":[{"href":"https:\/\/www.cordobatimes.com\/showup\/wp-json\/wp\/v2\/media?parent=91283"}],"wp:term":[{"taxonomy":"category","embeddable":true,"href":"https:\/\/www.cordobatimes.com\/showup\/wp-json\/wp\/v2\/categories?post=91283"},{"taxonomy":"post_tag","embeddable":true,"href":"https:\/\/www.cordobatimes.com\/showup\/wp-json\/wp\/v2\/tags?post=91283"}],"curies":[{"name":"wp","href":"https:\/\/api.w.org\/{rel}","templated":true}]}}