{"id":91235,"date":"2021-09-17T18:00:26","date_gmt":"2021-09-17T21:00:26","guid":{"rendered":"https:\/\/www.cordobatimes.com\/showup\/?p=91235"},"modified":"2021-09-17T18:00:26","modified_gmt":"2021-09-17T21:00:26","slug":"despues-de-varios-anos-de-ausencia-marama-anuncio-su-regreso","status":"publish","type":"post","link":"https:\/\/www.cordobatimes.com\/showup\/musica\/2021\/09\/17\/despues-de-varios-anos-de-ausencia-marama-anuncio-su-regreso\/","title":{"rendered":"Despu\u00e9s de varios a\u00f1os de ausencia Marama anunci\u00f3 su regreso"},"content":{"rendered":"<h3><strong>Un breve clip para calentar motores sorprendi\u00f3 este jueves por la tarde las redes sociales, donde la agrupaci\u00f3n uruguaya anunci\u00f3 su vuelta a las pistas.\u00a0<\/strong><\/h3>\n<p>Apenas unos segundos, dura el clip que muestra a un ni\u00f1o de amplia sonrisa sacando un casette de M\u00e1rama de su bolsillo para introducirlo en los famosos Walk-Man tan caracter\u00edsticos de la d\u00e9cada de los 80`s. Y con ese gesto, la banda uruguaya eligi\u00f3 anunciar su regreso.<\/p>\n<blockquote class=\"twitter-tweet\">\n<p lang=\"es\" dir=\"ltr\">&quot;Marama&quot;:<br \/>Por el video que public\u00f3 <a href=\"https:\/\/twitter.com\/Marama_Oficial?ref_src=twsrc%5Etfw\">@Marama_Oficial<\/a> <a href=\"https:\/\/t.co\/cZNeKIUyJm\">pic.twitter.com\/cZNeKIUyJm<\/a><\/p>\n<p>&mdash; \u00bfPor qu\u00e9 es tendencia? (@porquetendencia) <a href=\"https:\/\/twitter.com\/porquetendencia\/status\/1438639076689817603?ref_src=twsrc%5Etfw\">September 16, 2021<\/a><\/p><\/blockquote>\n<p> <script async src=\"https:\/\/platform.twitter.com\/widgets.js\" charset=\"utf-8\"><\/script><\/p>\n<p>Luego de poner en los puestos n\u00famero 1 innumerables cortes, como \u00abLoquita\u00bb, \u00abTodo comenz\u00f3 bailando\u00bb y \u00abNo te vayas\u00bb.\u00a0Agust\u00edn Casanova\u00a0regresa con su grupo de amigos para traer material nuevo, que seguro ser\u00e1 lo m\u00e1s escuchado del verano 2022.<\/p>\n<p>Recordemos que la banda se encuentra inactiva desde 2017, tras cuatro a\u00f1os de \u00e9xito, y luego del receso sus respectivos integrantes siguieron su camino, siendo en nuestro pa\u00eds, su vocalista Agust\u00edn convocado para ser parte de la novela Simona, la cual protagoniz\u00f3 junto a \u00c1ngela Torres.<\/p>\n<p>Adem\u00e1s particip\u00f3 de Bailando por un Sue\u00f1o en 2016; 2017 y en Got Talent Uruguay como jurado. <\/p>\n<p>El clip lanzado por la banda r\u00e1pidamente se hizo tendencia y los fans ya se pregunan ser\u00e1 que volveremos a cantar Baila, nena&#8230;<\/p>\n<p><iframe loading=\"lazy\" width=\"560\" height=\"315\" src=\"https:\/\/www.youtube.com\/embed\/teON5axS2UM\" title=\"YouTube video player\" frameborder=\"0\" allow=\"accelerometer; autoplay; clipboard-write; encrypted-media; gyroscope; picture-in-picture\" allowfullscreen><\/iframe><\/p>\n","protected":false},"excerpt":{"rendered":"<p>Un breve clip para calentar motores sorprendi\u00f3 este jueves por la tarde las redes sociales, donde la agrupaci\u00f3n uruguaya anunci\u00f3 su vuelta a las pistas.\u00a0 Apenas unos segundos, dura el clip que muestra a un ni\u00f1o de amplia sonrisa sacando un casette de M\u00e1rama de su bolsillo para introducirlo en los famosos Walk-Man tan caracter\u00edsticos [&hellip;]<\/p>\n","protected":false},"author":1,"featured_media":91236,"comment_status":"closed","ping_status":"closed","sticky":false,"template":"","format":"standard","meta":{"_seopress_robots_primary_cat":"","_seopress_titles_title":"","_seopress_titles_desc":"","_seopress_robots_index":"","footnotes":""},"categories":[5],"tags":[33404,33405],"class_list":{"0":"post-91235","1":"post","2":"type-post","3":"status-publish","4":"format-standard","5":"has-post-thumbnail","7":"category-musica","8":"tag-marama-anuncio-su-regreso","9":"tag-vuelve-marama"},"_links":{"self":[{"href":"https:\/\/www.cordobatimes.com\/showup\/wp-json\/wp\/v2\/posts\/91235","targetHints":{"allow":["GET"]}}],"collection":[{"href":"https:\/\/www.cordobatimes.com\/showup\/wp-json\/wp\/v2\/posts"}],"about":[{"href":"https:\/\/www.cordobatimes.com\/showup\/wp-json\/wp\/v2\/types\/post"}],"author":[{"embeddable":true,"href":"https:\/\/www.cordobatimes.com\/showup\/wp-json\/wp\/v2\/users\/1"}],"replies":[{"embeddable":true,"href":"https:\/\/www.cordobatimes.com\/showup\/wp-json\/wp\/v2\/comments?post=91235"}],"version-history":[{"count":0,"href":"https:\/\/www.cordobatimes.com\/showup\/wp-json\/wp\/v2\/posts\/91235\/revisions"}],"wp:featuredmedia":[{"embeddable":true,"href":"https:\/\/www.cordobatimes.com\/showup\/wp-json\/wp\/v2\/media\/91236"}],"wp:attachment":[{"href":"https:\/\/www.cordobatimes.com\/showup\/wp-json\/wp\/v2\/media?parent=91235"}],"wp:term":[{"taxonomy":"category","embeddable":true,"href":"https:\/\/www.cordobatimes.com\/showup\/wp-json\/wp\/v2\/categories?post=91235"},{"taxonomy":"post_tag","embeddable":true,"href":"https:\/\/www.cordobatimes.com\/showup\/wp-json\/wp\/v2\/tags?post=91235"}],"curies":[{"name":"wp","href":"https:\/\/api.w.org\/{rel}","templated":true}]}}