{"id":91141,"date":"2021-09-10T17:39:33","date_gmt":"2021-09-10T20:39:33","guid":{"rendered":"https:\/\/www.cordobatimes.com\/showup\/?p=91141"},"modified":"2021-09-10T17:39:33","modified_gmt":"2021-09-10T20:39:33","slug":"en-una-charla-a-fondo-con-angel-de-brito-pampita-no-dejo-tema-sin-tocar","status":"publish","type":"post","link":"https:\/\/www.cordobatimes.com\/showup\/tv\/2021\/09\/10\/en-una-charla-a-fondo-con-angel-de-brito-pampita-no-dejo-tema-sin-tocar\/","title":{"rendered":"En una charla a fondo con \u00c1ngel de Brito Pampita  no dej\u00f3 tema sin tocar"},"content":{"rendered":"<h3><strong>Desde sus primeros a\u00f1os en el modelaje a c\u00f3mo se lleva con Nicole Neumann y la China Su\u00e1rez.<\/strong><\/h3>\n<p>Carolina Ardohain brind\u00f3 una entrevista a fondo a \u00c1ngel de Brito\u00a0en la que no qued\u00f3 pr\u00e1cticamente ning\u00fan tema sin tocar. La modelo y conductora habl\u00f3 de su llegada de La Pampa a Buenos Aires,\u00a0el origen de su nombre art\u00edstico, sus comienzos en el medio y su infancia. Adem\u00e1s a dos d\u00edas que se cumplieran nueve a\u00f1os de la partida de su hija Blanca habl\u00f3 de c\u00f3mo transita el duelo que \u201ces para siempre\u201d,\u00a0su presente con su gran familia ensamblada y la relaci\u00f3n con\u00a0Nicole Neumann\u00a0y la\u00a0China\u00a0Su\u00e1rez.<\/p>\n<p><iframe loading=\"lazy\" width=\"560\" height=\"315\" src=\"https:\/\/www.youtube.com\/embed\/3q1V4Bd_7cM\" title=\"YouTube video player\" frameborder=\"0\" allow=\"accelerometer; autoplay; clipboard-write; encrypted-media; gyroscope; picture-in-picture\" allowfullscreen><\/iframe><\/p>\n","protected":false},"excerpt":{"rendered":"<p>Desde sus primeros a\u00f1os en el modelaje a c\u00f3mo se lleva con Nicole Neumann y la China Su\u00e1rez. Carolina Ardohain brind\u00f3 una entrevista a fondo a \u00c1ngel de Brito\u00a0en la que no qued\u00f3 pr\u00e1cticamente ning\u00fan tema sin tocar. La modelo y conductora habl\u00f3 de su llegada de La Pampa a Buenos Aires,\u00a0el origen de su [&hellip;]<\/p>\n","protected":false},"author":1,"featured_media":91142,"comment_status":"closed","ping_status":"closed","sticky":false,"template":"","format":"standard","meta":{"_seopress_robots_primary_cat":"","_seopress_titles_title":"","_seopress_titles_desc":"","_seopress_robots_index":"","footnotes":""},"categories":[2],"tags":[33373,33372],"class_list":{"0":"post-91141","1":"post","2":"type-post","3":"status-publish","4":"format-standard","5":"has-post-thumbnail","7":"category-tv","8":"tag-entrevista-de-pampita-en-lam","9":"tag-pampita-en-lam"},"_links":{"self":[{"href":"https:\/\/www.cordobatimes.com\/showup\/wp-json\/wp\/v2\/posts\/91141","targetHints":{"allow":["GET"]}}],"collection":[{"href":"https:\/\/www.cordobatimes.com\/showup\/wp-json\/wp\/v2\/posts"}],"about":[{"href":"https:\/\/www.cordobatimes.com\/showup\/wp-json\/wp\/v2\/types\/post"}],"author":[{"embeddable":true,"href":"https:\/\/www.cordobatimes.com\/showup\/wp-json\/wp\/v2\/users\/1"}],"replies":[{"embeddable":true,"href":"https:\/\/www.cordobatimes.com\/showup\/wp-json\/wp\/v2\/comments?post=91141"}],"version-history":[{"count":0,"href":"https:\/\/www.cordobatimes.com\/showup\/wp-json\/wp\/v2\/posts\/91141\/revisions"}],"wp:featuredmedia":[{"embeddable":true,"href":"https:\/\/www.cordobatimes.com\/showup\/wp-json\/wp\/v2\/media\/91142"}],"wp:attachment":[{"href":"https:\/\/www.cordobatimes.com\/showup\/wp-json\/wp\/v2\/media?parent=91141"}],"wp:term":[{"taxonomy":"category","embeddable":true,"href":"https:\/\/www.cordobatimes.com\/showup\/wp-json\/wp\/v2\/categories?post=91141"},{"taxonomy":"post_tag","embeddable":true,"href":"https:\/\/www.cordobatimes.com\/showup\/wp-json\/wp\/v2\/tags?post=91141"}],"curies":[{"name":"wp","href":"https:\/\/api.w.org\/{rel}","templated":true}]}}