{"id":91108,"date":"2021-09-08T20:42:19","date_gmt":"2021-09-08T23:42:19","guid":{"rendered":"https:\/\/www.cordobatimes.com\/showup\/?p=91108"},"modified":"2021-09-08T20:42:19","modified_gmt":"2021-09-08T23:42:19","slug":"el-hijo-de-sergio-denis-denuncio-en-sadaic-al-frente-de-todos-tras-usar-una-cancion-de-su-padre-en-la-campana-electoral","status":"publish","type":"post","link":"https:\/\/www.cordobatimes.com\/showup\/sociedad\/2021\/09\/08\/el-hijo-de-sergio-denis-denuncio-en-sadaic-al-frente-de-todos-tras-usar-una-cancion-de-su-padre-en-la-campana-electoral\/","title":{"rendered":"El hijo de Sergio Denis denunci\u00f3 en SADAIC al Frente de Todos tras usar una canci\u00f3n de su padre en la campa\u00f1a electoral"},"content":{"rendered":"<h3><strong>Se trata del tema \u201cTe quiero tanto\u201d.<\/strong><\/h3>\n<p>\u201cYo soy la aventura y t\u00fa la realidad, t\u00fa la ternura. Yo soy la libertad, t\u00fa la esperanza. La vida que me das y no me alcanza, no me alcanza. Hoy querida m\u00eda, hagamos el amor con alegr\u00eda. Tratemos de vivir con fantas\u00eda. Juguemos sin temor que hoy es el d\u00eda, nuestro d\u00eda\u201d, reza el tema\u00a0\u201cTe quiero tanto\u201d de Sergio Denis.\u00a0La canci\u00f3n que data de\u00a01986 de inmediato se convirti\u00f3 en uno de los himnos del Mundial de M\u00e9xico en la que la selecci\u00f3n Argentina se consagr\u00f3 campeona y se convirti\u00f3 en un cl\u00e1sico en las canchas de f\u00fatbol del mundo, hasta hoy.<\/p>\n<p><iframe loading=\"lazy\" title=\"YouTube video player\" src=\"https:\/\/www.youtube.com\/embed\/-liOpNcmJ2k\" width=\"560\" height=\"315\" frameborder=\"0\" allowfullscreen=\"allowfullscreen\"><\/iframe><\/p>\n<p>En los \u00faltimos d\u00edas el exitoso tema trascendi\u00f3 el \u00e1mbito del deporte para ser parte de la musicalizaci\u00f3n de un acto de campa\u00f1a. Federico Hoffmann, uno de los hijos del int\u00e9rprete de \u201cGigante chiquito\u201d y \u201cLa vida vale la pena\u201d fallecido el a\u00f1o pasado tras estar catorce meses en coma por haber ca\u00eddo del escenario donde se encontraba dando un show en Tucum\u00e1n el 11 de marzo del 2019, dijo que recurrir\u00e1 a la Justicia para que no se use pol\u00edticamente el trabajo de su padre.<\/p>\n<p><img alt=\"\" loading=\"lazy\" decoding=\"async\" class=\"alignnone size-full wp-image-91110\" src=\"https:\/\/www.cordobatimes.com\/showup\/wp-content\/uploads\/2021\/09\/denuncia-del-hijo-de-sergio-denis.jpg\" alt=\"\" width=\"739\" height=\"352\" srcset=\"https:\/\/www.cordobatimes.com\/showup\/wp-content\/uploads\/2021\/09\/denuncia-del-hijo-de-sergio-denis.jpg 739w, https:\/\/www.cordobatimes.com\/showup\/wp-content\/uploads\/2021\/09\/denuncia-del-hijo-de-sergio-denis-696x332.jpg 696w\" sizes=\"auto, (max-width: 739px) 100vw, 739px\" \/><\/p>\n<p>la denuncia que realiz\u00f3 el mayor de los hijos de H\u00e9ctor Omar Hoffmann, como era el verdadero nombre del recordado \u00eddolo, hace referencia a los actos del Frente de Todos que se realizaron en Tandil, provincia de Buenos Aires y en Goya, Corrientes, en los que se enton\u00f3 la canci\u00f3n con la letra modificada.<\/p>\n<p>En casos como este, apenas el autor de la obra (en este caso uno de sus herederos) efect\u00faa la denuncia en SADAIC, la entidad debe notificar al partido pol\u00edtico la prohibici\u00f3n del uso de la canci\u00f3n a trav\u00e9s de una carta documento, para que quede todo asentado y se le informa que eventualmente podr\u00edan recibir un reclamo econ\u00f3mico.<\/p>\n","protected":false},"excerpt":{"rendered":"<p>Se trata del tema \u201cTe quiero tanto\u201d. \u201cYo soy la aventura y t\u00fa la realidad, t\u00fa la ternura. Yo soy la libertad, t\u00fa la esperanza. La vida que me das y no me alcanza, no me alcanza. Hoy querida m\u00eda, hagamos el amor con alegr\u00eda. Tratemos de vivir con fantas\u00eda. Juguemos sin temor que hoy [&hellip;]<\/p>\n","protected":false},"author":1,"featured_media":91109,"comment_status":"closed","ping_status":"closed","sticky":false,"template":"","format":"standard","meta":{"_seopress_robots_primary_cat":"","_seopress_titles_title":"","_seopress_titles_desc":"","_seopress_robots_index":"","footnotes":""},"categories":[23399],"tags":[33346,33347,33345],"class_list":{"0":"post-91108","1":"post","2":"type-post","3":"status-publish","4":"format-standard","5":"has-post-thumbnail","7":"category-sociedad","8":"tag-federico-hoffmann-frente-de-todos","9":"tag-frente-de-todos-campana-electoral","10":"tag-hijo-de-sergio-denis-denuncio-en-sadaic-al-frente-de-todos"},"_links":{"self":[{"href":"https:\/\/www.cordobatimes.com\/showup\/wp-json\/wp\/v2\/posts\/91108","targetHints":{"allow":["GET"]}}],"collection":[{"href":"https:\/\/www.cordobatimes.com\/showup\/wp-json\/wp\/v2\/posts"}],"about":[{"href":"https:\/\/www.cordobatimes.com\/showup\/wp-json\/wp\/v2\/types\/post"}],"author":[{"embeddable":true,"href":"https:\/\/www.cordobatimes.com\/showup\/wp-json\/wp\/v2\/users\/1"}],"replies":[{"embeddable":true,"href":"https:\/\/www.cordobatimes.com\/showup\/wp-json\/wp\/v2\/comments?post=91108"}],"version-history":[{"count":0,"href":"https:\/\/www.cordobatimes.com\/showup\/wp-json\/wp\/v2\/posts\/91108\/revisions"}],"wp:featuredmedia":[{"embeddable":true,"href":"https:\/\/www.cordobatimes.com\/showup\/wp-json\/wp\/v2\/media\/91109"}],"wp:attachment":[{"href":"https:\/\/www.cordobatimes.com\/showup\/wp-json\/wp\/v2\/media?parent=91108"}],"wp:term":[{"taxonomy":"category","embeddable":true,"href":"https:\/\/www.cordobatimes.com\/showup\/wp-json\/wp\/v2\/categories?post=91108"},{"taxonomy":"post_tag","embeddable":true,"href":"https:\/\/www.cordobatimes.com\/showup\/wp-json\/wp\/v2\/tags?post=91108"}],"curies":[{"name":"wp","href":"https:\/\/api.w.org\/{rel}","templated":true}]}}