{"id":91050,"date":"2021-09-03T10:27:58","date_gmt":"2021-09-03T13:27:58","guid":{"rendered":"https:\/\/www.cordobatimes.com\/showup\/?p=91050"},"modified":"2021-09-03T10:27:58","modified_gmt":"2021-09-03T13:27:58","slug":"luis-miguel-la-serie-temporada-3-fecha-de-estreno-y-primer-trailer","status":"publish","type":"post","link":"https:\/\/www.cordobatimes.com\/showup\/cine-y-series\/2021\/09\/03\/luis-miguel-la-serie-temporada-3-fecha-de-estreno-y-primer-trailer\/","title":{"rendered":"\u00abLuis Miguel, la serie temporada 3\u00bb: fecha de estreno y primer tr\u00e1iler"},"content":{"rendered":"<h3><strong>Netflix dio el vistazo de lo que ser\u00e1 la temporada final de la serie sobre la vida de El Sol de M\u00e9xico.<\/strong><\/h3>\n<p>Tras dos exitosas temporadas,\u00a0Luis Miguel, la serie\u00a0llegar\u00e1 a su final con otra pol\u00e9mica etapa de la vida del cantante, y\u00a0los adelantos sugieren nuevas escenas de su padre,\u00a0Luisito Rey, y el romance que vivi\u00f3 con\u00a0Mariah Carey.<\/p>\n<p>\u00abEl Sol de M\u00e9xico se enfrentar\u00e1 a nuevos retos personales y profesionales que amenazan lo que ha construido a lo largo de m\u00e1s de 30 a\u00f1os de carrera\u00bb, anuncia\u00a0Netflix\u00a0sobre\u00a0la serie, que\u00a0podr\u00e1 ser vista a partir del 28 de octubre.<\/p>\n<p>En el\u00a0tr\u00e1iler oficial\u00a0de la historia de uno de los \u00edconos m\u00e1s grandes de la m\u00fasica latinoamericana, se observa a Luis Miguel, interpretado por Diego Boneta, entrando una vez m\u00e1s a un escenario entre aplausos ensordecedores.<\/p>\n<p><iframe loading=\"lazy\" width=\"560\" height=\"315\" src=\"https:\/\/www.youtube.com\/embed\/XiF76kraYqQ\" title=\"YouTube video player\" frameborder=\"0\" allow=\"accelerometer; autoplay; clipboard-write; encrypted-media; gyroscope; picture-in-picture\" allowfullscreen><\/iframe><\/p>\n","protected":false},"excerpt":{"rendered":"<p>Netflix dio el vistazo de lo que ser\u00e1 la temporada final de la serie sobre la vida de El Sol de M\u00e9xico. Tras dos exitosas temporadas,\u00a0Luis Miguel, la serie\u00a0llegar\u00e1 a su final con otra pol\u00e9mica etapa de la vida del cantante, y\u00a0los adelantos sugieren nuevas escenas de su padre,\u00a0Luisito Rey, y el romance que vivi\u00f3 [&hellip;]<\/p>\n","protected":false},"author":1,"featured_media":91051,"comment_status":"closed","ping_status":"closed","sticky":false,"template":"","format":"standard","meta":{"_seopress_robots_primary_cat":"","_seopress_titles_title":"","_seopress_titles_desc":"","_seopress_robots_index":"","footnotes":""},"categories":[3],"tags":[33320,33318,33319],"class_list":{"0":"post-91050","1":"post","2":"type-post","3":"status-publish","4":"format-standard","5":"has-post-thumbnail","7":"category-cine-y-series","8":"tag-fecha-de-estreno-de-luis-miguel-la-serie-parte-3","9":"tag-trailer-de-la-temporada-3-de-luis-miguel-la-serie","10":"tag-trailer-de-luis-miguel-la-serie-parte-3"},"_links":{"self":[{"href":"https:\/\/www.cordobatimes.com\/showup\/wp-json\/wp\/v2\/posts\/91050","targetHints":{"allow":["GET"]}}],"collection":[{"href":"https:\/\/www.cordobatimes.com\/showup\/wp-json\/wp\/v2\/posts"}],"about":[{"href":"https:\/\/www.cordobatimes.com\/showup\/wp-json\/wp\/v2\/types\/post"}],"author":[{"embeddable":true,"href":"https:\/\/www.cordobatimes.com\/showup\/wp-json\/wp\/v2\/users\/1"}],"replies":[{"embeddable":true,"href":"https:\/\/www.cordobatimes.com\/showup\/wp-json\/wp\/v2\/comments?post=91050"}],"version-history":[{"count":0,"href":"https:\/\/www.cordobatimes.com\/showup\/wp-json\/wp\/v2\/posts\/91050\/revisions"}],"wp:featuredmedia":[{"embeddable":true,"href":"https:\/\/www.cordobatimes.com\/showup\/wp-json\/wp\/v2\/media\/91051"}],"wp:attachment":[{"href":"https:\/\/www.cordobatimes.com\/showup\/wp-json\/wp\/v2\/media?parent=91050"}],"wp:term":[{"taxonomy":"category","embeddable":true,"href":"https:\/\/www.cordobatimes.com\/showup\/wp-json\/wp\/v2\/categories?post=91050"},{"taxonomy":"post_tag","embeddable":true,"href":"https:\/\/www.cordobatimes.com\/showup\/wp-json\/wp\/v2\/tags?post=91050"}],"curies":[{"name":"wp","href":"https:\/\/api.w.org\/{rel}","templated":true}]}}