{"id":91022,"date":"2021-09-01T12:35:35","date_gmt":"2021-09-01T15:35:35","guid":{"rendered":"https:\/\/www.cordobatimes.com\/showup\/?p=91022"},"modified":"2021-09-01T12:35:35","modified_gmt":"2021-09-01T15:35:35","slug":"festival-de-venecia-2021-todos-los-looks-de-la-alfombra-roja","status":"publish","type":"post","link":"https:\/\/www.cordobatimes.com\/showup\/moda-y-estilos\/2021\/09\/01\/festival-de-venecia-2021-todos-los-looks-de-la-alfombra-roja\/","title":{"rendered":"Festival de Venecia 2021: todos los looks de la alfombra roja"},"content":{"rendered":"<h3><strong>Todos los looks de los asistentes a uno de los eventos de cine m\u00e1s glamourosos (y esperados) de la temporada.<\/strong><\/h3>\n<p>El\u00a0Festival de Venecia arranca su esperada 78\u00ba edici\u00f3n\u00a0en el Palacio de Congresos del Lido, una isla en la zona norte de Venecia. Uno de los eventos de cine m\u00e1s esperados que ser\u00e1 inaugurado por\u00a0Madres paralelas, la pel\u00edcula de\u00a0Pedro Almod\u00f3var\u00a0protagonizada por\u00a0Pen\u00e9lope Cruz\u00a0y\u00a0Milena Smit\u00a0y que formar\u00e1 parte de la secci\u00f3n oficial. Adem\u00e1s, ser\u00e1 el lugar en el que se estrene\u00a0la nueva versi\u00f3n de\u00a0Dune\u00a0que ha dirigido Denis Villeneuve\u00a0y Roberto Benigni recibir\u00e1 un reconocimiento a toda su carrera en esta edici\u00f3n.<\/p>\n<p>Entre las muchas celebrities invitadas, se esperan caras conocidas como\u00a0Kristen Stewart,\u00a0que protagoniza\u00a0Spencer\u00a0el\u00a0biopic\u00a0de Lady Di de Pablo Larra\u00edn,\u00a0Anya Taylor-Joy\u00a0en\u00a0\u00daltima noche en el Soho\u00a0\u2013fuera de competici\u00f3n\u2013 y\u00a0Dakota Johnson,\u00a0que protagoniza\u00a0The Lost Daughter, el debut en la direcci\u00f3n de Maggie Gyllenhaal. Adem\u00e1s, se podr\u00e1 ver\u00a0Competencia oficial, el filme que ha vuelto a unir a Pen\u00e9lope Cruz y Antonio Banderas a las \u00f3rdenes de Gast\u00f3n Duprat y Mariano Cohn;\u00a0The Hand of God, lo \u00faltimo de\u00a0Paolo Sorrentino\u00a0o\u00a0The Last Duel, la pel\u00edcula de Ridley Scott que re\u00fane nuevamente a Ben Affleck y Matt Damon en un proyecto.<\/p>\n<p><strong>Pedro Almod\u00f3var y Pen\u00e9lope Cruz<\/strong><\/p>\n<p>Pen\u00e9lope Cruz\u00a0posa con\u00a0Pedro Almod\u00f3var.\u00a0Ambos inaugurar\u00e1n el festival con la pel\u00edcula del director manchego\u00a0Madres Paralelas.<\/p>\n<p><img alt=\"\" loading=\"lazy\" decoding=\"async\" class=\"alignnone wp-image-91024 size-full\" src=\"https:\/\/www.cordobatimes.com\/showup\/wp-content\/uploads\/2021\/09\/GettyImages-1337476295-scaled.jpg\" alt=\"\" width=\"1707\" height=\"2560\" srcset=\"https:\/\/www.cordobatimes.com\/showup\/wp-content\/uploads\/2021\/09\/GettyImages-1337476295-scaled.jpg 1707w, https:\/\/www.cordobatimes.com\/showup\/wp-content\/uploads\/2021\/09\/GettyImages-1337476295-280x420.jpg 280w, https:\/\/www.cordobatimes.com\/showup\/wp-content\/uploads\/2021\/09\/GettyImages-1337476295-683x1024.jpg 683w, https:\/\/www.cordobatimes.com\/showup\/wp-content\/uploads\/2021\/09\/GettyImages-1337476295-768x1152.jpg 768w, https:\/\/www.cordobatimes.com\/showup\/wp-content\/uploads\/2021\/09\/GettyImages-1337476295-1024x1536.jpg 1024w, https:\/\/www.cordobatimes.com\/showup\/wp-content\/uploads\/2021\/09\/GettyImages-1337476295-1365x2048.jpg 1365w, https:\/\/www.cordobatimes.com\/showup\/wp-content\/uploads\/2021\/09\/GettyImages-1337476295-696x1044.jpg 696w, https:\/\/www.cordobatimes.com\/showup\/wp-content\/uploads\/2021\/09\/GettyImages-1337476295-1068x1602.jpg 1068w\" sizes=\"auto, (max-width: 1707px) 100vw, 1707px\" \/><\/p>\n<p>&nbsp;<\/p>\n<p><strong>Kirsten Dunst<\/strong><\/p>\n<p>La actriz\u00a0Kirsten Dunst\u00a0vestida de\u00a0Gucci\u00a0y apostando por la logomania a su llegada a Venecia.<\/p>\n<p><img alt=\"\" loading=\"lazy\" decoding=\"async\" class=\"alignnone wp-image-91025 size-full\" src=\"https:\/\/www.cordobatimes.com\/showup\/wp-content\/uploads\/2021\/09\/GettyImages-1337442618-scaled.jpg\" alt=\"\" width=\"1707\" height=\"2560\" srcset=\"https:\/\/www.cordobatimes.com\/showup\/wp-content\/uploads\/2021\/09\/GettyImages-1337442618-scaled.jpg 1707w, https:\/\/www.cordobatimes.com\/showup\/wp-content\/uploads\/2021\/09\/GettyImages-1337442618-280x420.jpg 280w, https:\/\/www.cordobatimes.com\/showup\/wp-content\/uploads\/2021\/09\/GettyImages-1337442618-683x1024.jpg 683w, https:\/\/www.cordobatimes.com\/showup\/wp-content\/uploads\/2021\/09\/GettyImages-1337442618-768x1152.jpg 768w, https:\/\/www.cordobatimes.com\/showup\/wp-content\/uploads\/2021\/09\/GettyImages-1337442618-1024x1536.jpg 1024w, https:\/\/www.cordobatimes.com\/showup\/wp-content\/uploads\/2021\/09\/GettyImages-1337442618-1365x2048.jpg 1365w, https:\/\/www.cordobatimes.com\/showup\/wp-content\/uploads\/2021\/09\/GettyImages-1337442618-696x1044.jpg 696w, https:\/\/www.cordobatimes.com\/showup\/wp-content\/uploads\/2021\/09\/GettyImages-1337442618-1068x1602.jpg 1068w\" sizes=\"auto, (max-width: 1707px) 100vw, 1707px\" \/><\/p>\n<p><strong>Sarah Gadon<\/strong><\/p>\n<p>La actriz\u00a0Sarah Gadon\u00a0recurriendo a la sastrer\u00eda y al azul empolvado en su llegada al festival.<\/p>\n<p><img alt=\"\" loading=\"lazy\" decoding=\"async\" class=\"alignnone wp-image-91026 size-full\" src=\"https:\/\/www.cordobatimes.com\/showup\/wp-content\/uploads\/2021\/09\/GettyImages-1337448873-scaled.jpg\" alt=\"\" width=\"1707\" height=\"2560\" srcset=\"https:\/\/www.cordobatimes.com\/showup\/wp-content\/uploads\/2021\/09\/GettyImages-1337448873-scaled.jpg 1707w, https:\/\/www.cordobatimes.com\/showup\/wp-content\/uploads\/2021\/09\/GettyImages-1337448873-280x420.jpg 280w, https:\/\/www.cordobatimes.com\/showup\/wp-content\/uploads\/2021\/09\/GettyImages-1337448873-683x1024.jpg 683w, https:\/\/www.cordobatimes.com\/showup\/wp-content\/uploads\/2021\/09\/GettyImages-1337448873-768x1152.jpg 768w, https:\/\/www.cordobatimes.com\/showup\/wp-content\/uploads\/2021\/09\/GettyImages-1337448873-1024x1536.jpg 1024w, https:\/\/www.cordobatimes.com\/showup\/wp-content\/uploads\/2021\/09\/GettyImages-1337448873-1365x2048.jpg 1365w, https:\/\/www.cordobatimes.com\/showup\/wp-content\/uploads\/2021\/09\/GettyImages-1337448873-696x1044.jpg 696w, https:\/\/www.cordobatimes.com\/showup\/wp-content\/uploads\/2021\/09\/GettyImages-1337448873-1068x1602.jpg 1068w\" sizes=\"auto, (max-width: 1707px) 100vw, 1707px\" \/><\/p>\n<p>&nbsp;<\/p>\n<p>&nbsp;<\/p>\n","protected":false},"excerpt":{"rendered":"<p>Todos los looks de los asistentes a uno de los eventos de cine m\u00e1s glamourosos (y esperados) de la temporada. El\u00a0Festival de Venecia arranca su esperada 78\u00ba edici\u00f3n\u00a0en el Palacio de Congresos del Lido, una isla en la zona norte de Venecia. Uno de los eventos de cine m\u00e1s esperados que ser\u00e1 inaugurado por\u00a0Madres paralelas, [&hellip;]<\/p>\n","protected":false},"author":1,"featured_media":91023,"comment_status":"closed","ping_status":"closed","sticky":false,"template":"","format":"standard","meta":{"_seopress_robots_primary_cat":"","_seopress_titles_title":"","_seopress_titles_desc":"","_seopress_robots_index":"","footnotes":""},"categories":[228],"tags":[33311,33309,33310],"class_list":{"0":"post-91022","1":"post","2":"type-post","3":"status-publish","4":"format-standard","5":"has-post-thumbnail","7":"category-moda-y-estilos","8":"tag-festival-de-venecia-2021","9":"tag-looks-del-festival-de-venecia","10":"tag-primer-dia-del-festival-de-venecia"},"_links":{"self":[{"href":"https:\/\/www.cordobatimes.com\/showup\/wp-json\/wp\/v2\/posts\/91022","targetHints":{"allow":["GET"]}}],"collection":[{"href":"https:\/\/www.cordobatimes.com\/showup\/wp-json\/wp\/v2\/posts"}],"about":[{"href":"https:\/\/www.cordobatimes.com\/showup\/wp-json\/wp\/v2\/types\/post"}],"author":[{"embeddable":true,"href":"https:\/\/www.cordobatimes.com\/showup\/wp-json\/wp\/v2\/users\/1"}],"replies":[{"embeddable":true,"href":"https:\/\/www.cordobatimes.com\/showup\/wp-json\/wp\/v2\/comments?post=91022"}],"version-history":[{"count":0,"href":"https:\/\/www.cordobatimes.com\/showup\/wp-json\/wp\/v2\/posts\/91022\/revisions"}],"wp:featuredmedia":[{"embeddable":true,"href":"https:\/\/www.cordobatimes.com\/showup\/wp-json\/wp\/v2\/media\/91023"}],"wp:attachment":[{"href":"https:\/\/www.cordobatimes.com\/showup\/wp-json\/wp\/v2\/media?parent=91022"}],"wp:term":[{"taxonomy":"category","embeddable":true,"href":"https:\/\/www.cordobatimes.com\/showup\/wp-json\/wp\/v2\/categories?post=91022"},{"taxonomy":"post_tag","embeddable":true,"href":"https:\/\/www.cordobatimes.com\/showup\/wp-json\/wp\/v2\/tags?post=91022"}],"curies":[{"name":"wp","href":"https:\/\/api.w.org\/{rel}","templated":true}]}}