{"id":91016,"date":"2021-08-31T18:14:08","date_gmt":"2021-08-31T21:14:08","guid":{"rendered":"https:\/\/www.cordobatimes.com\/showup\/?p=91016"},"modified":"2021-08-31T18:14:08","modified_gmt":"2021-08-31T21:14:08","slug":"lali-esposito-produce-y-protagoniza-una-serie-para-amazon-prime-video","status":"publish","type":"post","link":"https:\/\/www.cordobatimes.com\/showup\/cine-y-series\/2021\/08\/31\/lali-esposito-produce-y-protagoniza-una-serie-para-amazon-prime-video\/","title":{"rendered":"Lali Esp\u00f3sito produce y protagoniza  una serie para Amazon Prime Video"},"content":{"rendered":"<h3><strong>Se rodar\u00e1 en Buenos Aires y contar\u00e1 tambi\u00e9n con las\u00a0actuaciones de Ver\u00f3nica Llin\u00e1s, Vera Spinetta y Mariana Genesio Pe\u00f1a, entre otros.<\/strong><\/h3>\n<p>La\u00a0cantante y actriz Lali Esp\u00f3sito ser\u00e1 la protagonista y productora de \u201cEl fin del amor\u201d, una comedia dram\u00e1tica basada en el hom\u00f3nimo best-seller de Tamara Tenenbaum, que narra la historia de una atrevida fil\u00f3sofa de la cultura pop.<\/p>\n<p>La serie, que ya se encuentra en producci\u00f3n y cuyo rodaje tendr\u00e1 lugar en Buenos Aires, contar\u00e1 tambi\u00e9n con las\u00a0actuaciones de Ver\u00f3nica Llin\u00e1s, Vera Spinetta y Mariana Genesio Pe\u00f1a, entre otros.<\/p>\n<p>En cuanto a la trama, la entrega aborda la historia de Tamara (Esp\u00f3sito), una osada fil\u00f3sofa que luego de confrontar de forma inesperada su educaci\u00f3n jud\u00eda ortodoxa, deja a su novio para rebelarse contra el concepto tradicional de romance, tal como lo hizo con su vida religiosa.<\/p>\n<p>\u201cEs emocionante traer la narrativa inteligente de `El fin del amor\u00b4 a Prime Video para que la disfruten los clientes de Argentina y el resto del mundo\u201d, dijo\u00a0Javiera Balmaceda, directora de originales locales para Amazon Studios, a trav\u00e9s de un comunicado de prensa.<\/p>\n<p>En ese sentido agreg\u00f3: \u201cEsta es una divertid\u00edsima historia que habla sobre las experiencias vividas por las j\u00f3venes mujeres en el siglo XXI, y creemos que al p\u00fablico le va a encantar c\u00f3mo este viaje invita a reconsiderar la naturaleza misma de las relaciones en la actualidad\u201d.<\/p>\n<p>Erika Halvorsen -nominada al Emmy-, es la co-creadora y escritora junto a Tenenbaum; mientras que la actriz, directora y guionista espa\u00f1ola Leticia Dolera, ganadora en Canneseries por su serie \u00abVida perfecta\u00bb, estar\u00e1 a cargo de la direcci\u00f3n del primer bloque de episodios de la serie.<\/p>\n","protected":false},"excerpt":{"rendered":"<p>Se rodar\u00e1 en Buenos Aires y contar\u00e1 tambi\u00e9n con las\u00a0actuaciones de Ver\u00f3nica Llin\u00e1s, Vera Spinetta y Mariana Genesio Pe\u00f1a, entre otros. La\u00a0cantante y actriz Lali Esp\u00f3sito ser\u00e1 la protagonista y productora de \u201cEl fin del amor\u201d, una comedia dram\u00e1tica basada en el hom\u00f3nimo best-seller de Tamara Tenenbaum, que narra la historia de una atrevida fil\u00f3sofa [&hellip;]<\/p>\n","protected":false},"author":1,"featured_media":91017,"comment_status":"closed","ping_status":"closed","sticky":false,"template":"","format":"standard","meta":{"_seopress_robots_primary_cat":"","_seopress_titles_title":"","_seopress_titles_desc":"","_seopress_robots_index":"","footnotes":""},"categories":[3],"tags":[33305,33303,33304],"class_list":{"0":"post-91016","1":"post","2":"type-post","3":"status-publish","4":"format-standard","5":"has-post-thumbnail","7":"category-cine-y-series","8":"tag-el-fin-del-amor-amazon-prime-video","9":"tag-lali-esposito-el-fin-del-amor","10":"tag-lali-esposito-tamara"},"_links":{"self":[{"href":"https:\/\/www.cordobatimes.com\/showup\/wp-json\/wp\/v2\/posts\/91016","targetHints":{"allow":["GET"]}}],"collection":[{"href":"https:\/\/www.cordobatimes.com\/showup\/wp-json\/wp\/v2\/posts"}],"about":[{"href":"https:\/\/www.cordobatimes.com\/showup\/wp-json\/wp\/v2\/types\/post"}],"author":[{"embeddable":true,"href":"https:\/\/www.cordobatimes.com\/showup\/wp-json\/wp\/v2\/users\/1"}],"replies":[{"embeddable":true,"href":"https:\/\/www.cordobatimes.com\/showup\/wp-json\/wp\/v2\/comments?post=91016"}],"version-history":[{"count":0,"href":"https:\/\/www.cordobatimes.com\/showup\/wp-json\/wp\/v2\/posts\/91016\/revisions"}],"wp:featuredmedia":[{"embeddable":true,"href":"https:\/\/www.cordobatimes.com\/showup\/wp-json\/wp\/v2\/media\/91017"}],"wp:attachment":[{"href":"https:\/\/www.cordobatimes.com\/showup\/wp-json\/wp\/v2\/media?parent=91016"}],"wp:term":[{"taxonomy":"category","embeddable":true,"href":"https:\/\/www.cordobatimes.com\/showup\/wp-json\/wp\/v2\/categories?post=91016"},{"taxonomy":"post_tag","embeddable":true,"href":"https:\/\/www.cordobatimes.com\/showup\/wp-json\/wp\/v2\/tags?post=91016"}],"curies":[{"name":"wp","href":"https:\/\/api.w.org\/{rel}","templated":true}]}}