{"id":90997,"date":"2021-08-30T12:54:23","date_gmt":"2021-08-30T15:54:23","guid":{"rendered":"https:\/\/www.cordobatimes.com\/showup\/?p=90997"},"modified":"2021-08-30T12:54:23","modified_gmt":"2021-08-30T15:54:23","slug":"disney-presenta-la-vida-de-dug-el-spin-off-de-up-una-aventura-en-las-alturas","status":"publish","type":"post","link":"https:\/\/www.cordobatimes.com\/showup\/cine-y-series\/2021\/08\/30\/disney-presenta-la-vida-de-dug-el-spin-off-de-up-una-aventura-en-las-alturas\/","title":{"rendered":"Disney+ presenta \u201cLa vida de Dug\u201d, el spin-off de \u201cUp: una aventura en las alturas\u201d"},"content":{"rendered":"<h3><strong>Tras una d\u00e9cada de haberse lanzado este cl\u00e1sico, Disney recurre a Dug, la mascota protagonista de la famosa cinta, para producir una miniserie de cinco cap\u00edtulos.<\/strong><\/h3>\n<p>Los formatos spin-off se han convertido en una interesante apuesta. La pr\u00f3xima producci\u00f3n de Pixar est\u00e1 llena de expectativas para los m\u00e1s peque\u00f1os. En esta ocasi\u00f3n se unen para lanzar una serie animada que consiste en cinco cap\u00edtulos cortos que siguen la vida despu\u00e9s de la aventura que tuvieron estos tres amigos. Est\u00e1 inspirada en la exitosa franquicia\u00a0\u201cUp: una aventura en el aire\u201d.\u00a0El adorable y memorable perrito, Dug ser\u00e1 el protagonista de esta miniserie que se lanzar\u00e1 el 1 de septiembre.<\/p>\n<p>\u201cLa vida de Dug\u201d: la nueva apuesta de Pixar<\/p>\n<p>Este spin-off se centrar\u00e1 en el adorable perro de \u201cUp\u201d, el amigo fiel de Rusell y de su nuevo due\u00f1o Carl Frederickson.\u00a0S\u00ed, el mismo que estaba obsesionado con las ardillas y cuyo collar de alta tecnolog\u00eda traduce sus pensamientos en habla.<\/p>\n<p>Las nuevas aventuras se desarrollar\u00e1n en los espacios donde se ambient\u00f3 Up. Su nueva vida en los suburbios se dar\u00e1 a conocer en cada cap\u00edtulo.\u00a0C\u00f3mo son los d\u00edas de Dug en la vida de los dos personajes esenciales de Up.<\/p>\n<p>Esta mini serie de producida por\u00a0Kim Collins, trae consigo cinco cap\u00edtulos donde las divertidas desventuras de Dug ser\u00e1n protagonistas.\u00a0Bob Peterson, fue quien se encarg\u00f3 de darle voz a Dug en \u201cUp\u201d.\u00a0En esta \u00faltima producci\u00f3n, escribi\u00f3 y dirigi\u00f3 los nuevos cortos.<\/p>\n<p>Los guionistas y productores de\u00a0\u201cLa vida de Dug\u201d, en su mayor\u00eda, son los mismos de la versi\u00f3n original. En este caso, se trata de un material conocido para Peterson. El guionista y codirector de \u201cUp\u201d entendi\u00f3 por qu\u00e9 los fans se sienten tan atra\u00eddos por el personaje.\u00a0\u201cDug es puro de coraz\u00f3n, es un alma buena.\u00a0Creo que la gente disfruta con esa parte de Dug\u201d, dice Peterson.<\/p>\n<p>Este adorable perrito supo robarse los corazones del p\u00fablico. Pixar se caracteriza por a\u00f1adir a las mascotas favoritas de la mayor\u00eda.\u00a0\u201cLa gente quiere a sus perros. Nos hemos esforzado por mostrar la verdad sobre sus comportamientos. As\u00ed que muchos ven a sus propios perros en Dug\u201d, comenta Bob Peterson con relaci\u00f3n al nuevo protagonista perruno.<\/p>\n<p>Idear nuevas aventuras de Dug no fue un problema para Peterson. El guionista tuvo muy presente la idea de que es la primera vez que Dug sale de Paradise Falls.\u00a0\u201cTodo es nuevo y todo le entusiasma. Es un perro extrovertido. Pero las cosas m\u00e1s peque\u00f1as pueden distraer a Dug. No importa si es o no, una ardilla de verdad\u201c, dice.<\/p>\n<p>Un breve repaso de \u201cUp: una aventura en las alturas\u201d<\/p>\n<p>La premisa de este filme es quiz\u00e1s uno de los m\u00e1s conmovedores y enternecedores que se pueda hallar en el cat\u00e1logo de Disney.\u00a0Se trata de un viudo de 78 a\u00f1os, Carl Fredricksen (Ed Asner), quien luego de perder a su esposa, se deprime. Pero desea cumplir el sue\u00f1o que juntos hab\u00edan planeado, a pesar de su longeva edad.<\/p>\n<p>Decide irse de aventura con miles de globos llenos de helios para ir a lugares desconocidos de Suram\u00e9rica. Carl se dar\u00e1 cuenta tiempo despu\u00e9s que en ese viaje a las alturas estar\u00e1 acompa\u00f1ado. Su \u201cpeor\u201d pesadilla: Rusell (Jordan Nagai), un en\u00e9rgico ni\u00f1o explorador que clandestinamente decide sumarse a la aventura. Aunque este par no terminan solos del todo; cu\u00e1ndo se une al equipo, qu\u00eden se convierte en la mascota del peque\u00f1o y los acompa\u00f1a en una aventura en la que tendr\u00e1n que sobrevivir a un enemigo enloquecido.<\/p>\n<p>\u00c9xito taquillero de \u201cUp\u201d<\/p>\n<p>Cabe recordar que este largometraje animado se convirti\u00f3 en un cl\u00e1sico.\u00a0La popular pel\u00edcula de Disney y Pixar fue ganadora de un Oscar y super\u00f3 un r\u00e9cord en taquilla con $735.099.082 de d\u00f3lares.\u00a0Esto demuestra la gran acogida que tuvo el p\u00fablico con la narrativa, la animaci\u00f3n y la producci\u00f3n.<\/p>\n<p>La conexi\u00f3n, seg\u00fan la cr\u00edtica, fue tan impactante que consideran que\u00a0el eje principal era la lealtad. Explorar c\u00f3mo una amistad con muchos a\u00f1os de diferencia puede valer igual que una de edades contempor\u00e1neas. Gracias a una cuota de esfuerzos, producci\u00f3n, narrativa y otros elementos, \u201cUp\u201d\u00a0gan\u00f3 el Oscar a la mejor pel\u00edcula de animaci\u00f3n.<\/p>\n<p>Se presume que este cortometraje ser\u00eda la continuaci\u00f3n de la historia original. Esta producci\u00f3n promete diversi\u00f3n y se espera que los fans de \u201cUp\u201d se conecten tanto como lo hicieron con el largometraje.<\/p>\n<p>\u201cUp: una aventura en las alturas\u201d\u00a0est\u00e1 disponible en la plataforma streaming.\u00a0Los cinco cortos se estrenar\u00e1n en Disney+ este 1 de septiembre.<\/p>\n<p><iframe loading=\"lazy\" width=\"560\" height=\"315\" src=\"https:\/\/www.youtube.com\/embed\/uEdtAxQqrxw\" title=\"YouTube video player\" frameborder=\"0\" allow=\"accelerometer; autoplay; clipboard-write; encrypted-media; gyroscope; picture-in-picture\" allowfullscreen><\/iframe><\/p>\n","protected":false},"excerpt":{"rendered":"<p>Tras una d\u00e9cada de haberse lanzado este cl\u00e1sico, Disney recurre a Dug, la mascota protagonista de la famosa cinta, para producir una miniserie de cinco cap\u00edtulos. Los formatos spin-off se han convertido en una interesante apuesta. La pr\u00f3xima producci\u00f3n de Pixar est\u00e1 llena de expectativas para los m\u00e1s peque\u00f1os. En esta ocasi\u00f3n se unen para [&hellip;]<\/p>\n","protected":false},"author":1,"featured_media":90998,"comment_status":"closed","ping_status":"closed","sticky":false,"template":"","format":"standard","meta":{"_seopress_robots_primary_cat":"","_seopress_titles_title":"","_seopress_titles_desc":"","_seopress_robots_index":"","footnotes":""},"categories":[3],"tags":[33293,33294,33295],"class_list":{"0":"post-90997","1":"post","2":"type-post","3":"status-publish","4":"format-standard","5":"has-post-thumbnail","7":"category-cine-y-series","8":"tag-la-vida-de-dug","9":"tag-el-spin-off-de-up-una-aventura-en-las-alturas","10":"tag-spin-off-de-up"},"_links":{"self":[{"href":"https:\/\/www.cordobatimes.com\/showup\/wp-json\/wp\/v2\/posts\/90997","targetHints":{"allow":["GET"]}}],"collection":[{"href":"https:\/\/www.cordobatimes.com\/showup\/wp-json\/wp\/v2\/posts"}],"about":[{"href":"https:\/\/www.cordobatimes.com\/showup\/wp-json\/wp\/v2\/types\/post"}],"author":[{"embeddable":true,"href":"https:\/\/www.cordobatimes.com\/showup\/wp-json\/wp\/v2\/users\/1"}],"replies":[{"embeddable":true,"href":"https:\/\/www.cordobatimes.com\/showup\/wp-json\/wp\/v2\/comments?post=90997"}],"version-history":[{"count":0,"href":"https:\/\/www.cordobatimes.com\/showup\/wp-json\/wp\/v2\/posts\/90997\/revisions"}],"wp:featuredmedia":[{"embeddable":true,"href":"https:\/\/www.cordobatimes.com\/showup\/wp-json\/wp\/v2\/media\/90998"}],"wp:attachment":[{"href":"https:\/\/www.cordobatimes.com\/showup\/wp-json\/wp\/v2\/media?parent=90997"}],"wp:term":[{"taxonomy":"category","embeddable":true,"href":"https:\/\/www.cordobatimes.com\/showup\/wp-json\/wp\/v2\/categories?post=90997"},{"taxonomy":"post_tag","embeddable":true,"href":"https:\/\/www.cordobatimes.com\/showup\/wp-json\/wp\/v2\/tags?post=90997"}],"curies":[{"name":"wp","href":"https:\/\/api.w.org\/{rel}","templated":true}]}}