{"id":90978,"date":"2021-08-26T11:21:20","date_gmt":"2021-08-26T14:21:20","guid":{"rendered":"https:\/\/www.cordobatimes.com\/showup\/?p=90978"},"modified":"2021-08-26T11:21:20","modified_gmt":"2021-08-26T14:21:20","slug":"confirman-el-estreno-de-sueno-bendito-la-serie-de-maradona","status":"publish","type":"post","link":"https:\/\/www.cordobatimes.com\/showup\/cine-y-series\/2021\/08\/26\/confirman-el-estreno-de-sueno-bendito-la-serie-de-maradona\/","title":{"rendered":"Confirman el estreno de Sue\u00f1o Bendito, la serie de Maradona"},"content":{"rendered":"<h3><strong>Antes de morir, el exfutbolista firm\u00f3 un documento en donde pidi\u00f3 que en la ficci\u00f3n se contaran 14 hechos puntuales de su vida<\/strong><\/h3>\n<p>\u201cLas vueltas al mundo que dio mi pie. Y las vueltas adentro de su cabeza&#8230; Porque hay que estar adentro de esos botines\u201d, se oye en una voz en off al actor que interpreta a\u00a0Diego Maradona\u00a0en\u00a0Maradona: Sue\u00f1o Bendito.\u00a0Autorizada por \u00e9l -incluso, antes de morir,\u00a0dej\u00f3 por escrito 14 hechos que quer\u00eda que se contasen en la ficci\u00f3n\u00a0y que le llevar\u00edan\u00a0m\u00e1s problemas judiciales con su ex esposa,\u00a0Claudia Villafa\u00f1e\u00a0, la serie contar\u00e1 la vida del exfutbolista.<\/p>\n<p>Habr\u00e1 tres actores argentinos que se pondr\u00e1n en la piel del Diez en diferentes etapas de su vida:\u00a0Nicol\u00e1s Goldschmidt\u00a0-quien lo encarnar\u00e1 cuando lo conoc\u00edan como\u00a0Pelusa\u00a0en Argentinos Juniors, en los primeros a\u00f1os de su carrera futbol\u00edstica-;\u00a0Nazareno Casero\u00a0-que lo interpretar\u00e1 en su \u00e9poca de mayor gloria, ya como capit\u00e1n de la Selecci\u00f3n-; Y\u00a0Juan Palomino\u00a0ser\u00e1 el Diego Maradona que se vio como DT de la Selecci\u00f3n en el Mundial de Sud\u00e1frica 2010. Es decir, en su madurez.<\/p>\n<p>Este jueves, se hizo el anuncio oficial de la fecha en que se estrenar\u00e1 la serie que se emitir\u00e1 por Amazon Prime Video.\u00a0\u201cConoc\u00e9 al hombre detr\u00e1s de la leyenda\u201d, se lee en la promoci\u00f3n que adelanta que el pr\u00f3ximo\u00a029 de octubre\u00a0estar\u00e1 disponible en la plataforma. El lanzamiento no es casualidad: al d\u00eda siguiente, el 30 de octubre, Diego Maradona cumplir\u00eda 61 a\u00f1os. Y ser\u00e1 el primero desde su muerte, aquel 25 de noviembre de 2020.<\/p>\n<p>Maradona: Sue\u00f1o Bendito\u00a0se film\u00f3 dentro de un hermetismo puro: los actores firmaron contratos de confidencialidad, no pod\u00edan mostrar nada a trav\u00e9s de sus redes sociales -excepto que los productores se los permitieran a modo de promoci\u00f3n- y tampoco dar entrevistas p\u00fablicas con detalles sobre sus respectivos personajes o bien, la historia.<\/p>\n<p>El a\u00f1o pasado sali\u00f3 a la luz un documento que Maradona hab\u00eda firmado el 30 de marzo de 2019 en Culiac\u00e1n, M\u00e9xico, en donde ped\u00eda expresamente que en la ficci\u00f3n se contaran determinados hechos. \u201cMe dirijo a usted a fin de hacer saber que bajo mi exclusiva responsabilidad autorizo a que la en mini serie que usted produce y que se encuentra en desarrollo,\u00a0se traten los siguientes temas que tr\u00e1gicamente me ha tocado vivir\u201d, dice en el escrito que, entre otros episodios, involucra a su ex suegro:\u00a0\u201cLa primera vez que consum\u00ed coca\u00edna\u00a0lo hice con el padre de Claudia, ya fallecido,\u00a0Coco\u00a0Villafa\u00f1e, quien me introdujo en el mundo de las drogas\u201d.<\/p>\n<p>Apenas se hizo p\u00fablico dicho documento, Claudia Villafa\u00f1e inici\u00f3 acciones legales con el fin de evitar que se cuenten determinados hechos que involucran a su familia. \u201cVamos a pedirle a la Justicia argentina, a una jueza de familia por el expediente de violencia,\u00a0que sea ejemplar y evite la difamaci\u00f3n de Claudia\u201d, asegur\u00f3 por ese entonces\u00a0Elba Marcovecchio, abogada de la empresaria. \u201cEsto es un atropello a la condici\u00f3n de mujer, es violencia en su m\u00e1xima expresi\u00f3n,\u00a0es violencia psicol\u00f3gica, econ\u00f3mica y medi\u00e1tica.\u00a0Adem\u00e1s, ante todo lo que firm\u00f3 Diego, vamos a tratar de que la serie no se emita. Por lo menos que la justicia pueda poner alguna medida cautelar fuerte\u201d, indic\u00f3 la representante legal de la ex esposa de Maradona.<\/p>\n<p><iframe loading=\"lazy\" width=\"560\" height=\"315\" src=\"https:\/\/www.youtube.com\/embed\/aorKHMh6PLc\" title=\"YouTube video player\" frameborder=\"0\" allow=\"accelerometer; autoplay; clipboard-write; encrypted-media; gyroscope; picture-in-picture\" allowfullscreen><\/iframe><\/p>\n","protected":false},"excerpt":{"rendered":"<p>Antes de morir, el exfutbolista firm\u00f3 un documento en donde pidi\u00f3 que en la ficci\u00f3n se contaran 14 hechos puntuales de su vida \u201cLas vueltas al mundo que dio mi pie. Y las vueltas adentro de su cabeza&#8230; Porque hay que estar adentro de esos botines\u201d, se oye en una voz en off al actor [&hellip;]<\/p>\n","protected":false},"author":1,"featured_media":90979,"comment_status":"closed","ping_status":"closed","sticky":false,"template":"","format":"standard","meta":{"_seopress_robots_primary_cat":"","_seopress_titles_title":"","_seopress_titles_desc":"","_seopress_robots_index":"","footnotes":""},"categories":[3],"tags":[33286,33287,33288],"class_list":{"0":"post-90978","1":"post","2":"type-post","3":"status-publish","4":"format-standard","5":"has-post-thumbnail","7":"category-cine-y-series","8":"tag-estreno-de-sueno-bendito-la-serie-de-maradona","9":"tag-maradona-sueno-bendito","10":"tag-trailer-de-sueno-bendito"},"_links":{"self":[{"href":"https:\/\/www.cordobatimes.com\/showup\/wp-json\/wp\/v2\/posts\/90978","targetHints":{"allow":["GET"]}}],"collection":[{"href":"https:\/\/www.cordobatimes.com\/showup\/wp-json\/wp\/v2\/posts"}],"about":[{"href":"https:\/\/www.cordobatimes.com\/showup\/wp-json\/wp\/v2\/types\/post"}],"author":[{"embeddable":true,"href":"https:\/\/www.cordobatimes.com\/showup\/wp-json\/wp\/v2\/users\/1"}],"replies":[{"embeddable":true,"href":"https:\/\/www.cordobatimes.com\/showup\/wp-json\/wp\/v2\/comments?post=90978"}],"version-history":[{"count":0,"href":"https:\/\/www.cordobatimes.com\/showup\/wp-json\/wp\/v2\/posts\/90978\/revisions"}],"wp:featuredmedia":[{"embeddable":true,"href":"https:\/\/www.cordobatimes.com\/showup\/wp-json\/wp\/v2\/media\/90979"}],"wp:attachment":[{"href":"https:\/\/www.cordobatimes.com\/showup\/wp-json\/wp\/v2\/media?parent=90978"}],"wp:term":[{"taxonomy":"category","embeddable":true,"href":"https:\/\/www.cordobatimes.com\/showup\/wp-json\/wp\/v2\/categories?post=90978"},{"taxonomy":"post_tag","embeddable":true,"href":"https:\/\/www.cordobatimes.com\/showup\/wp-json\/wp\/v2\/tags?post=90978"}],"curies":[{"name":"wp","href":"https:\/\/api.w.org\/{rel}","templated":true}]}}