{"id":90956,"date":"2021-08-26T09:39:52","date_gmt":"2021-08-26T12:39:52","guid":{"rendered":"https:\/\/www.cordobatimes.com\/showup\/?p=90956"},"modified":"2021-08-26T09:39:52","modified_gmt":"2021-08-26T12:39:52","slug":"cerdo-agridulce-con-calabaza","status":"publish","type":"post","link":"https:\/\/www.cordobatimes.com\/showup\/cocina\/2021\/08\/26\/cerdo-agridulce-con-calabaza\/","title":{"rendered":"Cerdo agridulce con calabaza"},"content":{"rendered":"<h3><strong>Ingredientes\u00a0<\/strong><\/h3>\n<ul>\n<li>1\/2 calabaza<\/li>\n<li>1 kg. de carne de cerdo, yo us\u00e9 matambrito de cerdo<\/li>\n<li>1 cebolla<\/li>\n<li>1 diente de ajo<\/li>\n<li>1\/2 vaso de salsa de soja<\/li>\n<li>1 cda. de miel<\/li>\n<li>6 ciruelas presidente (opcional, tambi\u00e9n le quedar\u00edan bien orejones)<\/li>\n<li>Semillas de s\u00e9samo<\/li>\n<li>Sal, pimienta, aceite y laurel<\/li>\n<\/ul>\n<h3><strong>Modo de preparaci\u00f3n\u00a0<\/strong><\/h3>\n<ul>\n<li>Cortar la\u00a0calabaza en trozos peque\u00f1os. Hervirla en agua hirviendo\u00a0 no mucho tiempo. Escurrir.<\/li>\n<li>Dorar los trozos de calabaza en un poco de aceite, sacar y reservar.<\/li>\n<li>Poner en el mismo aceite, el\u00a0cerdo, cortado en trocitos y salpimentado. Cuando est\u00e9 dorado, agregar la\u00a0cebolla\u00a0cortada en trozos grandes, el\u00a0ajo\u00a0picado, el\u00a0laurel\u00a0y rectificar sal. Seguir cocinando hasta que la cebolla est\u00e9 casi transparente. Casi eh, no del todo, que la idea es que no desaparezca.<\/li>\n<li>Agregar la salsa de soja, las\u00a0ciruelas, sin carozo y la cucharada de\u00a0miel. Mover y cocinar unos 5 minutos m\u00e1s. Al final, agregar la calabaza que ten\u00edamos reservada, llover con semillas de s\u00e9samo y remover. El motivo por el cual agregamos la calabaza al final es porque no queremos que se embeba tanto en la salsa, solo un poco. Yo lo acompa\u00f1\u00e9 con arroz integral.<\/li>\n<\/ul>\n","protected":false},"excerpt":{"rendered":"<p>Ingredientes\u00a0 1\/2 calabaza 1 kg. de carne de cerdo, yo us\u00e9 matambrito de cerdo 1 cebolla 1 diente de ajo 1\/2 vaso de salsa de soja 1 cda. de miel 6 ciruelas presidente (opcional, tambi\u00e9n le quedar\u00edan bien orejones) Semillas de s\u00e9samo Sal, pimienta, aceite y laurel Modo de preparaci\u00f3n\u00a0 Cortar la\u00a0calabaza en trozos peque\u00f1os. [&hellip;]<\/p>\n","protected":false},"author":1,"featured_media":90957,"comment_status":"closed","ping_status":"closed","sticky":false,"template":"","format":"standard","meta":{"_seopress_robots_primary_cat":"","_seopress_titles_title":"","_seopress_titles_desc":"","_seopress_robots_index":"","footnotes":""},"categories":[1,317],"tags":[33279,33280,23360,22005],"class_list":{"0":"post-90956","1":"post","2":"type-post","3":"status-publish","4":"format-standard","5":"has-post-thumbnail","7":"category-cocina","8":"category-recetas","9":"tag-cerdo-agridulce-con-calabaza-receta","10":"tag-receta-de-cerdo-agridulce-con-calabaza","11":"tag-recetas-de-carne-de-cerdo","12":"tag-recetas-de-cerdo"},"_links":{"self":[{"href":"https:\/\/www.cordobatimes.com\/showup\/wp-json\/wp\/v2\/posts\/90956","targetHints":{"allow":["GET"]}}],"collection":[{"href":"https:\/\/www.cordobatimes.com\/showup\/wp-json\/wp\/v2\/posts"}],"about":[{"href":"https:\/\/www.cordobatimes.com\/showup\/wp-json\/wp\/v2\/types\/post"}],"author":[{"embeddable":true,"href":"https:\/\/www.cordobatimes.com\/showup\/wp-json\/wp\/v2\/users\/1"}],"replies":[{"embeddable":true,"href":"https:\/\/www.cordobatimes.com\/showup\/wp-json\/wp\/v2\/comments?post=90956"}],"version-history":[{"count":0,"href":"https:\/\/www.cordobatimes.com\/showup\/wp-json\/wp\/v2\/posts\/90956\/revisions"}],"wp:featuredmedia":[{"embeddable":true,"href":"https:\/\/www.cordobatimes.com\/showup\/wp-json\/wp\/v2\/media\/90957"}],"wp:attachment":[{"href":"https:\/\/www.cordobatimes.com\/showup\/wp-json\/wp\/v2\/media?parent=90956"}],"wp:term":[{"taxonomy":"category","embeddable":true,"href":"https:\/\/www.cordobatimes.com\/showup\/wp-json\/wp\/v2\/categories?post=90956"},{"taxonomy":"post_tag","embeddable":true,"href":"https:\/\/www.cordobatimes.com\/showup\/wp-json\/wp\/v2\/tags?post=90956"}],"curies":[{"name":"wp","href":"https:\/\/api.w.org\/{rel}","templated":true}]}}