{"id":90932,"date":"2021-08-25T09:54:31","date_gmt":"2021-08-25T12:54:31","guid":{"rendered":"https:\/\/www.cordobatimes.com\/showup\/?p=90932"},"modified":"2021-08-25T09:54:31","modified_gmt":"2021-08-25T12:54:31","slug":"ricardo-darin-y-peter-lanzani-filman-la-pelicula-1985%e2%80%b3sobre-el-juicio-a-las-juntas-militares","status":"publish","type":"post","link":"https:\/\/www.cordobatimes.com\/showup\/cine-y-series\/2021\/08\/25\/ricardo-darin-y-peter-lanzani-filman-la-pelicula-1985%e2%80%b3sobre-el-juicio-a-las-juntas-militares\/","title":{"rendered":"Ricardo Dar\u00edn y Peter Lanzani filman la pel\u00edcula \u201c1985\u2033sobre el Juicio a las Juntas Militares"},"content":{"rendered":"<h3><strong>Los actores dar\u00e1n vida a los fiscales Julio C\u00e9sar Strassera y Luis Mar\u00eda Moreno Ocampo en el film dirigido por Santiago Mitre<\/strong><\/h3>\n<p>La ciudad de Rosario se vio alterada esta ma\u00f1ana porque se cortaron las calles aleda\u00f1as al Monumento a la Bandera a ra\u00edz de la filmaci\u00f3n de\u00a0\u201c1985\u2033, el thriller basado en hechos reales que contar\u00e1 las claves del Juicio a las Juntas Militares. La pel\u00edcula est\u00e1 dirigida por\u00a0Santiago Mitre\u00a0(quien es tambi\u00e9n guionista del film junto a Mariano Llin\u00e1s).<\/p>\n<p>La idea de esta producci\u00f3n comenz\u00f3 a gestarse en 2018 pero qued\u00f3 postergada hasta marzo de este a\u00f1o, cuando se reanud\u00f3 el rodaje. Recordemos que Mitre y\u00a0Ricardo Dar\u00edn\u00a0ya compartieron un trabajo previo cuando filmaron \u201cLa Cordillera\u201d junto a\u00a0Dolores Fonzi, en la que el actor de \u201cEl secreto de sus ojos\u201d interpretaba al Presidente.<\/p>\n<p>Para interpretar al fiscal Julio C\u00e9sar Stassera,\u00a0Ricardo Dar\u00edn\u00a0tuvo que cambiar su look para as\u00ed asemejarse al hombre que llev\u00f3 a la condena a los comandantes de la dictadura y fallecido en 2015.<\/p>\n<p>Dar\u00edn se dej\u00f3 crecer el pelo y tambi\u00e9n el bigote, caracter\u00edstico del abogado en esos a\u00f1os. Pero el cambio no es solo f\u00edsico, el actor ley\u00f3 diferentes textos sobre el juicio en s\u00ed para recorrer lo que sucedi\u00f3 durante ese a\u00f1o clave. A pesar de haber vivido esos a\u00f1os,\u00a0se document\u00f3 para empaparse m\u00e1s sobre el tema y conocer detalles \u00edntimos de su personaje.\u00a0Actualmente Ricardo se encuentra dirigiendo la reposici\u00f3n de la obra de teatro\u00a0\u201cArt\u201d, la cual \u00e9l protagoniz\u00f3 hace unos a\u00f1os. En el estreno se lo pudo ver caracterizado como el fiscal.<\/p>\n<p>La pel\u00edcula se centrar\u00e1 en la relaci\u00f3n entre estos dos fiscales -Luis Moreno Ocampo\u00a0era fiscal adjunto, interpretado por\u00a0Peter Lanzani-: uno de ellos contaba con una gran trayectoria mientras que el otro reci\u00e9n daba sus primeros pasos. Tambi\u00e9n abordar\u00e1 las historias de todas las personas que estuvieron involucradas en la gesta del juicio que fue hist\u00f3rico e in\u00e9dito en Am\u00e9rica Latina y en el mundo. Conocido con el\u00a0\u201cNuremberg Argentino\u201d, este proceso judicial fue reconocido como un emblema de una nueva etapa en nuestro pa\u00eds, con una democracia plena que juzgaba y condenaba al grupo de militares que hab\u00eda ejercido el poder entre 1976 y 1983.<\/p>\n<p><img alt=\"\" loading=\"lazy\" decoding=\"async\" class=\"alignnone size-medium wp-image-90934\" src=\"https:\/\/www.cordobatimes.com\/showup\/wp-content\/uploads\/2021\/08\/Julio-Cesar-Strassera-y-Luis-Moreno-Ocampo-en-1985-750x334.jpg\" alt=\"\" width=\"750\" height=\"334\" srcset=\"https:\/\/www.cordobatimes.com\/showup\/wp-content\/uploads\/2021\/08\/Julio-Cesar-Strassera-y-Luis-Moreno-Ocampo-en-1985-750x334.jpg 750w, https:\/\/www.cordobatimes.com\/showup\/wp-content\/uploads\/2021\/08\/Julio-Cesar-Strassera-y-Luis-Moreno-Ocampo-en-1985-760x338.jpg 760w, https:\/\/www.cordobatimes.com\/showup\/wp-content\/uploads\/2021\/08\/Julio-Cesar-Strassera-y-Luis-Moreno-Ocampo-en-1985-768x342.jpg 768w, https:\/\/www.cordobatimes.com\/showup\/wp-content\/uploads\/2021\/08\/Julio-Cesar-Strassera-y-Luis-Moreno-Ocampo-en-1985-696x310.jpg 696w, https:\/\/www.cordobatimes.com\/showup\/wp-content\/uploads\/2021\/08\/Julio-Cesar-Strassera-y-Luis-Moreno-Ocampo-en-1985-944x420.jpg 944w, https:\/\/www.cordobatimes.com\/showup\/wp-content\/uploads\/2021\/08\/Julio-Cesar-Strassera-y-Luis-Moreno-Ocampo-en-1985.jpg 993w\" sizes=\"auto, (max-width: 750px) 100vw, 750px\" \/><\/p>\n<p>Strassera hab\u00eda seleccionado\u00a0300 casos de denuncias de desapariciones y torturas recogidos por la CONADEP\u00a0(Comisi\u00f3n Nacional sobre la Desaparici\u00f3n de Personas). El juicio finalmente concluy\u00f3 con las condenas a\u00a0Jorge Rafael Videla y a Emilio Massera\u00a0a cadena perpetua, mientras que\u00a0Roberto Viola\u00a0recibi\u00f3 una condena de 18 a\u00f1os,\u00a0Armando Lambruschini\u00a0de 3 a\u00f1os y tan solo 9 meses para el brigadier\u00a0Orlando Agosti.<\/p>\n<p>Luego de este proceso Strassera abandon\u00f3 su rol de fiscal y fue durante 10 a\u00f1os embajador en la Comisi\u00f3n de Derechos Humanos de las Naciones Unidas, cargo al que\u00a0renunci\u00f3 cuando los militares juzgados y acusados por \u00e9l recibieron el indulto durante el gobierno peronista de Carlos Menem.<\/p>\n<p>En una entrevista a la periodista Catalina Dlugi en radio Ciudad, Ricardo Dar\u00edn se refiri\u00f3 a este proyecto: \u201cM\u00e1s all\u00e1 del evento hist\u00f3rico, que fue el primer juicio en el mundo que un tribunal civil le hac\u00eda a militares, la clave del libro es que lo m\u00e1s potente es lo que le pasa a esta gente dentro de sus familias,\u00a0la interna humana de las familias de Strassera y Moreno Ocampo, c\u00f3mo iban lidiando con esa situaci\u00f3n\u201d. Es por eso que ser\u00e1 muy clave el rol de las familias de estos fiscales de las que se conoce muy poco.<\/p>\n<p>Tambi\u00e9n formar\u00e1n parte del elenco\u00a0Alejandra Fletchner como la esposa de Julio C\u00e9sar Strassera y\u00a0Carlos Portaluppi\u00a0como\u00a0Le\u00f3n Arslanian,\u00a0presidente del tribunal. Las locaciones llevaron al elenco a Buenos Aires y Salta aparte de la ciudad de Rosario. El estreno se estima que ser\u00eda reci\u00e9n el a\u00f1o pr\u00f3ximo.<\/p>\n","protected":false},"excerpt":{"rendered":"<p>Los actores dar\u00e1n vida a los fiscales Julio C\u00e9sar Strassera y Luis Mar\u00eda Moreno Ocampo en el film dirigido por Santiago Mitre La ciudad de Rosario se vio alterada esta ma\u00f1ana porque se cortaron las calles aleda\u00f1as al Monumento a la Bandera a ra\u00edz de la filmaci\u00f3n de\u00a0\u201c1985\u2033, el thriller basado en hechos reales que [&hellip;]<\/p>\n","protected":false},"author":1,"featured_media":90933,"comment_status":"closed","ping_status":"closed","sticky":false,"template":"","format":"standard","meta":{"_seopress_robots_primary_cat":"","_seopress_titles_title":"","_seopress_titles_desc":"","_seopress_robots_index":"","footnotes":""},"categories":[3],"tags":[33264,33263,33265],"class_list":{"0":"post-90932","1":"post","2":"type-post","3":"status-publish","4":"format-standard","5":"has-post-thumbnail","7":"category-cine-y-series","8":"tag-pelicula-1985sobre-el-juicio-a-las-juntas-militares","9":"tag-ricardo-darin-y-peter-lanzani","10":"tag-ricardo-darin-y-peter-lanzani-juicio-a-las-juntas-militares"},"_links":{"self":[{"href":"https:\/\/www.cordobatimes.com\/showup\/wp-json\/wp\/v2\/posts\/90932","targetHints":{"allow":["GET"]}}],"collection":[{"href":"https:\/\/www.cordobatimes.com\/showup\/wp-json\/wp\/v2\/posts"}],"about":[{"href":"https:\/\/www.cordobatimes.com\/showup\/wp-json\/wp\/v2\/types\/post"}],"author":[{"embeddable":true,"href":"https:\/\/www.cordobatimes.com\/showup\/wp-json\/wp\/v2\/users\/1"}],"replies":[{"embeddable":true,"href":"https:\/\/www.cordobatimes.com\/showup\/wp-json\/wp\/v2\/comments?post=90932"}],"version-history":[{"count":0,"href":"https:\/\/www.cordobatimes.com\/showup\/wp-json\/wp\/v2\/posts\/90932\/revisions"}],"wp:featuredmedia":[{"embeddable":true,"href":"https:\/\/www.cordobatimes.com\/showup\/wp-json\/wp\/v2\/media\/90933"}],"wp:attachment":[{"href":"https:\/\/www.cordobatimes.com\/showup\/wp-json\/wp\/v2\/media?parent=90932"}],"wp:term":[{"taxonomy":"category","embeddable":true,"href":"https:\/\/www.cordobatimes.com\/showup\/wp-json\/wp\/v2\/categories?post=90932"},{"taxonomy":"post_tag","embeddable":true,"href":"https:\/\/www.cordobatimes.com\/showup\/wp-json\/wp\/v2\/tags?post=90932"}],"curies":[{"name":"wp","href":"https:\/\/api.w.org\/{rel}","templated":true}]}}