{"id":90929,"date":"2021-08-24T12:19:37","date_gmt":"2021-08-24T15:19:37","guid":{"rendered":"https:\/\/www.cordobatimes.com\/showup\/?p=90929"},"modified":"2021-08-24T12:19:37","modified_gmt":"2021-08-24T15:19:37","slug":"la-nueva-pelicula-de-disney-encanto-en-la-que-los-protagonistas-conviven-con-carpinchos","status":"publish","type":"post","link":"https:\/\/www.cordobatimes.com\/showup\/cine-y-series\/2021\/08\/24\/la-nueva-pelicula-de-disney-encanto-en-la-que-los-protagonistas-conviven-con-carpinchos\/","title":{"rendered":"La nueva pel\u00edcula de Disney \u00abEncanto\u00bb en la que los protagonistas conviven con carpinchos"},"content":{"rendered":"<h3><strong>Luego de que los gigantes roedores se instalaran en Nordelta, las im\u00e1genes del pr\u00f3ximo estreno animado de la compa\u00f1\u00eda se volvieron virales<\/strong><\/h3>\n<p>Encanto\u00a0es la nueva pel\u00edcula animada de\u00a0Disney\u00a0que se estrenar\u00e1 en la\u00a0Argentina\u00a0el pr\u00f3ximo 25 de noviembre. La historia tiene lugar en\u00a0Colombia\u00a0y cuenta con la\u00a0presencia de carpinchos. En medio de los\u00a0problemas de convivencia que tienen los vecinos de Nordelta con estos animales, el pr\u00f3ximo lanzamiento se volvi\u00f3 tendencia en las redes sociales.<\/p>\n<p>Los realizadores hicieron un viaje de investigaci\u00f3n a\u00a0Colombia\u00a0durante el desarrollo inicial del film de Walt Disney Animation Studios. El mismo fue inspirador y es por eso que en las im\u00e1genes\u00a0se puede ver la fauna y flora t\u00edpica del pa\u00eds latinoamericano, como las coloridas buganvilias, los tucanes, jaguares, coat\u00edes y, claro, los\u00a0carpinchos o chig\u00fciros, como tambi\u00e9n se los llama.<\/p>\n<p>Lo que m\u00e1s llam\u00f3 la atenci\u00f3n de los usuarios al ver en pantalla al\u00a0enorme roedor, que gan\u00f3 protagonismo en la \u00faltima semana en medio de los\u00a0perros heridos y jardines destrozados que denunciaron los vecinos de Nordelta, fue que\u00a0aparece junto a toda su familia animal interactuando con total normalidad con los humanos.<\/p>\n<p>En Colombia, los carpinchos\u00a0habitan los Andes\u00a0por las zonas del eje cafetero, los llanos orientales, el magdalena y se encuentran\u00a0tambi\u00e9n en el Amazonas, seg\u00fan consiga el medio colombiano\u00a0RCN Radio. Suelen ser vistos en las costas de los\u00a0r\u00edos Magdalena y Orinoco.<\/p>\n<p>A su vez, en la pel\u00edcula se pueden ver\u00a0mariposas amarillas, que hacen un homenaje al fallecido Nobel de Literatura colombiano\u00a0Gabriel Garc\u00eda M\u00e1rquez\u00a0y al realismo m\u00e1gico. Tambi\u00e9n aparece el Valle de Cocora, un paisaje natural localizado en la cordillera central andina. Y\u00a0detalles arquitect\u00f3nicos t\u00edpicos\u00a0del pa\u00eds, como los balcones de madera y las construcciones llenas de colores.<\/p>\n<p>En el tr\u00e1iler aparecen\u00a0desayunos cl\u00e1sicos del pa\u00eds, como la arepa y el caf\u00e9; el uso del acorde\u00f3n, un instrumento representativo en el vallenato; y\u00a0otros gui\u00f1os\u00a0culinarios como las melcochas y panelas, dulces aut\u00f3ctonos del pa\u00eds.<\/p>\n<p>Los atuendos de los protagonistas tambi\u00e9n est\u00e1n a tono con la\u00a0vestimenta t\u00edpica\u00a0de esas zonas, en donde las alpargatas y los sombrero son habituales en las calles.<\/p>\n<p>Encanto\u00a0relata la historia de la\u00a0familia Madrigal, que vive escondida en las monta\u00f1as en una casa m\u00e1gica. Todos en aquel pueblo\u00a0tienen incre\u00edbles dones, menos Maribel, una quincea\u00f1era que\u00a0deber\u00e1 descubrir lo que la hace \u00fanica. Fue dirigida por\u00a0Byron Howard,\u00a0Jared Bush\u00a0y\u00a0Charise Castro Smith.<\/p>\n<p>En el tr\u00e1iler se puede escuchar la\u00a0canci\u00f3n original de la pel\u00edcula, \u201cColombia, mi encanto\u201d,\u00a0interpretada por\u00a0Carlos Vives. En los doblajes participaron varios actores famosos del pa\u00eds, entre ellos,\u00a0Angie Cepeda.<\/p>\n<p><iframe loading=\"lazy\" width=\"560\" height=\"315\" src=\"https:\/\/www.youtube.com\/embed\/togmdDHG3Pw\" title=\"YouTube video player\" frameborder=\"0\" allow=\"accelerometer; autoplay; clipboard-write; encrypted-media; gyroscope; picture-in-picture\" allowfullscreen><\/iframe><\/p>\n","protected":false},"excerpt":{"rendered":"<p>Luego de que los gigantes roedores se instalaran en Nordelta, las im\u00e1genes del pr\u00f3ximo estreno animado de la compa\u00f1\u00eda se volvieron virales Encanto\u00a0es la nueva pel\u00edcula animada de\u00a0Disney\u00a0que se estrenar\u00e1 en la\u00a0Argentina\u00a0el pr\u00f3ximo 25 de noviembre. La historia tiene lugar en\u00a0Colombia\u00a0y cuenta con la\u00a0presencia de carpinchos. En medio de los\u00a0problemas de convivencia que tienen los [&hellip;]<\/p>\n","protected":false},"author":1,"featured_media":90930,"comment_status":"closed","ping_status":"closed","sticky":false,"template":"","format":"standard","meta":{"_seopress_robots_primary_cat":"","_seopress_titles_title":"","_seopress_titles_desc":"","_seopress_robots_index":"","footnotes":""},"categories":[3],"tags":[33262,33261,33260],"class_list":{"0":"post-90929","1":"post","2":"type-post","3":"status-publish","4":"format-standard","5":"has-post-thumbnail","7":"category-cine-y-series","8":"tag-carpinchos-disney","9":"tag-carpinchos-nordelta","10":"tag-trailer-de-encanto"},"_links":{"self":[{"href":"https:\/\/www.cordobatimes.com\/showup\/wp-json\/wp\/v2\/posts\/90929","targetHints":{"allow":["GET"]}}],"collection":[{"href":"https:\/\/www.cordobatimes.com\/showup\/wp-json\/wp\/v2\/posts"}],"about":[{"href":"https:\/\/www.cordobatimes.com\/showup\/wp-json\/wp\/v2\/types\/post"}],"author":[{"embeddable":true,"href":"https:\/\/www.cordobatimes.com\/showup\/wp-json\/wp\/v2\/users\/1"}],"replies":[{"embeddable":true,"href":"https:\/\/www.cordobatimes.com\/showup\/wp-json\/wp\/v2\/comments?post=90929"}],"version-history":[{"count":0,"href":"https:\/\/www.cordobatimes.com\/showup\/wp-json\/wp\/v2\/posts\/90929\/revisions"}],"wp:featuredmedia":[{"embeddable":true,"href":"https:\/\/www.cordobatimes.com\/showup\/wp-json\/wp\/v2\/media\/90930"}],"wp:attachment":[{"href":"https:\/\/www.cordobatimes.com\/showup\/wp-json\/wp\/v2\/media?parent=90929"}],"wp:term":[{"taxonomy":"category","embeddable":true,"href":"https:\/\/www.cordobatimes.com\/showup\/wp-json\/wp\/v2\/categories?post=90929"},{"taxonomy":"post_tag","embeddable":true,"href":"https:\/\/www.cordobatimes.com\/showup\/wp-json\/wp\/v2\/tags?post=90929"}],"curies":[{"name":"wp","href":"https:\/\/api.w.org\/{rel}","templated":true}]}}