{"id":90885,"date":"2021-08-19T21:08:40","date_gmt":"2021-08-20T00:08:40","guid":{"rendered":"https:\/\/www.cordobatimes.com\/showup\/?p=90885"},"modified":"2021-08-19T21:08:40","modified_gmt":"2021-08-20T00:08:40","slug":"como-esterilizar-frascos-en-microondas","status":"publish","type":"post","link":"https:\/\/www.cordobatimes.com\/showup\/cocina\/2021\/08\/19\/como-esterilizar-frascos-en-microondas\/","title":{"rendered":"C\u00f3mo esterilizar frascos en microondas"},"content":{"rendered":"<h3><strong>Instrucciones<\/strong><\/h3>\n<ul>\n<li>\u00a0<strong>Lavar<\/strong>\u00a0bien los frascos y sus tapas.<\/li>\n<li>\u00a0Llenar de agua hasta la <strong>mitad<\/strong>\u00a0y llevar al microondas, sin las tapas, a potencia m\u00e1xima, 3 minutos o hasta que hierva.<\/li>\n<li>Pasarles un trapito o algod\u00f3n con <strong>alcohol<\/strong>, por dentro. Tambi\u00e9n a las tapas.<\/li>\n<li>\u00a0Sacar del micro con cuidado, que queman, y colocar en la rejilla del <strong>horno<\/strong>, con el horno encendido al m\u00ednimo o con la puerta abierta.<\/li>\n<li>Una vez que est\u00e9n <strong>secos<\/strong>, ya se puede envasar la conserva. Record\u00e1 envasar siempre que sea posible la conserva en caliente: caliente el frasco y la conserva. Si esto no es posible, es importante que frasco y contenido tengan la misma temperatura, porque sino el frasco puede romperse con la diferencia.<\/li>\n<\/ul>\n","protected":false},"excerpt":{"rendered":"<p>Instrucciones \u00a0Lavar\u00a0bien los frascos y sus tapas. \u00a0Llenar de agua hasta la mitad\u00a0y llevar al microondas, sin las tapas, a potencia m\u00e1xima, 3 minutos o hasta que hierva. Pasarles un trapito o algod\u00f3n con alcohol, por dentro. Tambi\u00e9n a las tapas. \u00a0Sacar del micro con cuidado, que queman, y colocar en la rejilla del horno, [&hellip;]<\/p>\n","protected":false},"author":1,"featured_media":90886,"comment_status":"closed","ping_status":"closed","sticky":false,"template":"","format":"standard","meta":{"_seopress_robots_primary_cat":"","_seopress_titles_title":"","_seopress_titles_desc":"","_seopress_robots_index":"","footnotes":""},"categories":[1],"tags":[33239,33238],"class_list":{"0":"post-90885","1":"post","2":"type-post","3":"status-publish","4":"format-standard","5":"has-post-thumbnail","7":"category-cocina","8":"tag-como-esterilizar-frascos","9":"tag-esterilizar-frascos-en-microondas"},"_links":{"self":[{"href":"https:\/\/www.cordobatimes.com\/showup\/wp-json\/wp\/v2\/posts\/90885","targetHints":{"allow":["GET"]}}],"collection":[{"href":"https:\/\/www.cordobatimes.com\/showup\/wp-json\/wp\/v2\/posts"}],"about":[{"href":"https:\/\/www.cordobatimes.com\/showup\/wp-json\/wp\/v2\/types\/post"}],"author":[{"embeddable":true,"href":"https:\/\/www.cordobatimes.com\/showup\/wp-json\/wp\/v2\/users\/1"}],"replies":[{"embeddable":true,"href":"https:\/\/www.cordobatimes.com\/showup\/wp-json\/wp\/v2\/comments?post=90885"}],"version-history":[{"count":0,"href":"https:\/\/www.cordobatimes.com\/showup\/wp-json\/wp\/v2\/posts\/90885\/revisions"}],"wp:featuredmedia":[{"embeddable":true,"href":"https:\/\/www.cordobatimes.com\/showup\/wp-json\/wp\/v2\/media\/90886"}],"wp:attachment":[{"href":"https:\/\/www.cordobatimes.com\/showup\/wp-json\/wp\/v2\/media?parent=90885"}],"wp:term":[{"taxonomy":"category","embeddable":true,"href":"https:\/\/www.cordobatimes.com\/showup\/wp-json\/wp\/v2\/categories?post=90885"},{"taxonomy":"post_tag","embeddable":true,"href":"https:\/\/www.cordobatimes.com\/showup\/wp-json\/wp\/v2\/tags?post=90885"}],"curies":[{"name":"wp","href":"https:\/\/api.w.org\/{rel}","templated":true}]}}