{"id":90869,"date":"2021-08-18T18:41:59","date_gmt":"2021-08-18T21:41:59","guid":{"rendered":"https:\/\/www.cordobatimes.com\/showup\/?p=90869"},"modified":"2021-08-18T18:41:59","modified_gmt":"2021-08-18T21:41:59","slug":"se-dieron-a-conocer-a-los-nominados-de-los-premios-condor-de-plata","status":"publish","type":"post","link":"https:\/\/www.cordobatimes.com\/showup\/cine-y-series\/2021\/08\/18\/se-dieron-a-conocer-a-los-nominados-de-los-premios-condor-de-plata\/","title":{"rendered":"Se dieron a conocer a los nominados de los Premios C\u00f3ndor de Plata"},"content":{"rendered":"<h3><strong>Se conocieron\u00a0 \u00a0los nominados a lo mejor del cine nacional.<\/strong><\/h3>\n<p>La Asociaci\u00f3n de Cronistas Cinematogr\u00e1ficos de Argentina (ACCA) dio a conocer las nominaciones de la 69 edici\u00f3n de los Premios C\u00f3ndor de Plata, que distinguir\u00e1n a lo mejor de la producci\u00f3n nacional del a\u00f1o 2020 estrenado en cines o a trav\u00e9s de las plataformas disponibles en el pa\u00eds.<\/p>\n<p>Cr\u00edmenes de familia,\u00a0de Sebasti\u00e1n Schindel, y\u00a0La muerte no existe y el amor tampoco,\u00a0de Fernando Salem, son las pel\u00edculas m\u00e1s nominadas, con 11 candidaturas cada una. Les siguen\u00a0Las Mil y una,\u00a0de Clarisa Navas, y\u00a0Las siamesas,\u00a0de Paula Hern\u00e1ndez, con 8. Detr\u00e1s se ubican\u00a0El robo del siglo,\u00a0de Ariel Winograd, y\u00a0La chancha,\u00a0de Franco Verdoia, con 7.\u00a0Nosotros nunca moriremos,\u00a0de Eduardo Crespo, y\u00a0Planta permanente,\u00a0de Ezequiel Radusky, obtienen 5 nominaciones cada una y\u00a0El silencio del cazador,\u00a0de Mart\u00edn Desalvo, cosecha 4.<\/p>\n<p>Las realizaciones que se miden por el C\u00f3ndor de Plata al Mejor Largo Documental son\u00a0Bernarda es la patria,\u00a0de Diego Schipani;\u00a0Ficci\u00f3n privada,\u00a0de Andr\u00e9s Di Tella;\u00a0Lluvia de jaulas,\u00a0de C\u00e9sar Gonz\u00e1lez;\u00a0Ni\u00f1a mam\u00e1,\u00a0de Andrea Testa, y\u00a0Vicenta,\u00a0de Dar\u00edo Doria.<\/p>\n<p>La Asociaci\u00f3n de Cronistas Cinematogr\u00e1ficos premiar\u00e1 por segundo a\u00f1o consecutivo tambi\u00e9n a la Mejor Pel\u00edcula en coproducci\u00f3n con Argentina. Las aspirantes en esta categor\u00eda son:\u00a0Ara\u00f1a,\u00a0de Andr\u00e9s Wood (Chile);\u00a0Ceniza negra,\u00a0de Sof\u00eda Quir\u00f3s \u00dabeda (Costa Rica);\u00a0Lina de Lima,\u00a0de Mar\u00eda Paz Gonz\u00e1lez (Chile &#8211; Per\u00fa);\u00a0Nasha Natasha,\u00a0de Mart\u00edn Sastre (Uruguay);\u00a0Tengo miedo torero,\u00a0de Rodrigo Sep\u00falveda (Chile-M\u00e9xico) y\u00a0Vendr\u00e1 la muerte y tendr\u00e1 tus ojos,\u00a0de Jos\u00e9 Luis Torres Leiva (Chile).<\/p>\n<p>A partir de esta edici\u00f3n de los premios tambi\u00e9n se entregar\u00e1n tres nuevos reconocimientos. Por un lado, el Premio Mar\u00eda Luisa Bemberg a una mujer destacada dentro de la industria audiovisual, el Premio Leonardo Favio a una personalidad masculina relevante y el Premio Salvador Sammaritano a un cr\u00edtico de cine que no forme parte de ACCA.<\/p>\n<p>Los C\u00f3ndor de Plata premiar\u00e1n en una ceremonia independiente a las series y telefilms emitidos en televisi\u00f3n y\/o plataformas digitales. Debido a la crisis sanitaria, por este a\u00f1o, ambas entregas se unificar\u00e1n en una sola a celebrarse en el \u00faltimo trimestre del a\u00f1o, si los protocolos lo permiten.<\/p>\n<p>Las series de ficci\u00f3n y\/o documental nominadas para esta primera edici\u00f3n son\u00a0Carmel \u00bfqui\u00e9n mat\u00f3 a Mar\u00eda Marta?\u00a0(Netflix),\u00a0Casi feliz\u00a0(Netflix),\u00a0El presidente\u00a0(Amazon Prime Video),\u00a0Historias migrantes\u00a0(UN3TV),\u00a0Manual de supervivencia\u00a0(Movistar+) y\u00a0Rompan todo: La historia del rock en Am\u00e9rica Latina\u00a0(Netflix).<\/p>\n<p>Adem\u00e1s, se premiar\u00e1 la mejor actuaci\u00f3n femenina y masculina y la mejor direcci\u00f3n.\u00a0Para esta entrega se evaluaron un total de 170 pel\u00edculas argentinas estrenadas entre el 1 de enero y el 31 de diciembre de 2020 tanto en salas de cine como a trav\u00e9s de las plataformas de streaming p\u00fablicas y privadas y canales de televisi\u00f3n. Por otro lado, se entregar\u00e1n los galardones correspondientes a la edici\u00f3n 68, que\u00a0no pudo concretarse debido a las restricciones sanitarias provocadas por la pandemia y cuyos ganadores fueron anunciados el 25 de marzo pasado.<\/p>\n<h3 class=\"com-title --l\"><strong>LOS NOMINADOS<\/strong><\/h3>\n<p class=\"com-paragraph   --s\"><strong>Pel\u00edcula de Ficci\u00f3n<\/strong><\/p>\n<p class=\"com-paragraph   --s\"><em>Cr\u00edmenes de familia,<\/em>\u00a0de Sebasti\u00e1n Schindel<\/p>\n<p class=\"com-paragraph   --s\"><em>La chancha,<\/em>\u00a0de Franco Verdoia<\/p>\n<p class=\"com-paragraph   --s\"><em>Las Mil y una,<\/em>\u00a0de Clarisa Navas<\/p>\n<p class=\"com-paragraph   --s\"><em>Las siamesas<\/em>, de Paula Hern\u00e1ndez<\/p>\n<p class=\"com-paragraph   --s\"><em>Planta permanente,<\/em>\u00a0de Ezequiel Radusky<\/p>\n<p class=\"com-paragraph   --s\"><strong>Pel\u00edcula Documental<\/strong><\/p>\n<p class=\"com-paragraph   --s\"><em>Bernarda es la patria,<\/em>\u00a0de Diego Schipani<\/p>\n<p class=\"com-paragraph   --s\"><em>Ficci\u00f3n privada,\u00a0<\/em>de Andr\u00e9s Di Tella<\/p>\n<p class=\"com-paragraph   --s\"><em>Lluvia de jaulas,<\/em>\u00a0de C\u00e9sar Gonz\u00e1lez<\/p>\n<p class=\"com-paragraph   --s\"><em>Ni\u00f1a mam\u00e1,\u00a0<\/em>de Andrea Testa<\/p>\n<p class=\"com-paragraph   --s\"><em>Vicenta<\/em>\u00a0de Dar\u00edo Doria<\/p>\n<p class=\"com-paragraph   --s\"><strong>\u00d3pera Prima<\/strong><\/p>\n<p class=\"com-paragraph   --s\"><em>Canela,\u00a0<\/em>de Cecilia del Valle<\/p>\n<p class=\"com-paragraph   --s\"><em>El maestro,<\/em>\u00a0de Cristina Tamagnini y Juli\u00e1n Dabien<\/p>\n<p class=\"com-paragraph   --s\"><em>La chancha,<\/em>\u00a0de Franco Verdoia<\/p>\n<p class=\"com-paragraph   --s\"><em>Mam\u00e1 mam\u00e1 mam\u00e1,<\/em>\u00a0de Sol Berruezo Pichon-Rivi\u00e9re<\/p>\n<p class=\"com-paragraph   --s\"><em>Planta permanente,<\/em>\u00a0de Ezequiel Radusky<\/p>\n<p class=\"com-paragraph   --s\"><strong>Pel\u00edcula en Coproducci\u00f3n con Argentina<\/strong><\/p>\n<p class=\"com-paragraph   --s\"><em>Ara\u00f1a,<\/em>\u00a0de Andr\u00e9s Wood (Chile)<\/p>\n<p class=\"com-paragraph   --s\"><em>Ceniza negra,<\/em>\u00a0de Sof\u00eda Quir\u00f3s \u00dabeda (Costa Rica)<\/p>\n<p class=\"com-paragraph   --s\"><em>Lina de Lima,\u00a0<\/em>de Mar\u00eda Paz Gonz\u00e1lez (Chile &#8211; Per\u00fa)<\/p>\n<p class=\"com-paragraph   --s\"><em>Nasha Natasha,<\/em>\u00a0de Mart\u00edn Sastre (Uruguay)<\/p>\n<p class=\"com-paragraph   --s\"><em>Tengo miedo torero,\u00a0<\/em>de Rodrigo Sep\u00falveda (Chile-M\u00e9xico)<\/p>\n<p class=\"com-paragraph   --s\"><em>Vendr\u00e1 la muerte y tendr\u00e1 tus ojos,<\/em>\u00a0de Jos\u00e9 Luis Torres Leiva (Chile)<\/p>\n<p class=\"com-paragraph   --s\"><strong>Pel\u00edcula Iberoamericana<\/strong><\/p>\n<p class=\"com-paragraph   --s\"><em>Bacurau,<\/em>\u00a0de Kleber Mendonca Filho y Juliano Dornelles (Brasil)<\/p>\n<p class=\"com-paragraph   --s\"><em>El premio,<\/em>\u00a0de Paula Markovitch (M\u00e9xico)<\/p>\n<p class=\"com-paragraph   --s\"><em>Espero tu (re)vuelta,<\/em>\u00a0de Eliza Capai (Brasil)<\/p>\n<p class=\"com-paragraph   --s\"><em>Nadie sabe que estoy aqu\u00ed,<\/em>\u00a0de Gaspar Antillo (Chile)<\/p>\n<p class=\"com-paragraph   --s\"><em>Ya no estoy aqu\u00ed,<\/em>\u00a0de Fernando Fr\u00edas de la Parra (M\u00e9xico)<\/p>\n<p class=\"com-paragraph   --s\"><strong>Corto de ficci\u00f3n<\/strong><\/p>\n<p class=\"com-paragraph   --s\"><em>La zona caliente,<\/em>\u00a0de Esteban Lamothe<\/p>\n<p class=\"com-paragraph   --s\"><em>Las credenciales,<\/em>\u00a0de Manuel Ferrari<\/p>\n<p class=\"com-paragraph   --s\"><em>Las sombras,<\/em>\u00a0de Paulo P\u00e9cora<\/p>\n<p class=\"com-paragraph   --s\"><em>Luz distante, Parte 1, Les desventurades,<\/em>\u00a0de Santiago Reale<\/p>\n<p class=\"com-paragraph   --s\"><em>Pinball,\u00a0<\/em>de Nicanor Loreti<\/p>\n<p class=\"com-paragraph   --s\"><strong>Corto documental<\/strong><\/p>\n<p class=\"com-paragraph   --s\"><em>Aborto legal ya,<\/em>\u00a0de Eleonora Ghioldi<\/p>\n<p class=\"com-paragraph   --s\"><em>Homenaje a la obra de Philip Henry Gosse,<\/em>\u00a0de Pablo Mart\u00edn Weber<\/p>\n<p class=\"com-paragraph   --s\"><em>La vendedora de lirios,<\/em>\u00a0de Igor Galuk<\/p>\n<p class=\"com-paragraph   --s\"><em>Mi otro hijo,<\/em>\u00a0de Gustavo Alonso<\/p>\n<p class=\"com-paragraph   --s\"><em>Nos devoraba el fuego,<\/em>\u00a0de Luc\u00eda Granda<\/p>\n<p class=\"com-paragraph   --s\"><strong>Direcci\u00f3n<\/strong><\/p>\n<p class=\"com-paragraph   --s\">Eduardo Crespo, por\u00a0<em>Nosotros nunca moriremos<\/em><\/p>\n<p class=\"com-paragraph   --s\">Paula Hern\u00e1ndez, por\u00a0<em>Las siamesas<\/em><\/p>\n<p class=\"com-paragraph   --s\">Clarisa Navas, por\u00a0<em>Las Mil y una<\/em><\/p>\n<p class=\"com-paragraph   --s\">Sebasti\u00e1n Schindel, por\u00a0<em>Cr\u00edmenes de familia<\/em><\/p>\n<p class=\"com-paragraph   --s\">Andrea Testa, por\u00a0<em>Ni\u00f1a mam\u00e1<\/em><\/p>\n<p class=\"com-paragraph   --s\"><strong>Actriz Protag\u00f3nica<\/strong><\/p>\n<p class=\"com-paragraph   --s\">Rosario Bl\u00e9fari, por\u00a0<em>Planta permanente<\/em><\/p>\n<p class=\"com-paragraph   --s\">ita Cortese, por\u00a0<em>Las siamesas<\/em><\/p>\n<p class=\"com-paragraph   --s\">Romina Escobar, por\u00a0<em>Nosotros nunca moriremos<\/em><\/p>\n<p class=\"com-paragraph   --s\">Liliana Ju\u00e1rez, por\u00a0<em>Planta permanente<\/em><\/p>\n<p class=\"com-paragraph   --s\">Valeria Lois, por\u00a0<em>Las siamesas<\/em><\/p>\n<p class=\"com-paragraph   --s\">Cecilia Roth, por\u00a0<em>Cr\u00edmenes de familia<\/em><\/p>\n<p class=\"com-paragraph   --s\"><strong>Actor Protag\u00f3nico<\/strong><\/p>\n<p class=\"com-paragraph   --s\">Rodrigo de la Serna, por\u00a0<em>Al acecho<\/em><\/p>\n<p class=\"com-paragraph   --s\">Esteban Meloni, por\u00a0<em>La chancha<\/em><\/p>\n<p class=\"com-paragraph   --s\">Diego Peretti, por\u00a0<em>El robo del siglo<\/em><\/p>\n<p class=\"com-paragraph   --s\">Carlos Portaluppi, por\u00a0<em>La dosis<\/em><\/p>\n<p class=\"com-paragraph   --s\">Diego Vel\u00e1zquez, por\u00a0<em>El maestro<\/em><\/p>\n<p class=\"com-paragraph   --s\"><strong>Actriz de Reparto<\/strong><\/p>\n<p class=\"com-paragraph   --s\">Yanina \u00c1vila, por\u00a0<em>Cr\u00edmenes de familia<\/em><\/p>\n<p class=\"com-paragraph   --s\">Gladis Florimonte, por\u00a0<em>La chancha<\/em><\/p>\n<p class=\"com-paragraph   --s\">Sof\u00eda Gala, por\u00a0<em>Cr\u00edmenes de familia<\/em><\/p>\n<p class=\"com-paragraph   --s\">Susana Pamp\u00edn, por\u00a0<em>La muerte no existe y el amor tampoco<\/em><\/p>\n<p class=\"com-paragraph   --s\">Lorena Vega, por\u00a0<em>La dosis<\/em><\/p>\n<p class=\"com-paragraph   --s\"><strong>Actor de Reparto<\/strong><\/p>\n<p class=\"com-paragraph   --s\">Benjam\u00edn Amadeo, por\u00a0<em>Cr\u00edmenes de Familia<\/em><\/p>\n<p class=\"com-paragraph   --s\">Juan Barberini, por\u00a0<em>El cazador<\/em><\/p>\n<p class=\"com-paragraph   --s\">Diego Cremonesi, por\u00a0<em>Cr\u00edmenes de familia<\/em><\/p>\n<p class=\"com-paragraph   --s\">Gabriel Goity, por\u00a0<em>La chancha<\/em><\/p>\n<p class=\"com-paragraph   --s\">Osmar N\u00fa\u00f1ez, por\u00a0<em>La muerte no existe y el amor tampoco<\/em><\/p>\n<p class=\"com-paragraph   --s\"><strong>Revelaci\u00f3n Femenina<\/strong><\/p>\n<p class=\"com-paragraph   --s\">Sof\u00eda Cabrera, por\u00a0<em>Las Mil y una<\/em><\/p>\n<p class=\"com-paragraph   --s\">Ana Carolina Garc\u00eda, por\u00a0<em>Las Mil y una<\/em><\/p>\n<p class=\"com-paragraph   --s\">Carla Gusolfino, por\u00a0<em>Las motitos<\/em><\/p>\n<p class=\"com-paragraph   --s\">Antonella Saldicco, por\u00a0<em>La muerte no existe y el amor tampoco<\/em><\/p>\n<p class=\"com-paragraph   --s\">Morena Yfr\u00e1n, por\u00a0<em>Bajo mi piel morena<\/em><\/p>\n<p class=\"com-paragraph   --s\"><strong>Revelaci\u00f3n Masculina<\/strong><\/p>\n<p class=\"com-paragraph   --s\">Juan Pablo Cestaro, por\u00a0<em>El cazador<\/em><\/p>\n<p class=\"com-paragraph   --s\">Renato Quattordio, por\u00a0<em>Yo, adolescente<\/em><\/p>\n<p class=\"com-paragraph   --s\">Rodrigo Santana, por\u00a0<em>Nosotros nunca moriremos<\/em><\/p>\n<p class=\"com-paragraph   --s\">Juli\u00e1n Sor\u00edn, por\u00a0<em>El cuaderno de Tomy<\/em><\/p>\n<p class=\"com-paragraph   --s\">Agust\u00edn Sullivan, por\u00a0<em>La muerte no existe y el amor tampoco<\/em><\/p>\n<p class=\"com-paragraph   --s\"><strong>Guion Original<\/strong><\/p>\n<p class=\"com-paragraph   --s\">Eduardo Crespo, Lionel Braverman y Santiago Loza, por\u00a0<em>Nosotros nunca moriremos<\/em><\/p>\n<p class=\"com-paragraph   --s\">Francisco Kosterlitz, por<em>\u00a0El silencio del cazador<\/em><\/p>\n<p class=\"com-paragraph   --s\">Clarisa Navas, por\u00a0<em>Las Mil y una<\/em><\/p>\n<p class=\"com-paragraph   --s\">Ezequiel Radusky y Diego Lerman, por\u00a0<em>Planta permanente<\/em><\/p>\n<p class=\"com-paragraph   --s\">Franco Verdoia, por<em>\u00a0La chancha<\/em><\/p>\n<p class=\"com-paragraph   --s\"><strong>Guion Adaptado<\/strong><\/p>\n<p class=\"com-paragraph   --s\">Paula Hern\u00e1ndez y Leonel D\u2019Agostino, por\u00a0<em>Las siamesas<\/em>, basada en el cuento hom\u00f3nimo de Guillermo Saccomanno<\/p>\n<p class=\"com-paragraph   --s\">Fernando Salem y Esteban Garelli, por\u00a0<em>La muerte no existe y el amor tampoco<\/em>, basada en la novela\u00a0<em>Agosto<\/em>, de Romina Paula<\/p>\n<p class=\"com-paragraph   --s\">Mar\u00eda Gabriela Vidal, por\u00a0<em>Las motitos<\/em>, inspirado en su novela\u00a0<em>Los chicos de las motitos<\/em><\/p>\n<p class=\"com-paragraph   --s\"><strong>Direcci\u00f3n de Fotograf\u00eda<\/strong><\/p>\n<p class=\"com-paragraph   --s\">Juli\u00e1n Apezteguia, por\u00a0<em>Cr\u00edmenes de familia<\/em><\/p>\n<p class=\"com-paragraph   --s\">Mariano De Rosa, por\u00a0<em>El cazador<\/em><\/p>\n<p class=\"com-paragraph   --s\">Armin Marchesini Weihmuller, por\u00a0<em>Las Mil y una<\/em><\/p>\n<p class=\"com-paragraph   --s\">F\u00e9lix Monti, por\u00a0<em>El robo del siglo<\/em><\/p>\n<p class=\"com-paragraph   --s\">Georgina Pretto, por\u00a0<em>La muerte no existe y el amor tampoco<\/em><\/p>\n<p class=\"com-paragraph   --s\">Nicol\u00e1s Trovato, por\u00a0<em>El silencio del cazador<\/em><\/p>\n<p class=\"com-paragraph   --s\"><strong>Mejor serie de ficci\u00f3n y\/o documental<\/strong><\/p>\n<p class=\"com-paragraph   --s\"><em>Carmel \u00bfqui\u00e9n mat\u00f3 a Mar\u00eda Marta?<\/em>\u00a0(Netflix)<\/p>\n<p class=\"com-paragraph   --s\"><em>Casi feliz<\/em>\u00a0(Netflix)<\/p>\n<p class=\"com-paragraph   --s\"><em>El presidente<\/em>\u00a0(Amazon Prime Video)<\/p>\n<p class=\"com-paragraph   --s\"><em>Historias migrantes<\/em>\u00a0(UN3TV)<\/p>\n<p class=\"com-paragraph   --s\"><em>Manual de supervivencia<\/em>\u00a0(Movistar+)<\/p>\n<p class=\"com-paragraph   --s\"><em>Rompan todo: La historia del rock en Am\u00e9rica Latina\u00a0<\/em>(Netflix)<\/p>\n<p class=\"com-paragraph   --s\"><strong>Mejor actuaci\u00f3n femenina en serie<\/strong><\/p>\n<p class=\"com-paragraph   --s\">Dolores Fonzi, por\u00a0<em>Manual de supervivencia<\/em><\/p>\n<p class=\"com-paragraph   --s\">Sof\u00eda Gala, por\u00a0<em>Cartas a mi ex<\/em><\/p>\n<p class=\"com-paragraph   --s\">Pilar Gamboa, por\u00a0<em>Manual de supervivencia<\/em><\/p>\n<p class=\"com-paragraph   --s\">Ver\u00f3nica Llin\u00e1s, por\u00a0<em>Manual de supervivencia<\/em><\/p>\n<p class=\"com-paragraph   --s\">Cecilia Roth, por\u00a0<em>Los internacionales<\/em><\/p>\n<p class=\"com-paragraph   --s\"><strong>Mejor actuaci\u00f3n masculina en serie<\/strong><\/p>\n<p class=\"com-paragraph   --s\">Alejandro Awada, por\u00a0<em>Post Mortem<\/em><\/p>\n<p class=\"com-paragraph   --s\">Carlos Belloso, por\u00a0<em>Puerta 7<\/em><\/p>\n<p class=\"com-paragraph   --s\">Esteban Bigliardi, por\u00a0<em>Manual de supervivencia<\/em><\/p>\n<p class=\"com-paragraph   --s\">Diego Vel\u00e1zquez, por\u00a0<em>Post Mortem<\/em><\/p>\n<p class=\"com-paragraph   --s\">Sebasti\u00e1n Wainraich, por\u00a0<em>Casi feliz<\/em><\/p>\n<p class=\"com-paragraph   --s\"><strong>Mejor direcci\u00f3n de una serie<\/strong><\/p>\n<p class=\"com-paragraph   --s\">Armando Bo, por\u00a0<em>El presidente<\/em><\/p>\n<p class=\"com-paragraph   --s\">Israel Adri\u00e1n Caetano, por\u00a0<em>Puerta 7<\/em><\/p>\n<p class=\"com-paragraph   --s\">Victoria Galardi, por\u00a0<em>Manual de supervivencia<\/em><\/p>\n<p class=\"com-paragraph   --s\">Hern\u00e1n Guerschuny, por\u00a0<em>Casi feliz<\/em><\/p>\n<p class=\"com-paragraph   --s\">Alejandro Hartmann, por\u00a0<em>Carmel \u00bfqui\u00e9n mat\u00f3 a Mar\u00eda Marta?<\/em><\/p>\n<div class=\"com-embed --youtube\"><\/div>\n","protected":false},"excerpt":{"rendered":"<p>Se conocieron\u00a0 \u00a0los nominados a lo mejor del cine nacional. La Asociaci\u00f3n de Cronistas Cinematogr\u00e1ficos de Argentina (ACCA) dio a conocer las nominaciones de la 69 edici\u00f3n de los Premios C\u00f3ndor de Plata, que distinguir\u00e1n a lo mejor de la producci\u00f3n nacional del a\u00f1o 2020 estrenado en cines o a trav\u00e9s de las plataformas disponibles [&hellip;]<\/p>\n","protected":false},"author":1,"featured_media":90870,"comment_status":"closed","ping_status":"closed","sticky":false,"template":"","format":"standard","meta":{"_seopress_robots_primary_cat":"","_seopress_titles_title":"","_seopress_titles_desc":"","_seopress_robots_index":"","footnotes":""},"categories":[3],"tags":[33229,24385],"class_list":{"0":"post-90869","1":"post","2":"type-post","3":"status-publish","4":"format-standard","5":"has-post-thumbnail","7":"category-cine-y-series","8":"tag-nominados-de-los-premios-condor-de-plata","9":"tag-premios-condor-de-plata"},"_links":{"self":[{"href":"https:\/\/www.cordobatimes.com\/showup\/wp-json\/wp\/v2\/posts\/90869","targetHints":{"allow":["GET"]}}],"collection":[{"href":"https:\/\/www.cordobatimes.com\/showup\/wp-json\/wp\/v2\/posts"}],"about":[{"href":"https:\/\/www.cordobatimes.com\/showup\/wp-json\/wp\/v2\/types\/post"}],"author":[{"embeddable":true,"href":"https:\/\/www.cordobatimes.com\/showup\/wp-json\/wp\/v2\/users\/1"}],"replies":[{"embeddable":true,"href":"https:\/\/www.cordobatimes.com\/showup\/wp-json\/wp\/v2\/comments?post=90869"}],"version-history":[{"count":0,"href":"https:\/\/www.cordobatimes.com\/showup\/wp-json\/wp\/v2\/posts\/90869\/revisions"}],"wp:featuredmedia":[{"embeddable":true,"href":"https:\/\/www.cordobatimes.com\/showup\/wp-json\/wp\/v2\/media\/90870"}],"wp:attachment":[{"href":"https:\/\/www.cordobatimes.com\/showup\/wp-json\/wp\/v2\/media?parent=90869"}],"wp:term":[{"taxonomy":"category","embeddable":true,"href":"https:\/\/www.cordobatimes.com\/showup\/wp-json\/wp\/v2\/categories?post=90869"},{"taxonomy":"post_tag","embeddable":true,"href":"https:\/\/www.cordobatimes.com\/showup\/wp-json\/wp\/v2\/tags?post=90869"}],"curies":[{"name":"wp","href":"https:\/\/api.w.org\/{rel}","templated":true}]}}