{"id":90866,"date":"2021-08-18T18:14:09","date_gmt":"2021-08-18T21:14:09","guid":{"rendered":"https:\/\/www.cordobatimes.com\/showup\/?p=90866"},"modified":"2021-08-18T18:14:09","modified_gmt":"2021-08-18T21:14:09","slug":"la-cineasta-afgana-sahraa-karimi-logro-escapar-de-kabul-e-hizo-advertencias-sobre-el-futuro-de-su-pais","status":"publish","type":"post","link":"https:\/\/www.cordobatimes.com\/showup\/sociedad\/2021\/08\/18\/la-cineasta-afgana-sahraa-karimi-logro-escapar-de-kabul-e-hizo-advertencias-sobre-el-futuro-de-su-pais\/","title":{"rendered":"La cineasta afgana Sahraa Karimi logr\u00f3 escapar de Kabul e hizo advertencias sobre el futuro de su pa\u00eds"},"content":{"rendered":"<h3><strong>La directora dijo que el nuevo gobierno quiere prohibir todo tipo de arte y negar los derechos de la mujer; tambi\u00e9n denunci\u00f3 la tortura y el asesinato de actores y funcionarios culturales.<\/strong><\/h3>\n<p>Sahraa Karimi, la directora de cine m\u00e1s importante de Afganist\u00e1n, logr\u00f3 escapar sana y salva de Kabul y se encuentra en un lugar protegido.\u00a0\u201cMis queridos amigos, no se preocupen. Estoy bien y segura\u201d, escribi\u00f3 en su cuenta oficial de Twitter. All\u00ed agradece p\u00fablicamente a la eslovaca Wanda Hrycova (de la academia de cine y TV de ese pa\u00eds), a la embajada eslovaca en Ir\u00e1n y a los gobiernos de Ucrania y de Turqu\u00eda por haberla ayudado a escapar de Kabul junto a otras 11 personas el domingo pasado, en coincidencia con el momento en el que el movimiento talib\u00e1n reconquistaba el poder. Se cree que Karimi logr\u00f3 abordar un avi\u00f3n de Turkish Airlines.<\/p>\n<p>Pocas horas antes de abandonar su pa\u00eds, Karimi dio a conocer a trav\u00e9s de Facebook una carta abierta en la que advert\u00eda que la intenci\u00f3n de los talibanes es prohibir toda clase de arte, adem\u00e1s de temer que tanto ella como otros colegas suyos aparezcan tarde o temprano en listas de personas a las que el nuevo gobierno est\u00e1 dispuesto a castigar.<\/p>\n<p>El caso de Karimi se suma al de\u00a0Sharbanoo Sadat, otra cineasta afgana con destacada presencia en festivales internacionales, que mientras procuraba escapar de Kabul hizo un estremecedor relato de su peripecia.\u00a0Como Sadat, Karimi se hizo conocida en el mundo a trav\u00e9s de la difusi\u00f3n de su obra en destacadas muestras. En la secci\u00f3n Orizzonti del Festival de Venecia 2019 present\u00f3 su pel\u00edcula\u00a0Hava, Maryam, Ayesha,\u00a0en la que retrata la vida de tres mujeres afganas en situaciones dram\u00e1ticas relacionadas con el embarazo, la infidelidad y el aborto y c\u00f3mo deben enfrentarlas en el seno de una sociedad ultraconservadora.<\/p>\n<p>La carta abierta de Karimi, dirigida a la prensa internacional, describe a los talibanes como un movimiento \u201cferozmente feudal y paternalista\u201d que quiere retroceder en el tiempo en relaci\u00f3n con los derechos de la mujer.\u00a0\u201cNuestros derechos van a ser escondidos entre las sombras de nuestras casas y nuestras voces y nuestra posibilidad de expresarse se va a ahogar en el silencio.\u00a0Cuando los talibanes estaban en el poder ninguna ni\u00f1a pod\u00eda ir a la escuela.\u00a0Desde que se fueron, nueve millones de ni\u00f1as empezaron a estudiar, pero en las \u00faltimas semanas los talibanes destruyeron numerosas escuelas y dos millones de ni\u00f1as se vieron forzadas de nuevo a abandonarlas\u201d, agrega la cineasta.<\/p>\n<p>\u201cEn las \u00faltimas semanas \u2013denuncia adem\u00e1s-, los talibanes masacraron a nuestro pueblo, secuestraron a muchos chicos, vendieron chicas muy j\u00f3venes a sus hombres como novias infantiles, asesinaron a mujeres solo por c\u00f3mo iban vestidas, le sacaron los ojos a una mujer, torturaron y asesinaron a uno de nuestros m\u00e1s queridos actores, a uno de nuestros grandes poetas e historiadores y a la m\u00e1xima autoridad cultural del gobierno que acaba de caer\u201d.<\/p>\n<p>Karimi es la art\u00edfice y directora general de Afghan Film, la principal entidad estatal dedicada al cine de su pa\u00eds. Desde all\u00ed pudo llevar adelante un pu\u00f1ado de proyectos cinematogr\u00e1ficos dedicados a mostrar algunas facetas de la realidad afgana como\u00a0Hava, Maryam, Ayesha. Tambi\u00e9n organizaba un festival anual de cine en la Universidad de Kabul. \u201cTodo lo que pude levantar con esfuerzo como directora de cine en mi pa\u00eds corre serio riesgo de caer para siempre.\u00a0Si los talibanes toman el poder van a prohibir toda clase de arte\u201d, dice finalmente.<\/p>\n","protected":false},"excerpt":{"rendered":"<p>La directora dijo que el nuevo gobierno quiere prohibir todo tipo de arte y negar los derechos de la mujer; tambi\u00e9n denunci\u00f3 la tortura y el asesinato de actores y funcionarios culturales. Sahraa Karimi, la directora de cine m\u00e1s importante de Afganist\u00e1n, logr\u00f3 escapar sana y salva de Kabul y se encuentra en un lugar [&hellip;]<\/p>\n","protected":false},"author":1,"featured_media":90867,"comment_status":"closed","ping_status":"closed","sticky":false,"template":"","format":"standard","meta":{"_seopress_robots_primary_cat":"","_seopress_titles_title":"","_seopress_titles_desc":"","_seopress_robots_index":"","footnotes":""},"categories":[23399],"tags":[33227,33226,33228],"class_list":{"0":"post-90866","1":"post","2":"type-post","3":"status-publish","4":"format-standard","5":"has-post-thumbnail","7":"category-sociedad","8":"tag-afgana-sahraa-karimi-kabul","9":"tag-cineasta-afgana-sahraa-karimi-logro-escapar-de-kabul","10":"tag-talibanes-en-el-poder"},"_links":{"self":[{"href":"https:\/\/www.cordobatimes.com\/showup\/wp-json\/wp\/v2\/posts\/90866","targetHints":{"allow":["GET"]}}],"collection":[{"href":"https:\/\/www.cordobatimes.com\/showup\/wp-json\/wp\/v2\/posts"}],"about":[{"href":"https:\/\/www.cordobatimes.com\/showup\/wp-json\/wp\/v2\/types\/post"}],"author":[{"embeddable":true,"href":"https:\/\/www.cordobatimes.com\/showup\/wp-json\/wp\/v2\/users\/1"}],"replies":[{"embeddable":true,"href":"https:\/\/www.cordobatimes.com\/showup\/wp-json\/wp\/v2\/comments?post=90866"}],"version-history":[{"count":0,"href":"https:\/\/www.cordobatimes.com\/showup\/wp-json\/wp\/v2\/posts\/90866\/revisions"}],"wp:featuredmedia":[{"embeddable":true,"href":"https:\/\/www.cordobatimes.com\/showup\/wp-json\/wp\/v2\/media\/90867"}],"wp:attachment":[{"href":"https:\/\/www.cordobatimes.com\/showup\/wp-json\/wp\/v2\/media?parent=90866"}],"wp:term":[{"taxonomy":"category","embeddable":true,"href":"https:\/\/www.cordobatimes.com\/showup\/wp-json\/wp\/v2\/categories?post=90866"},{"taxonomy":"post_tag","embeddable":true,"href":"https:\/\/www.cordobatimes.com\/showup\/wp-json\/wp\/v2\/tags?post=90866"}],"curies":[{"name":"wp","href":"https:\/\/api.w.org\/{rel}","templated":true}]}}