{"id":90851,"date":"2021-08-18T12:20:00","date_gmt":"2021-08-18T15:20:00","guid":{"rendered":"https:\/\/www.cordobatimes.com\/showup\/?p=90851"},"modified":"2021-08-18T12:20:00","modified_gmt":"2021-08-18T15:20:00","slug":"se-revelaron-las-primeras-imagenes-de-carlos-y-diana-en-la-quinta-temporada-de-the-crown","status":"publish","type":"post","link":"https:\/\/www.cordobatimes.com\/showup\/cine-y-series\/2021\/08\/18\/se-revelaron-las-primeras-imagenes-de-carlos-y-diana-en-la-quinta-temporada-de-the-crown\/","title":{"rendered":"Se revelaron las primeras im\u00e1genes de Carlos y Diana en la quinta temporada de The Crown"},"content":{"rendered":"<h3><strong>Dominic West y Elizabeth Debicki interpretar\u00e1n a la pareja real durante los a\u00f1os 90<\/strong><\/h3>\n<p>Se hicieron esperar pero por fin llegaron las primeras fotos oficiales de Dominic West y Elizabeth Debicki como el pr\u00edncipe Carlos y Lady Di en la quinta temporada de The Crown. Aunque el estreno de los nuevos cap\u00edtulos de la serie de Netflix creada por Peter Morgan est\u00e1 anunciado para el a\u00f1o pr\u00f3ximo y a\u00fan no tiene fecha precisa -las temporadas anteriores se lanzaron entre noviembre y diciembre-, el hecho de contar con las im\u00e1genes de tres de los personajes principales de la ficci\u00f3n que sigue la vida p\u00fablica y privada de la reina Isabel II podr\u00eda calmar algo la ansiedad de los fan\u00e1ticos que esperan la continuidad de la historia.<\/p>\n<p>Con una estrategia promocional que sabe medir la avidez que provoca cualquier novedad relacionada con\u00a0el programa nominado a 24 premios Emmy, incluido el de mejor serie dram\u00e1tica, que probablemente se llevar\u00e1 cuando el pr\u00f3ximo 19 de septiembre se entreguen los galardones de la Academia de Televisi\u00f3n y se confirme como la favorita entre los dramas, hace unas semanas Netflix dio a conocer la foto de Imelda Staunton como la reina, el papel que antes estuvo a cargo de Claire Foy y Olivia Colman y que Staunton tendr\u00e1 hasta la conclusi\u00f3n de la serie anunciada para el final de la sexta temporada. Aun quedan por revelar las im\u00e1genes de Jonathan Pryce (Los dos Papas) como el duque de Edimburgo y de Johnny Lee Miller (Elementary) como el primer ministro John Major.<\/p>\n<p><img alt=\"\" loading=\"lazy\" decoding=\"async\" class=\"alignnone size-medium wp-image-90853\" src=\"https:\/\/www.cordobatimes.com\/showup\/wp-content\/uploads\/2021\/08\/reina-isabel-segunda-750x417.jpg\" alt=\"\" width=\"750\" height=\"417\" srcset=\"https:\/\/www.cordobatimes.com\/showup\/wp-content\/uploads\/2021\/08\/reina-isabel-segunda-750x417.jpg 750w, https:\/\/www.cordobatimes.com\/showup\/wp-content\/uploads\/2021\/08\/reina-isabel-segunda-756x420.jpg 756w, https:\/\/www.cordobatimes.com\/showup\/wp-content\/uploads\/2021\/08\/reina-isabel-segunda-768x427.jpg 768w, https:\/\/www.cordobatimes.com\/showup\/wp-content\/uploads\/2021\/08\/reina-isabel-segunda-696x387.jpg 696w, https:\/\/www.cordobatimes.com\/showup\/wp-content\/uploads\/2021\/08\/reina-isabel-segunda.jpg 916w\" sizes=\"auto, (max-width: 750px) 100vw, 750px\" \/><\/p>\n<p>Es que, m\u00e1s all\u00e1 de que desde la aparici\u00f3n en el relato del matrimonio de Carlos y Diana la atenci\u00f3n del p\u00fablico estuvo centrada en ellos, lo cierto es que la serie siempre construy\u00f3 su narrativa a partir del v\u00ednculo de la reina con el poder pol\u00edtico de Gran Breta\u00f1a representado por su Primer ministro. De hecho, la serie est\u00e1 basada en la obra teatral\u00a0La audiencia,\u00a0del propio Morgan, que giraba en torno a los encuentros protocolares que la monarca tuvo con los mandatarios desde que fue coronada hasta los d\u00edas de David Cameron.<\/p>\n<p><img alt=\"\" loading=\"lazy\" decoding=\"async\" class=\"alignnone size-medium wp-image-90854\" src=\"https:\/\/www.cordobatimes.com\/showup\/wp-content\/uploads\/2021\/08\/Emma-Corrin-y-Josh-OConnor-como-los-principes-de-Gales-en-la-cuarta-temporada-de-The-Crown-687x420.jpg\" alt=\"\" width=\"687\" height=\"420\" srcset=\"https:\/\/www.cordobatimes.com\/showup\/wp-content\/uploads\/2021\/08\/Emma-Corrin-y-Josh-OConnor-como-los-principes-de-Gales-en-la-cuarta-temporada-de-The-Crown-687x420.jpg 687w, https:\/\/www.cordobatimes.com\/showup\/wp-content\/uploads\/2021\/08\/Emma-Corrin-y-Josh-OConnor-como-los-principes-de-Gales-en-la-cuarta-temporada-de-The-Crown-768x470.jpg 768w, https:\/\/www.cordobatimes.com\/showup\/wp-content\/uploads\/2021\/08\/Emma-Corrin-y-Josh-OConnor-como-los-principes-de-Gales-en-la-cuarta-temporada-de-The-Crown-696x426.jpg 696w, https:\/\/www.cordobatimes.com\/showup\/wp-content\/uploads\/2021\/08\/Emma-Corrin-y-Josh-OConnor-como-los-principes-de-Gales-en-la-cuarta-temporada-de-The-Crown.jpg 914w\" sizes=\"auto, (max-width: 687px) 100vw, 687px\" \/><\/p>\n<p>De todos modos, la repercusi\u00f3n que provoc\u00f3 la representaci\u00f3n del noviazgo y los primeros a\u00f1os del matrimonio de Carlos y Diana seg\u00fan las licencias po\u00e9ticas que se tom\u00f3 el autor y la interpretaci\u00f3n de Josh O\u2019Connor y Emma Corrin\u00a0colocaron a la serie en el ojo del hurac\u00e1n gracias a la prodigiosa reconstrucci\u00f3n de \u00e9poca y las especulaciones de la prensa y los espectadores sobre los porcentajes de realidad versus ficci\u00f3n que ten\u00edan los guiones. As\u00ed, el propio secretario de comunicaci\u00f3n del gobierno inst\u00f3 a Netflix a que aclarara que la serie se trata de una obra de ficci\u00f3n antes de cada episodio, algo que tanto Morgan como la plataforma consideraron innecesario. Sin embargo, se sabe que la quinta temporada abarcar\u00e1 el tormentoso periodo de separaci\u00f3n de la pareja real y el impacto que sus conflictos tuvieron en la estabilidad de la monarqu\u00eda por lo que resulta m\u00e1s que factible que esas discusiones se renueven cuando se vean los nuevos episodios.<\/p>\n<p><img alt=\"\" loading=\"lazy\" decoding=\"async\" class=\"alignnone size-medium wp-image-90855\" src=\"https:\/\/www.cordobatimes.com\/showup\/wp-content\/uploads\/2021\/08\/01-3-648x420.jpg\" alt=\"\" width=\"648\" height=\"420\" srcset=\"https:\/\/www.cordobatimes.com\/showup\/wp-content\/uploads\/2021\/08\/01-3-648x420.jpg 648w, https:\/\/www.cordobatimes.com\/showup\/wp-content\/uploads\/2021\/08\/01-3-768x498.jpg 768w, https:\/\/www.cordobatimes.com\/showup\/wp-content\/uploads\/2021\/08\/01-3-696x451.jpg 696w, https:\/\/www.cordobatimes.com\/showup\/wp-content\/uploads\/2021\/08\/01-3.jpg 910w\" sizes=\"auto, (max-width: 648px) 100vw, 648px\" \/><\/p>\n<p>Especialmente si llegaran a incluir la famosa entrevista que Lady Di le dio al ciclo\u00a0Panorama\u00a0de la BBC en los a\u00f1os 90 en la que la entonces princesa asegur\u00f3 que su matrimonio estaba integrado por tres personas, haciendo referencia a la relaci\u00f3n del pr\u00edncipe Carlos con Camilla Parker Bowles, que en las \u00faltimas temporadas de\u00a0The Crown\u00a0ser\u00e1 interpretada por Olivia Williams. Aquel reportaje volvi\u00f3 a la luz hace pocos meses cuando la cadena televisiva brit\u00e1nica dio a conocer los resultados de su investigaci\u00f3n interna en la que se estableci\u00f3 que Lady Di hab\u00eda sido enga\u00f1ada y manipulada por la producci\u00f3n del programa al concertar la charla con el periodista Martin Bashir.<\/p>\n<p>Claro que si se trata de la exposici\u00f3n de infidelidades y matrimonios rotos, la nueva temporada tendr\u00e1 un elemento agregado de la vida real debido a los problemas que causaron unas fotos en la pareja de West el a\u00f1o pasado. Es que mientras el actor de\u00a0The Wire\u00a0estaba filmando una pel\u00edcula en Roma,\u00a0las im\u00e1genes de un almuerzo rom\u00e1ntico, fuera de las c\u00e1maras, con su coprotagonista Lily James tomaron por sorpresa a todo el mundo, especialmente a Catherine Fitzgerald, esposa del actor hace m\u00e1s de una d\u00e9cada.\u00a0Un d\u00eda despu\u00e9s de que los diarios brit\u00e1nicos difundieran las comprometedoras fotos, West apareci\u00f3 junto a Fitzgerald en la puerta de su casa, un castillo en Irlanda, para asegurar a los paparazzi que su matrimonio segu\u00eda en pie. Un esc\u00e1ndalo tan confuso que ni siquiera el talentoso Morgan podr\u00eda haberlo imaginado. Lo que es seguro es que cuando se trate de interpretar las infidelidades de Carlos, West tendr\u00e1 m\u00e1s de una memoria emotiva de la que inspirarse.<\/p>\n<p><img alt=\"\" loading=\"lazy\" decoding=\"async\" class=\"alignnone size-medium wp-image-90856\" src=\"https:\/\/www.cordobatimes.com\/showup\/wp-content\/uploads\/2021\/08\/02-3-734x420.jpg\" alt=\"\" width=\"734\" height=\"420\" srcset=\"https:\/\/www.cordobatimes.com\/showup\/wp-content\/uploads\/2021\/08\/02-3-734x420.jpg 734w, https:\/\/www.cordobatimes.com\/showup\/wp-content\/uploads\/2021\/08\/02-3-768x439.jpg 768w, https:\/\/www.cordobatimes.com\/showup\/wp-content\/uploads\/2021\/08\/02-3-696x398.jpg 696w, https:\/\/www.cordobatimes.com\/showup\/wp-content\/uploads\/2021\/08\/02-3.jpg 907w\" sizes=\"auto, (max-width: 734px) 100vw, 734px\" \/><\/p>\n","protected":false},"excerpt":{"rendered":"<p>Dominic West y Elizabeth Debicki interpretar\u00e1n a la pareja real durante los a\u00f1os 90 Se hicieron esperar pero por fin llegaron las primeras fotos oficiales de Dominic West y Elizabeth Debicki como el pr\u00edncipe Carlos y Lady Di en la quinta temporada de The Crown. Aunque el estreno de los nuevos cap\u00edtulos de la serie [&hellip;]<\/p>\n","protected":false},"author":1,"featured_media":90852,"comment_status":"closed","ping_status":"closed","sticky":false,"template":"","format":"standard","meta":{"_seopress_robots_primary_cat":"","_seopress_titles_title":"","_seopress_titles_desc":"","_seopress_robots_index":"","footnotes":""},"categories":[3],"tags":[33218,33216,33219,33220,33217],"class_list":{"0":"post-90851","1":"post","2":"type-post","3":"status-publish","4":"format-standard","5":"has-post-thumbnail","7":"category-cine-y-series","9":"tag-primeras-imagenes-de-carlos-y-diana-en-la-quinta-temporada-de-the-crown","12":"tag-quinta-temporada-de-the-crown"},"_links":{"self":[{"href":"https:\/\/www.cordobatimes.com\/showup\/wp-json\/wp\/v2\/posts\/90851","targetHints":{"allow":["GET"]}}],"collection":[{"href":"https:\/\/www.cordobatimes.com\/showup\/wp-json\/wp\/v2\/posts"}],"about":[{"href":"https:\/\/www.cordobatimes.com\/showup\/wp-json\/wp\/v2\/types\/post"}],"author":[{"embeddable":true,"href":"https:\/\/www.cordobatimes.com\/showup\/wp-json\/wp\/v2\/users\/1"}],"replies":[{"embeddable":true,"href":"https:\/\/www.cordobatimes.com\/showup\/wp-json\/wp\/v2\/comments?post=90851"}],"version-history":[{"count":0,"href":"https:\/\/www.cordobatimes.com\/showup\/wp-json\/wp\/v2\/posts\/90851\/revisions"}],"wp:featuredmedia":[{"embeddable":true,"href":"https:\/\/www.cordobatimes.com\/showup\/wp-json\/wp\/v2\/media\/90852"}],"wp:attachment":[{"href":"https:\/\/www.cordobatimes.com\/showup\/wp-json\/wp\/v2\/media?parent=90851"}],"wp:term":[{"taxonomy":"category","embeddable":true,"href":"https:\/\/www.cordobatimes.com\/showup\/wp-json\/wp\/v2\/categories?post=90851"},{"taxonomy":"post_tag","embeddable":true,"href":"https:\/\/www.cordobatimes.com\/showup\/wp-json\/wp\/v2\/tags?post=90851"}],"curies":[{"name":"wp","href":"https:\/\/api.w.org\/{rel}","templated":true}]}}