{"id":90821,"date":"2021-08-16T12:34:59","date_gmt":"2021-08-16T15:34:59","guid":{"rendered":"https:\/\/www.cordobatimes.com\/showup\/?p=90821"},"modified":"2021-08-16T12:34:59","modified_gmt":"2021-08-16T15:34:59","slug":"pampita-publico-la-primera-produccion-de-fotos-de-su-hija-ana","status":"publish","type":"post","link":"https:\/\/www.cordobatimes.com\/showup\/influencers\/2021\/08\/16\/pampita-publico-la-primera-produccion-de-fotos-de-su-hija-ana\/","title":{"rendered":"Pampita public\u00f3 la primera producci\u00f3n de fotos de su hija, Ana"},"content":{"rendered":"<h3><strong>La modelo y conductora comparti\u00f3 la tierna sesi\u00f3n fotogr\u00e1fica\u00a0<\/strong><\/h3>\n<p>Hace tres semanas Carolina \u201cPampita\u201d Ardohain se convirti\u00f3 en madre -por quinta vez- de la peque\u00f1a Ana, junto a su marido, Roberto Garc\u00eda Morit\u00e1n. La modelo desborda alegr\u00eda en sus redes sociales, y decidi\u00f3 compartir con sus seguidores la primera producci\u00f3n de fotos de la beb\u00e9, a pocos d\u00edas de su nacimiento.<\/p>\n<p>Aunque todav\u00eda no se cumpli\u00f3 ni un mes desde la llegada de la nueva integrante a la familia ensamblada, la peque\u00f1a se roba todas las miradas en el mundo virtual. Las colegas famosas de Pampita la llenan de elogios en Instagram, al igual que los admiradores de la modelo. Por eso no es de extra\u00f1ar que la\u00a0primera sesi\u00f3n fotogr\u00e1fica de Ana\u00a0haya sido furor en las redes.<\/p>\n<p><img alt=\"\" loading=\"lazy\" decoding=\"async\" class=\"alignnone size-medium wp-image-90823\" src=\"https:\/\/www.cordobatimes.com\/showup\/wp-content\/uploads\/2021\/08\/Ana-Garcia-Moritan-Ardohain-ya-poso-para-su-primera-produccion-de-fotos-689x420.jpg\" alt=\"\" width=\"689\" height=\"420\" srcset=\"https:\/\/www.cordobatimes.com\/showup\/wp-content\/uploads\/2021\/08\/Ana-Garcia-Moritan-Ardohain-ya-poso-para-su-primera-produccion-de-fotos-689x420.jpg 689w, https:\/\/www.cordobatimes.com\/showup\/wp-content\/uploads\/2021\/08\/Ana-Garcia-Moritan-Ardohain-ya-poso-para-su-primera-produccion-de-fotos-768x468.jpg 768w, https:\/\/www.cordobatimes.com\/showup\/wp-content\/uploads\/2021\/08\/Ana-Garcia-Moritan-Ardohain-ya-poso-para-su-primera-produccion-de-fotos-696x424.jpg 696w, https:\/\/www.cordobatimes.com\/showup\/wp-content\/uploads\/2021\/08\/Ana-Garcia-Moritan-Ardohain-ya-poso-para-su-primera-produccion-de-fotos.jpg 914w\" sizes=\"auto, (max-width: 689px) 100vw, 689px\" \/> <img alt=\"\" loading=\"lazy\" decoding=\"async\" class=\"alignnone size-medium wp-image-90824\" src=\"https:\/\/www.cordobatimes.com\/showup\/wp-content\/uploads\/2021\/08\/Ana-Garcia-Moritan-Ardohain-ya-poso-para-su-primera-produccion-de-fotos1-688x420.jpg\" alt=\"\" width=\"688\" height=\"420\" srcset=\"https:\/\/www.cordobatimes.com\/showup\/wp-content\/uploads\/2021\/08\/Ana-Garcia-Moritan-Ardohain-ya-poso-para-su-primera-produccion-de-fotos1-688x420.jpg 688w, https:\/\/www.cordobatimes.com\/showup\/wp-content\/uploads\/2021\/08\/Ana-Garcia-Moritan-Ardohain-ya-poso-para-su-primera-produccion-de-fotos1-768x469.jpg 768w, https:\/\/www.cordobatimes.com\/showup\/wp-content\/uploads\/2021\/08\/Ana-Garcia-Moritan-Ardohain-ya-poso-para-su-primera-produccion-de-fotos1-696x425.jpg 696w, https:\/\/www.cordobatimes.com\/showup\/wp-content\/uploads\/2021\/08\/Ana-Garcia-Moritan-Ardohain-ya-poso-para-su-primera-produccion-de-fotos1.jpg 916w\" sizes=\"auto, (max-width: 688px) 100vw, 688px\" \/> <img alt=\"\" loading=\"lazy\" decoding=\"async\" class=\"alignnone size-medium wp-image-90825\" src=\"https:\/\/www.cordobatimes.com\/showup\/wp-content\/uploads\/2021\/08\/Ana-Garcia-Moritan-Ardohain-ya-poso-para-su-primera-produccion-de-fotos2-673x420.jpg\" alt=\"\" width=\"673\" height=\"420\" srcset=\"https:\/\/www.cordobatimes.com\/showup\/wp-content\/uploads\/2021\/08\/Ana-Garcia-Moritan-Ardohain-ya-poso-para-su-primera-produccion-de-fotos2-673x420.jpg 673w, https:\/\/www.cordobatimes.com\/showup\/wp-content\/uploads\/2021\/08\/Ana-Garcia-Moritan-Ardohain-ya-poso-para-su-primera-produccion-de-fotos2-1024x639.jpg 1024w, https:\/\/www.cordobatimes.com\/showup\/wp-content\/uploads\/2021\/08\/Ana-Garcia-Moritan-Ardohain-ya-poso-para-su-primera-produccion-de-fotos2-768x479.jpg 768w, https:\/\/www.cordobatimes.com\/showup\/wp-content\/uploads\/2021\/08\/Ana-Garcia-Moritan-Ardohain-ya-poso-para-su-primera-produccion-de-fotos2-696x434.jpg 696w, https:\/\/www.cordobatimes.com\/showup\/wp-content\/uploads\/2021\/08\/Ana-Garcia-Moritan-Ardohain-ya-poso-para-su-primera-produccion-de-fotos2-1068x666.jpg 1068w, https:\/\/www.cordobatimes.com\/showup\/wp-content\/uploads\/2021\/08\/Ana-Garcia-Moritan-Ardohain-ya-poso-para-su-primera-produccion-de-fotos2.jpg 1085w\" sizes=\"auto, (max-width: 673px) 100vw, 673px\" \/><\/p>\n","protected":false},"excerpt":{"rendered":"<p>La modelo y conductora comparti\u00f3 la tierna sesi\u00f3n fotogr\u00e1fica\u00a0 Hace tres semanas Carolina \u201cPampita\u201d Ardohain se convirti\u00f3 en madre -por quinta vez- de la peque\u00f1a Ana, junto a su marido, Roberto Garc\u00eda Morit\u00e1n. La modelo desborda alegr\u00eda en sus redes sociales, y decidi\u00f3 compartir con sus seguidores la primera producci\u00f3n de fotos de la beb\u00e9, [&hellip;]<\/p>\n","protected":false},"author":1,"featured_media":90822,"comment_status":"closed","ping_status":"closed","sticky":false,"template":"","format":"standard","meta":{"_seopress_robots_primary_cat":"","_seopress_titles_title":"","_seopress_titles_desc":"","_seopress_robots_index":"","footnotes":""},"categories":[23136],"tags":[33204,33035,33203],"class_list":{"0":"post-90821","1":"post","2":"type-post","3":"status-publish","4":"format-standard","5":"has-post-thumbnail","7":"category-influencers","8":"tag-fotos-de-ana-garcia-moritan","9":"tag-hija-de-pampita-y-roberto-garcia-moritan","10":"tag-primera-produccion-de-fotos-de-ana-garcia-moritan"},"_links":{"self":[{"href":"https:\/\/www.cordobatimes.com\/showup\/wp-json\/wp\/v2\/posts\/90821","targetHints":{"allow":["GET"]}}],"collection":[{"href":"https:\/\/www.cordobatimes.com\/showup\/wp-json\/wp\/v2\/posts"}],"about":[{"href":"https:\/\/www.cordobatimes.com\/showup\/wp-json\/wp\/v2\/types\/post"}],"author":[{"embeddable":true,"href":"https:\/\/www.cordobatimes.com\/showup\/wp-json\/wp\/v2\/users\/1"}],"replies":[{"embeddable":true,"href":"https:\/\/www.cordobatimes.com\/showup\/wp-json\/wp\/v2\/comments?post=90821"}],"version-history":[{"count":0,"href":"https:\/\/www.cordobatimes.com\/showup\/wp-json\/wp\/v2\/posts\/90821\/revisions"}],"wp:featuredmedia":[{"embeddable":true,"href":"https:\/\/www.cordobatimes.com\/showup\/wp-json\/wp\/v2\/media\/90822"}],"wp:attachment":[{"href":"https:\/\/www.cordobatimes.com\/showup\/wp-json\/wp\/v2\/media?parent=90821"}],"wp:term":[{"taxonomy":"category","embeddable":true,"href":"https:\/\/www.cordobatimes.com\/showup\/wp-json\/wp\/v2\/categories?post=90821"},{"taxonomy":"post_tag","embeddable":true,"href":"https:\/\/www.cordobatimes.com\/showup\/wp-json\/wp\/v2\/tags?post=90821"}],"curies":[{"name":"wp","href":"https:\/\/api.w.org\/{rel}","templated":true}]}}