{"id":90782,"date":"2021-08-13T19:39:03","date_gmt":"2021-08-13T22:39:03","guid":{"rendered":"https:\/\/www.cordobatimes.com\/showup\/?p=90782"},"modified":"2021-08-13T19:39:03","modified_gmt":"2021-08-13T22:39:03","slug":"la-china-suarez-protagoniza-la-nueva-campana-de-su-amiga-sofia-sarkany","status":"publish","type":"post","link":"https:\/\/www.cordobatimes.com\/showup\/moda-y-estilos\/2021\/08\/13\/la-china-suarez-protagoniza-la-nueva-campana-de-su-amiga-sofia-sarkany\/","title":{"rendered":"La China Su\u00e1rez protagoniza la nueva campa\u00f1a de su amiga Sof\u00eda Sarkany"},"content":{"rendered":"<h3><strong>Mar\u00eda Eugenia Su\u00e1rez\u00a0fue convocada para ser la imagen de la nueva campa\u00f1a de la marca de\u00a0Sof\u00eda Sarkany.\u00a0<\/strong><\/h3>\n<p>No es casualidad que\u00a0La China\u00a0haya sido elegida para ser la modelo en esta producci\u00f3n fotogr\u00e1fica: la actriz ten\u00eda una relaci\u00f3n de amistad muy \u00edntima con la dise\u00f1adora fallecida en marzo pasado en una cl\u00ednica de la Florida, Estados Unidos.<\/p>\n<p>De esta manera, la pareja del actor chileno\u00a0Benjam\u00edn Vicu\u00f1a\u00a0pos\u00f3 con los nuevos dise\u00f1os que forman parte de la\u00a0temporada de verano 2022.\u00a0La colecci\u00f3n\u00a0fue dise\u00f1ada en el 2020 por Sof\u00eda y quien llev\u00f3 adelante la producci\u00f3n fue su hermana\u00a0Josefina. En las redes sociales mostraron un adelanto de lo que se ver\u00e1 en los pr\u00f3ximos meses. El dise\u00f1ador y empresario\u00a0Ricky Sarkany\u00a0tambi\u00e9n estuvo presente durante la realizaci\u00f3n de esta campa\u00f1a, atento a que todo quedara perfecto.<\/p>\n<p><img alt=\"\" loading=\"lazy\" decoding=\"async\" class=\"alignnone wp-image-90784 size-full\" src=\"https:\/\/www.cordobatimes.com\/showup\/wp-content\/uploads\/2021\/08\/01-1.jpg\" alt=\"\" width=\"480\" height=\"643\" srcset=\"https:\/\/www.cordobatimes.com\/showup\/wp-content\/uploads\/2021\/08\/01-1.jpg 480w, https:\/\/www.cordobatimes.com\/showup\/wp-content\/uploads\/2021\/08\/01-1-314x420.jpg 314w\" sizes=\"auto, (max-width: 480px) 100vw, 480px\" \/> <img alt=\"\" loading=\"lazy\" decoding=\"async\" class=\"alignnone wp-image-90785 size-full\" src=\"https:\/\/www.cordobatimes.com\/showup\/wp-content\/uploads\/2021\/08\/02-1.jpg\" alt=\"\" width=\"476\" height=\"644\" srcset=\"https:\/\/www.cordobatimes.com\/showup\/wp-content\/uploads\/2021\/08\/02-1.jpg 476w, https:\/\/www.cordobatimes.com\/showup\/wp-content\/uploads\/2021\/08\/02-1-310x420.jpg 310w\" sizes=\"auto, (max-width: 476px) 100vw, 476px\" \/> <img alt=\"\" loading=\"lazy\" decoding=\"async\" class=\"alignnone wp-image-90786 size-full\" src=\"https:\/\/www.cordobatimes.com\/showup\/wp-content\/uploads\/2021\/08\/03-1.jpg\" alt=\"\" width=\"403\" height=\"647\" srcset=\"https:\/\/www.cordobatimes.com\/showup\/wp-content\/uploads\/2021\/08\/03-1.jpg 403w, https:\/\/www.cordobatimes.com\/showup\/wp-content\/uploads\/2021\/08\/03-1-262x420.jpg 262w\" sizes=\"auto, (max-width: 403px) 100vw, 403px\" \/><\/p>\n","protected":false},"excerpt":{"rendered":"<p>Mar\u00eda Eugenia Su\u00e1rez\u00a0fue convocada para ser la imagen de la nueva campa\u00f1a de la marca de\u00a0Sof\u00eda Sarkany.\u00a0 No es casualidad que\u00a0La China\u00a0haya sido elegida para ser la modelo en esta producci\u00f3n fotogr\u00e1fica: la actriz ten\u00eda una relaci\u00f3n de amistad muy \u00edntima con la dise\u00f1adora fallecida en marzo pasado en una cl\u00ednica de la Florida, Estados [&hellip;]<\/p>\n","protected":false},"author":1,"featured_media":90783,"comment_status":"closed","ping_status":"closed","sticky":false,"template":"","format":"standard","meta":{"_seopress_robots_primary_cat":"","_seopress_titles_title":"","_seopress_titles_desc":"","_seopress_robots_index":"","footnotes":""},"categories":[228],"tags":[33190,33191],"class_list":{"0":"post-90782","1":"post","2":"type-post","3":"status-publish","4":"format-standard","5":"has-post-thumbnail","7":"category-moda-y-estilos","8":"tag-china-suarez-campana-de-la-marca-de-sofia-sarkany","9":"tag-china-suarez-sofia-sarkany"},"_links":{"self":[{"href":"https:\/\/www.cordobatimes.com\/showup\/wp-json\/wp\/v2\/posts\/90782","targetHints":{"allow":["GET"]}}],"collection":[{"href":"https:\/\/www.cordobatimes.com\/showup\/wp-json\/wp\/v2\/posts"}],"about":[{"href":"https:\/\/www.cordobatimes.com\/showup\/wp-json\/wp\/v2\/types\/post"}],"author":[{"embeddable":true,"href":"https:\/\/www.cordobatimes.com\/showup\/wp-json\/wp\/v2\/users\/1"}],"replies":[{"embeddable":true,"href":"https:\/\/www.cordobatimes.com\/showup\/wp-json\/wp\/v2\/comments?post=90782"}],"version-history":[{"count":0,"href":"https:\/\/www.cordobatimes.com\/showup\/wp-json\/wp\/v2\/posts\/90782\/revisions"}],"wp:featuredmedia":[{"embeddable":true,"href":"https:\/\/www.cordobatimes.com\/showup\/wp-json\/wp\/v2\/media\/90783"}],"wp:attachment":[{"href":"https:\/\/www.cordobatimes.com\/showup\/wp-json\/wp\/v2\/media?parent=90782"}],"wp:term":[{"taxonomy":"category","embeddable":true,"href":"https:\/\/www.cordobatimes.com\/showup\/wp-json\/wp\/v2\/categories?post=90782"},{"taxonomy":"post_tag","embeddable":true,"href":"https:\/\/www.cordobatimes.com\/showup\/wp-json\/wp\/v2\/tags?post=90782"}],"curies":[{"name":"wp","href":"https:\/\/api.w.org\/{rel}","templated":true}]}}