{"id":90754,"date":"2021-08-11T10:15:20","date_gmt":"2021-08-11T13:15:20","guid":{"rendered":"https:\/\/www.cordobatimes.com\/showup\/?p=90754"},"modified":"2021-08-11T10:15:20","modified_gmt":"2021-08-11T13:15:20","slug":"estrenan-un-videoclip-inedito-de-gustavo-cerati","status":"publish","type":"post","link":"https:\/\/www.cordobatimes.com\/showup\/musica\/2021\/08\/11\/estrenan-un-videoclip-inedito-de-gustavo-cerati\/","title":{"rendered":"Estrenan un videoclip in\u00e9dito de Gustavo Cerati"},"content":{"rendered":"<h3><strong>Se trata de las im\u00e1genes que acompa\u00f1an la canci\u00f3n No te creo, que form\u00f3 parte del disco Siempre es Hoy.<\/strong><\/h3>\n<p>Con el lema \u201cNo lo creo\u201d, las redes sociales de\u00a0Gustavo Cerati\u00a0anunciaron el pasado 3 de agosto que este 11 -aniversario del nacimiento del m\u00fasico- se dar\u00eda a conocer el\u00a0videoclip in\u00e9dito de \u201cNo te creo\u201d, canci\u00f3n que form\u00f3 parte de\u00a0Siempre es Hoy, disco editado en 2002.<\/p>\n<p>La noticia emocion\u00f3 a todos los fans que, desde comienzos de mes, empezaron a imaginar c\u00f3mo ser\u00eda ese video que sali\u00f3 a la luz este miercoles. Y esa expectativa fue colmada con creces. Poder descubrir fragmentos de la obra de Cerati a\u00fan no revelados es siempre un motivo para celebrar. Y, m\u00e1s a\u00fan, si el hallazgo es presentado el d\u00eda en que el cantante hubiera cumplido 62 a\u00f1os.<\/p>\n<p>El video fue filmado en 2004, en la \u00e9poca de la gira \u201cCanciones elegidas\u201d, y en el mismo aparece Gustavo tocando en su estudio Un\u00edsono junto con la banda que lo acompa\u00f1aba en aquel momento:\u00a0Fernando Nal\u00e9, en bajo;\u00a0Leandro Fresco\u00a0y\u00a0Flavio Etcheto, en teclados; y\u00a0Pedro Moscuzza, en bater\u00eda.<\/p>\n<p><iframe loading=\"lazy\" title=\"YouTube video player\" src=\"https:\/\/www.youtube.com\/embed\/1euLvRdcYdE\" width=\"560\" height=\"315\" frameborder=\"0\" allowfullscreen=\"allowfullscreen\"><\/iframe><\/p>\n","protected":false},"excerpt":{"rendered":"<p>Se trata de las im\u00e1genes que acompa\u00f1an la canci\u00f3n No te creo, que form\u00f3 parte del disco Siempre es Hoy. Con el lema \u201cNo lo creo\u201d, las redes sociales de\u00a0Gustavo Cerati\u00a0anunciaron el pasado 3 de agosto que este 11 -aniversario del nacimiento del m\u00fasico- se dar\u00eda a conocer el\u00a0videoclip in\u00e9dito de \u201cNo te creo\u201d, canci\u00f3n [&hellip;]<\/p>\n","protected":false},"author":1,"featured_media":90755,"comment_status":"closed","ping_status":"closed","sticky":false,"template":"","format":"standard","meta":{"_seopress_robots_primary_cat":"","_seopress_titles_title":"","_seopress_titles_desc":"","_seopress_robots_index":"","footnotes":""},"categories":[5],"tags":[33173,33174,33172],"class_list":{"0":"post-90754","1":"post","2":"type-post","3":"status-publish","4":"format-standard","5":"has-post-thumbnail","7":"category-musica","8":"tag-no-te-creo-disco-siempre-es-hoy","9":"tag-no-te-creo-gustavo-cerati","10":"tag-videoclip-inedito-de-gustavo-cerati"},"_links":{"self":[{"href":"https:\/\/www.cordobatimes.com\/showup\/wp-json\/wp\/v2\/posts\/90754","targetHints":{"allow":["GET"]}}],"collection":[{"href":"https:\/\/www.cordobatimes.com\/showup\/wp-json\/wp\/v2\/posts"}],"about":[{"href":"https:\/\/www.cordobatimes.com\/showup\/wp-json\/wp\/v2\/types\/post"}],"author":[{"embeddable":true,"href":"https:\/\/www.cordobatimes.com\/showup\/wp-json\/wp\/v2\/users\/1"}],"replies":[{"embeddable":true,"href":"https:\/\/www.cordobatimes.com\/showup\/wp-json\/wp\/v2\/comments?post=90754"}],"version-history":[{"count":0,"href":"https:\/\/www.cordobatimes.com\/showup\/wp-json\/wp\/v2\/posts\/90754\/revisions"}],"wp:featuredmedia":[{"embeddable":true,"href":"https:\/\/www.cordobatimes.com\/showup\/wp-json\/wp\/v2\/media\/90755"}],"wp:attachment":[{"href":"https:\/\/www.cordobatimes.com\/showup\/wp-json\/wp\/v2\/media?parent=90754"}],"wp:term":[{"taxonomy":"category","embeddable":true,"href":"https:\/\/www.cordobatimes.com\/showup\/wp-json\/wp\/v2\/categories?post=90754"},{"taxonomy":"post_tag","embeddable":true,"href":"https:\/\/www.cordobatimes.com\/showup\/wp-json\/wp\/v2\/tags?post=90754"}],"curies":[{"name":"wp","href":"https:\/\/api.w.org\/{rel}","templated":true}]}}