{"id":90727,"date":"2021-08-09T19:27:22","date_gmt":"2021-08-09T22:27:22","guid":{"rendered":"https:\/\/www.cordobatimes.com\/showup\/?p=90727"},"modified":"2021-08-09T19:27:22","modified_gmt":"2021-08-09T22:27:22","slug":"los-nuevos-looks-de-carrie-bradshaw-el-famoso-personaje-de-sarah-jessica-parker","status":"publish","type":"post","link":"https:\/\/www.cordobatimes.com\/showup\/moda-y-estilos\/2021\/08\/09\/los-nuevos-looks-de-carrie-bradshaw-el-famoso-personaje-de-sarah-jessica-parker\/","title":{"rendered":"Los nuevos looks de Carrie Bradshaw el famoso personaje de Sarah Jessica Parker"},"content":{"rendered":"<h3><strong>Comenz\u00f3 el rodaje del reboot de Sex &amp; the City y se conocieron los primeros estilismos<\/strong><\/h3>\n<p>El rodaje de la secuela de Sex &amp; the City genera gran expectativa en los fans de la ficci\u00f3n que lanz\u00f3 al estrellato a Sarah Jessica Parker y se ver\u00e1 por HBO Max. Aunque esta nueva entrega no llevar\u00e1 el mismo nombre que la famosa serie \u2013su t\u00edtulo es And Just Like That&#8230;\u2013, no faltar\u00e1n los looks que hicieron de este show uno de los preferidos por las amantes de la moda. Las calles de Nueva York vuelven a ser el marco donde Carrie, Miranda y Charlotte (Samantha no forma parte del reparto en esta ocasi\u00f3n) atraviesan una nueva etapa vital.<\/p>\n<p>Seg\u00fan publicaron medios especializados,\u00a0Patricia Field, dise\u00f1adora de vestuario de la serie original y encargada de los looks de otros \u00e9xitos como\u00a0Emily in Paris, no estar\u00e1 tampoco en esta producci\u00f3n pero, por lo que se puede ver, el guardarropa de\u00a0Carrie Bradshaw\u00a0sigue siendo de lo m\u00e1s inspirador.<\/p>\n<p><img alt=\"\" loading=\"lazy\" decoding=\"async\" class=\"alignnone wp-image-90729 size-full\" src=\"https:\/\/www.cordobatimes.com\/showup\/wp-content\/uploads\/2021\/08\/looks-de-Carrie-Bradshaw-el-famoso-personaje-de-Sarah-Jessica-Parker.jpg\" alt=\"\" width=\"545\" height=\"729\" srcset=\"https:\/\/www.cordobatimes.com\/showup\/wp-content\/uploads\/2021\/08\/looks-de-Carrie-Bradshaw-el-famoso-personaje-de-Sarah-Jessica-Parker.jpg 545w, https:\/\/www.cordobatimes.com\/showup\/wp-content\/uploads\/2021\/08\/looks-de-Carrie-Bradshaw-el-famoso-personaje-de-Sarah-Jessica-Parker-314x420.jpg 314w\" sizes=\"auto, (max-width: 545px) 100vw, 545px\" \/><\/p>\n<p><img alt=\"\" loading=\"lazy\" decoding=\"async\" class=\"alignnone wp-image-90730 size-full\" src=\"https:\/\/www.cordobatimes.com\/showup\/wp-content\/uploads\/2021\/08\/AJA3CP6N55DX7O7IWENJJOCWW4.jpg\" alt=\"\" width=\"879\" height=\"1319\" srcset=\"https:\/\/www.cordobatimes.com\/showup\/wp-content\/uploads\/2021\/08\/AJA3CP6N55DX7O7IWENJJOCWW4.jpg 879w, https:\/\/www.cordobatimes.com\/showup\/wp-content\/uploads\/2021\/08\/AJA3CP6N55DX7O7IWENJJOCWW4-280x420.jpg 280w, https:\/\/www.cordobatimes.com\/showup\/wp-content\/uploads\/2021\/08\/AJA3CP6N55DX7O7IWENJJOCWW4-682x1024.jpg 682w, https:\/\/www.cordobatimes.com\/showup\/wp-content\/uploads\/2021\/08\/AJA3CP6N55DX7O7IWENJJOCWW4-768x1152.jpg 768w, https:\/\/www.cordobatimes.com\/showup\/wp-content\/uploads\/2021\/08\/AJA3CP6N55DX7O7IWENJJOCWW4-696x1044.jpg 696w\" sizes=\"auto, (max-width: 879px) 100vw, 879px\" \/> <img alt=\"\" loading=\"lazy\" decoding=\"async\" class=\"alignnone wp-image-90731 size-full\" src=\"https:\/\/www.cordobatimes.com\/showup\/wp-content\/uploads\/2021\/08\/EJDODK6S5FFKHL7IO7P22ETGRA.jpg\" alt=\"\" width=\"879\" height=\"1319\" srcset=\"https:\/\/www.cordobatimes.com\/showup\/wp-content\/uploads\/2021\/08\/EJDODK6S5FFKHL7IO7P22ETGRA.jpg 879w, https:\/\/www.cordobatimes.com\/showup\/wp-content\/uploads\/2021\/08\/EJDODK6S5FFKHL7IO7P22ETGRA-280x420.jpg 280w, https:\/\/www.cordobatimes.com\/showup\/wp-content\/uploads\/2021\/08\/EJDODK6S5FFKHL7IO7P22ETGRA-682x1024.jpg 682w, https:\/\/www.cordobatimes.com\/showup\/wp-content\/uploads\/2021\/08\/EJDODK6S5FFKHL7IO7P22ETGRA-768x1152.jpg 768w, https:\/\/www.cordobatimes.com\/showup\/wp-content\/uploads\/2021\/08\/EJDODK6S5FFKHL7IO7P22ETGRA-696x1044.jpg 696w\" sizes=\"auto, (max-width: 879px) 100vw, 879px\" \/><\/p>\n","protected":false},"excerpt":{"rendered":"<p>Comenz\u00f3 el rodaje del reboot de Sex &amp; the City y se conocieron los primeros estilismos El rodaje de la secuela de Sex &amp; the City genera gran expectativa en los fans de la ficci\u00f3n que lanz\u00f3 al estrellato a Sarah Jessica Parker y se ver\u00e1 por HBO Max. Aunque esta nueva entrega no llevar\u00e1 [&hellip;]<\/p>\n","protected":false},"author":1,"featured_media":90728,"comment_status":"closed","ping_status":"closed","sticky":false,"template":"","format":"standard","meta":{"_seopress_robots_primary_cat":"","_seopress_titles_title":"","_seopress_titles_desc":"","_seopress_robots_index":"","footnotes":""},"categories":[228],"tags":[33160,33161,33159],"class_list":{"0":"post-90727","1":"post","2":"type-post","3":"status-publish","4":"format-standard","5":"has-post-thumbnail","7":"category-moda-y-estilos","8":"tag-carrie-bradshaw-el-famoso-personaje-de-sarah-jessica-parker","9":"tag-carrie-bradshaw-sarah-jessica-parker","10":"tag-looks-de-carrie-bradshaw"},"_links":{"self":[{"href":"https:\/\/www.cordobatimes.com\/showup\/wp-json\/wp\/v2\/posts\/90727","targetHints":{"allow":["GET"]}}],"collection":[{"href":"https:\/\/www.cordobatimes.com\/showup\/wp-json\/wp\/v2\/posts"}],"about":[{"href":"https:\/\/www.cordobatimes.com\/showup\/wp-json\/wp\/v2\/types\/post"}],"author":[{"embeddable":true,"href":"https:\/\/www.cordobatimes.com\/showup\/wp-json\/wp\/v2\/users\/1"}],"replies":[{"embeddable":true,"href":"https:\/\/www.cordobatimes.com\/showup\/wp-json\/wp\/v2\/comments?post=90727"}],"version-history":[{"count":0,"href":"https:\/\/www.cordobatimes.com\/showup\/wp-json\/wp\/v2\/posts\/90727\/revisions"}],"wp:featuredmedia":[{"embeddable":true,"href":"https:\/\/www.cordobatimes.com\/showup\/wp-json\/wp\/v2\/media\/90728"}],"wp:attachment":[{"href":"https:\/\/www.cordobatimes.com\/showup\/wp-json\/wp\/v2\/media?parent=90727"}],"wp:term":[{"taxonomy":"category","embeddable":true,"href":"https:\/\/www.cordobatimes.com\/showup\/wp-json\/wp\/v2\/categories?post=90727"},{"taxonomy":"post_tag","embeddable":true,"href":"https:\/\/www.cordobatimes.com\/showup\/wp-json\/wp\/v2\/tags?post=90727"}],"curies":[{"name":"wp","href":"https:\/\/api.w.org\/{rel}","templated":true}]}}