{"id":90670,"date":"2021-08-03T10:05:58","date_gmt":"2021-08-03T13:05:58","guid":{"rendered":"https:\/\/www.cordobatimes.com\/showup\/?p=90670"},"modified":"2021-08-03T10:05:58","modified_gmt":"2021-08-03T13:05:58","slug":"pampita-mostro-el-camarin-donde-dormira-ana-al-cuidado-de-su-marido-mientras-ella-esta-en-showmatch","status":"publish","type":"post","link":"https:\/\/www.cordobatimes.com\/showup\/tv\/2021\/08\/03\/pampita-mostro-el-camarin-donde-dormira-ana-al-cuidado-de-su-marido-mientras-ella-esta-en-showmatch\/","title":{"rendered":"Pampita mostr\u00f3 el camar\u00edn donde dormir\u00e1 Ana al cuidado de su marido mientras ella est\u00e1 en ShowMatch"},"content":{"rendered":"<h3><strong>Tinelli le dio la bienvenida a la modelo, quien esta semana se reincorpor\u00f3 como jurado de La Academia a tan s\u00f3lo diez d\u00edas de haber dado a luz a su beba<\/strong><\/h3>\n<p>Apenas diez d\u00edas despu\u00e9s de dar a luz,\u00a0Carolina\u00a0Pampita\u00a0Ardohain\u00a0volvi\u00f3 a\u00a0ShowMatch\u00a0y present\u00f3 a\u00a0Ana, la beba que tuvo junto a\u00a0Roberto Garc\u00eda Morit\u00e1n. Luego de que\u00a0Mar Tarr\u00e9s\u00a0quedara eliminada en el Super Duelo frente a\u00a0Mario Guerci,\u00a0Marcelo Tinelli\u00a0fue a buscar a la flamante mam\u00e1 al camar\u00edn, que estaba todo decorado con globos y carteles de bienvenida.<\/p>\n<p><iframe loading=\"lazy\" title=\"YouTube video player\" src=\"https:\/\/www.youtube.com\/embed\/JCMdJHcoUBw\" width=\"560\" height=\"315\" frameborder=\"0\" allowfullscreen=\"allowfullscreen\"><\/iframe><\/p>\n","protected":false},"excerpt":{"rendered":"<p>Tinelli le dio la bienvenida a la modelo, quien esta semana se reincorpor\u00f3 como jurado de La Academia a tan s\u00f3lo diez d\u00edas de haber dado a luz a su beba Apenas diez d\u00edas despu\u00e9s de dar a luz,\u00a0Carolina\u00a0Pampita\u00a0Ardohain\u00a0volvi\u00f3 a\u00a0ShowMatch\u00a0y present\u00f3 a\u00a0Ana, la beba que tuvo junto a\u00a0Roberto Garc\u00eda Morit\u00e1n. Luego de que\u00a0Mar Tarr\u00e9s\u00a0quedara eliminada [&hellip;]<\/p>\n","protected":false},"author":1,"featured_media":90671,"comment_status":"closed","ping_status":"closed","sticky":false,"template":"","format":"standard","meta":{"_seopress_robots_primary_cat":"","_seopress_titles_title":"","_seopress_titles_desc":"","_seopress_robots_index":"","footnotes":""},"categories":[2],"tags":[33059,33035,33138],"class_list":{"0":"post-90670","1":"post","2":"type-post","3":"status-publish","4":"format-standard","5":"has-post-thumbnail","7":"category-tv","8":"tag-ana-garcia-moritan","9":"tag-hija-de-pampita-y-roberto-garcia-moritan","10":"tag-pampita-mostro-el-camarin-donde-dormira-ana"},"_links":{"self":[{"href":"https:\/\/www.cordobatimes.com\/showup\/wp-json\/wp\/v2\/posts\/90670","targetHints":{"allow":["GET"]}}],"collection":[{"href":"https:\/\/www.cordobatimes.com\/showup\/wp-json\/wp\/v2\/posts"}],"about":[{"href":"https:\/\/www.cordobatimes.com\/showup\/wp-json\/wp\/v2\/types\/post"}],"author":[{"embeddable":true,"href":"https:\/\/www.cordobatimes.com\/showup\/wp-json\/wp\/v2\/users\/1"}],"replies":[{"embeddable":true,"href":"https:\/\/www.cordobatimes.com\/showup\/wp-json\/wp\/v2\/comments?post=90670"}],"version-history":[{"count":0,"href":"https:\/\/www.cordobatimes.com\/showup\/wp-json\/wp\/v2\/posts\/90670\/revisions"}],"wp:featuredmedia":[{"embeddable":true,"href":"https:\/\/www.cordobatimes.com\/showup\/wp-json\/wp\/v2\/media\/90671"}],"wp:attachment":[{"href":"https:\/\/www.cordobatimes.com\/showup\/wp-json\/wp\/v2\/media?parent=90670"}],"wp:term":[{"taxonomy":"category","embeddable":true,"href":"https:\/\/www.cordobatimes.com\/showup\/wp-json\/wp\/v2\/categories?post=90670"},{"taxonomy":"post_tag","embeddable":true,"href":"https:\/\/www.cordobatimes.com\/showup\/wp-json\/wp\/v2\/tags?post=90670"}],"curies":[{"name":"wp","href":"https:\/\/api.w.org\/{rel}","templated":true}]}}