{"id":90652,"date":"2021-08-02T17:11:48","date_gmt":"2021-08-02T20:11:48","guid":{"rendered":"https:\/\/www.cordobatimes.com\/showup\/?p=90652"},"modified":"2021-08-02T17:11:48","modified_gmt":"2021-08-02T20:11:48","slug":"la-casa-de-papel-se-conocio-el-trailer-de-la-quinta-y-ultima-temporada","status":"publish","type":"post","link":"https:\/\/www.cordobatimes.com\/showup\/cine-y-series\/2021\/08\/02\/la-casa-de-papel-se-conocio-el-trailer-de-la-quinta-y-ultima-temporada\/","title":{"rendered":"La Casa de Papel: Se conoci\u00f3 el tr\u00e1iler de la quinta y \u00faltima temporada"},"content":{"rendered":"<h3><strong>Los primeros cinco cap\u00edtulos llegar\u00e1n a Netflix el 3 de septiembre y los episodios finales, el 3 de diciembre.<\/strong><\/h3>\n<p>Hace un tiempo,\u00a0Netflix\u00a0anunci\u00f3 que la quinta temporada de\u00a0La Casa de Papel\u00a0ser\u00e1 la \u00faltima y marcar\u00e1 el final de la exitosa serie de Antena 3 creada por \u00c1lex Pina que supo alcanzar una audiencia mundial gracias a la plataforma de streaming. Este lunes, se difundi\u00f3 el primer tr\u00e1iler de los nuevos episodios que llegar\u00e1n el 3 de septiembre.<\/p>\n<p>La nueva temporada, dividida en dos partes,\u00a0retomar\u00e1 directamente desde donde dej\u00f3 el intenso final de la cuarta entrega.\u00a0\u201cCuando llevas 100 horas encerrada, has estado encadenada a punto de morir y has perdido a tu mejor amiga, esas 100 horas parecen 100 a\u00f1os\u201d,\u00a0cuenta Tokio, el personaje de\u00a0\u00darsula Corber\u00f3,\u00a0sobre el peor momento que atraviesa la banda liderada por el Profesor (\u00c1lvaro Morte). Y luego con un mensaje claro afirma:\u00a0\u201cTodav\u00eda no estamos muertos\u201d.<\/p>\n<p>Tras perder a uno de los suyos, Tokio, R\u00edo (Miguel Herr\u00e1n), Denver (Jaime Llorente), Estocolmo (Esther Acebo), Helsinki (Darko Peric) y Palermo (Rodrigo de la Serna) llevan m\u00e1s de 100 horas encerrados en el Banco de Espa\u00f1a, donde iniciaron un atraco que sali\u00f3 como esperaban. Han conseguido rescatar a Lisboa (Itziar Itu\u00f1o) pero viven una situaci\u00f3n cr\u00edtica.\u00a0El Profesor ha sido capturado por Alicia Sierra (Najwa Nimri) y, por primera vez, no cuenta con un plan para escapar.<\/p>\n<p>Cuando parece que nada puede ir a peor, de la mano del Coronel Tamayo llegar\u00e1 un nuevo enemigo mucho m\u00e1s poderoso que cualquiera de los anteriores: el ej\u00e9rcito.\u00a0Se acerca el final del mayor atraco de la historia y lo que empez\u00f3 siendo un robo, ahora se transformar\u00e1 en una guerra,\u00a0pero la banda est\u00e1 decidida a luchar con todas sus fuerzas, aunque implique poner en riesgo de su vida.<\/p>\n<p><iframe loading=\"lazy\" width=\"560\" height=\"315\" src=\"https:\/\/www.youtube.com\/embed\/6UMmM_XmFVg\" title=\"YouTube video player\" frameborder=\"0\" allow=\"accelerometer; autoplay; clipboard-write; encrypted-media; gyroscope; picture-in-picture\" allowfullscreen><\/iframe><\/p>\n","protected":false},"excerpt":{"rendered":"<p>Los primeros cinco cap\u00edtulos llegar\u00e1n a Netflix el 3 de septiembre y los episodios finales, el 3 de diciembre. Hace un tiempo,\u00a0Netflix\u00a0anunci\u00f3 que la quinta temporada de\u00a0La Casa de Papel\u00a0ser\u00e1 la \u00faltima y marcar\u00e1 el final de la exitosa serie de Antena 3 creada por \u00c1lex Pina que supo alcanzar una audiencia mundial gracias a [&hellip;]<\/p>\n","protected":false},"author":1,"featured_media":90653,"comment_status":"closed","ping_status":"closed","sticky":false,"template":"","format":"standard","meta":{"_seopress_robots_primary_cat":"","_seopress_titles_title":"","_seopress_titles_desc":"","_seopress_robots_index":"","footnotes":""},"categories":[3],"tags":[33133],"class_list":{"0":"post-90652","1":"post","2":"type-post","3":"status-publish","4":"format-standard","5":"has-post-thumbnail","7":"category-cine-y-series","8":"tag-trailer-de-la-quinta-y-ultima-temporada-de-la-casa-de-papel"},"_links":{"self":[{"href":"https:\/\/www.cordobatimes.com\/showup\/wp-json\/wp\/v2\/posts\/90652","targetHints":{"allow":["GET"]}}],"collection":[{"href":"https:\/\/www.cordobatimes.com\/showup\/wp-json\/wp\/v2\/posts"}],"about":[{"href":"https:\/\/www.cordobatimes.com\/showup\/wp-json\/wp\/v2\/types\/post"}],"author":[{"embeddable":true,"href":"https:\/\/www.cordobatimes.com\/showup\/wp-json\/wp\/v2\/users\/1"}],"replies":[{"embeddable":true,"href":"https:\/\/www.cordobatimes.com\/showup\/wp-json\/wp\/v2\/comments?post=90652"}],"version-history":[{"count":0,"href":"https:\/\/www.cordobatimes.com\/showup\/wp-json\/wp\/v2\/posts\/90652\/revisions"}],"wp:featuredmedia":[{"embeddable":true,"href":"https:\/\/www.cordobatimes.com\/showup\/wp-json\/wp\/v2\/media\/90653"}],"wp:attachment":[{"href":"https:\/\/www.cordobatimes.com\/showup\/wp-json\/wp\/v2\/media?parent=90652"}],"wp:term":[{"taxonomy":"category","embeddable":true,"href":"https:\/\/www.cordobatimes.com\/showup\/wp-json\/wp\/v2\/categories?post=90652"},{"taxonomy":"post_tag","embeddable":true,"href":"https:\/\/www.cordobatimes.com\/showup\/wp-json\/wp\/v2\/tags?post=90652"}],"curies":[{"name":"wp","href":"https:\/\/api.w.org\/{rel}","templated":true}]}}