{"id":90603,"date":"2021-07-30T12:33:32","date_gmt":"2021-07-30T15:33:32","guid":{"rendered":"https:\/\/www.cordobatimes.com\/showup\/?p=90603"},"modified":"2021-07-30T12:33:32","modified_gmt":"2021-07-30T15:33:32","slug":"el-nuevo-video-de-maria-becerra-mi-debilidad-ya-tiene-mas-de-un-millon-de-reproducciones","status":"publish","type":"post","link":"https:\/\/www.cordobatimes.com\/showup\/musica\/2021\/07\/30\/el-nuevo-video-de-maria-becerra-mi-debilidad-ya-tiene-mas-de-un-millon-de-reproducciones\/","title":{"rendered":"El nuevo video de Mar\u00eda Becerra \u00abMi debilidad\u00bb ya tiene m\u00e1s de un mill\u00f3n de reproducciones"},"content":{"rendered":"<h3><strong>Al igual que en temas anteriores, Mar\u00eda sorprende con su interpretaci\u00f3n.<\/strong><\/h3>\n<p>Los fans de Mar\u00eda Becerra est\u00e1n tocando el cielo con su nuevo video, en donde la cantante muestra, como siempre, una presentaci\u00f3n impecable y un tema que destaca. Ya se encuentra disponible en muchas de las plataformas digitales y ya lleva m\u00e1s de un mill\u00f3n de reproducciones por YouTube. El nombre de la cantante de 21 a\u00f1os se ha vuelto a convertir en tendencia y su nuevo single ha tenido una aceptaci\u00f3n del p\u00fablico desmedida<\/p>\n<p>\u201cEste 29 de julio se estrena\u00a0una canci\u00f3n que significa mucho para mi,\u00a0Mi Debilidad.\u00a0La escrib\u00ed con cada parte de mi coraz\u00f3n.\u00a0Es la \u00fanica canci\u00f3n que llor\u00e9 al escribir, y es porque su mensaje me moviliza\u201d, escribi\u00f3 la cantante por las redes en la promoci\u00f3n de su nuevo video.<\/p>\n<p>Acto seguido escribi\u00f3 esta reflexi\u00f3n: \u201cLa debilidad, la dependencia, que se puede llegar a sentir por alguien o por algo, y que este tenga el poder de modificar tu d\u00eda, tu humor, tu esencia. Depende de cada uno tener la fortaleza para que esta situaci\u00f3n no se convierta en tu mayor debilidad. \u00bfAlguna vez se sintieron as\u00ed?\u201d.<\/p>\n<p>La cantante luce trajes espectaculares en toda la grabaci\u00f3n. De hecho, la primera imagen la muestra con un vestido de brillantes y con todo el rostro cubierto por una tela semi transparente. Este tipo de est\u00e9ticas es la que encanta al p\u00fablico. A solo media hora de su estreno ya llevaba 460.607 visualizaciones.<\/p>\n<p>\u201cYo te pegu\u00e9 como un abrojo justo al ladito de mis latido. Y ahora ese maldito hilo rojo, oh. Solamente conecta contigo.\u00a0Mi debilidad. Solo si ella gritaba: \u2018Baby, oh my god\u2019. Vos me saca\u2019 de adentro toda la maldad Y ahora que no est\u00e1s, solo me siento sad\u201d, dice la canci\u00f3n, en una letra en que, ya como marca registrada, Maria combina el espa\u00f1ol y el ingl\u00e9s.<\/p>\n<p><iframe loading=\"lazy\" width=\"560\" height=\"315\" src=\"https:\/\/www.youtube.com\/embed\/XF0LH6euBFw\" title=\"YouTube video player\" frameborder=\"0\" allow=\"accelerometer; autoplay; clipboard-write; encrypted-media; gyroscope; picture-in-picture\" allowfullscreen><\/iframe><\/p>\n","protected":false},"excerpt":{"rendered":"<p>Al igual que en temas anteriores, Mar\u00eda sorprende con su interpretaci\u00f3n. Los fans de Mar\u00eda Becerra est\u00e1n tocando el cielo con su nuevo video, en donde la cantante muestra, como siempre, una presentaci\u00f3n impecable y un tema que destaca. Ya se encuentra disponible en muchas de las plataformas digitales y ya lleva m\u00e1s de un [&hellip;]<\/p>\n","protected":false},"author":1,"featured_media":90604,"comment_status":"closed","ping_status":"closed","sticky":false,"template":"","format":"standard","meta":{"_seopress_robots_primary_cat":"","_seopress_titles_title":"","_seopress_titles_desc":"","_seopress_robots_index":"","footnotes":""},"categories":[5],"tags":[33108,33107],"class_list":{"0":"post-90603","1":"post","2":"type-post","3":"status-publish","4":"format-standard","5":"has-post-thumbnail","7":"category-musica","8":"tag-maria-becerra-mi-debilidad","9":"tag-nuevo-video-de-maria-becerra-mi-debilidad"},"_links":{"self":[{"href":"https:\/\/www.cordobatimes.com\/showup\/wp-json\/wp\/v2\/posts\/90603","targetHints":{"allow":["GET"]}}],"collection":[{"href":"https:\/\/www.cordobatimes.com\/showup\/wp-json\/wp\/v2\/posts"}],"about":[{"href":"https:\/\/www.cordobatimes.com\/showup\/wp-json\/wp\/v2\/types\/post"}],"author":[{"embeddable":true,"href":"https:\/\/www.cordobatimes.com\/showup\/wp-json\/wp\/v2\/users\/1"}],"replies":[{"embeddable":true,"href":"https:\/\/www.cordobatimes.com\/showup\/wp-json\/wp\/v2\/comments?post=90603"}],"version-history":[{"count":0,"href":"https:\/\/www.cordobatimes.com\/showup\/wp-json\/wp\/v2\/posts\/90603\/revisions"}],"wp:featuredmedia":[{"embeddable":true,"href":"https:\/\/www.cordobatimes.com\/showup\/wp-json\/wp\/v2\/media\/90604"}],"wp:attachment":[{"href":"https:\/\/www.cordobatimes.com\/showup\/wp-json\/wp\/v2\/media?parent=90603"}],"wp:term":[{"taxonomy":"category","embeddable":true,"href":"https:\/\/www.cordobatimes.com\/showup\/wp-json\/wp\/v2\/categories?post=90603"},{"taxonomy":"post_tag","embeddable":true,"href":"https:\/\/www.cordobatimes.com\/showup\/wp-json\/wp\/v2\/tags?post=90603"}],"curies":[{"name":"wp","href":"https:\/\/api.w.org\/{rel}","templated":true}]}}