{"id":90590,"date":"2021-07-29T17:23:26","date_gmt":"2021-07-29T20:23:26","guid":{"rendered":"https:\/\/www.cordobatimes.com\/showup\/?p=90590"},"modified":"2021-07-29T17:23:26","modified_gmt":"2021-07-29T20:23:26","slug":"la-moda-de-paris-despues-de-un-ano-y-medio-de-pasarelas-confinadas-la-alta-costura-volvio-a-levantarse","status":"publish","type":"post","link":"https:\/\/www.cordobatimes.com\/showup\/moda-y-estilos\/2021\/07\/29\/la-moda-de-paris-despues-de-un-ano-y-medio-de-pasarelas-confinadas-la-alta-costura-volvio-a-levantarse\/","title":{"rendered":"La moda de Par\u00eds. despu\u00e9s de un a\u00f1o y medio de pasarelas \u201cconfinadas\u201d, la alta costura volvi\u00f3 a levantarse"},"content":{"rendered":"<h3>\u00a0<strong>Las grandes firmas lograron sacarnos del sopor pand\u00e9mico y nos invitaron a so\u00f1ar con la nueva normalidad.<\/strong><\/h3>\n<p>La pasarela de Christian Dior. Mar\u00eda Grazia Chiuri puso en valor la dimensi\u00f3n artesanal de la alta costura y la cadena invisible de personas que hacen posible este fabuloso arte. Inspirada por las largas camintas que nos salvaron durante el lockdown, la italiana hizo foco en el d\u00eda y present\u00f3 una serie de tapados y capas de tweed (izquierda), que contrastaban, de manera equilibrada, con los vestidos, fluidos y livianos (derecha).<\/p>\n<p><img alt=\"\" loading=\"lazy\" decoding=\"async\" class=\"alignnone wp-image-90592 size-full\" src=\"https:\/\/www.cordobatimes.com\/showup\/wp-content\/uploads\/2021\/07\/MDIUFVD6DBDOZO5VQMLSDHYIPY.jpg\" alt=\"\" width=\"879\" height=\"586\" srcset=\"https:\/\/www.cordobatimes.com\/showup\/wp-content\/uploads\/2021\/07\/MDIUFVD6DBDOZO5VQMLSDHYIPY.jpg 879w, https:\/\/www.cordobatimes.com\/showup\/wp-content\/uploads\/2021\/07\/MDIUFVD6DBDOZO5VQMLSDHYIPY-630x420.jpg 630w, https:\/\/www.cordobatimes.com\/showup\/wp-content\/uploads\/2021\/07\/MDIUFVD6DBDOZO5VQMLSDHYIPY-768x512.jpg 768w, https:\/\/www.cordobatimes.com\/showup\/wp-content\/uploads\/2021\/07\/MDIUFVD6DBDOZO5VQMLSDHYIPY-696x464.jpg 696w\" sizes=\"auto, (max-width: 879px) 100vw, 879px\" \/><\/p>\n<p>Izquierda: Sof\u00eda S\u00e1nchez de Betak hab\u00eda hablado de sus pocas ganas de volver a los trotes de fashion week, pero se ve que su cari\u00f1o por la directora creativa de Dior pudo m\u00e1s. Centro: la tambi\u00e9n argentina Sof\u00eda Ach\u00e1val de Montagu ocup\u00f3 un lugar en primera fila con Chufy. Derecha: Jennifer Lawrence vol\u00f3 a Par\u00eds para ver el show y deslumbr\u00f3 con un vestido New Look, la tipolog\u00eda con la que Dior torci\u00f3 el rumbo de la moda tras la Segunda Guerra.<\/p>\n<p><img alt=\"\" loading=\"lazy\" decoding=\"async\" class=\"alignnone size-medium wp-image-90593\" src=\"https:\/\/www.cordobatimes.com\/showup\/wp-content\/uploads\/2021\/07\/ZY4P7ECURJBZ5FIVMWMAYYVSPI-630x420.jpg\" alt=\"\" width=\"630\" height=\"420\" srcset=\"https:\/\/www.cordobatimes.com\/showup\/wp-content\/uploads\/2021\/07\/ZY4P7ECURJBZ5FIVMWMAYYVSPI-630x420.jpg 630w, https:\/\/www.cordobatimes.com\/showup\/wp-content\/uploads\/2021\/07\/ZY4P7ECURJBZ5FIVMWMAYYVSPI-768x512.jpg 768w, https:\/\/www.cordobatimes.com\/showup\/wp-content\/uploads\/2021\/07\/ZY4P7ECURJBZ5FIVMWMAYYVSPI-696x464.jpg 696w, https:\/\/www.cordobatimes.com\/showup\/wp-content\/uploads\/2021\/07\/ZY4P7ECURJBZ5FIVMWMAYYVSPI.jpg 879w\" sizes=\"auto, (max-width: 630px) 100vw, 630px\" \/><\/p>\n<p>Izquierda: Sof\u00eda S\u00e1nchez de Betak hab\u00eda hablado de sus pocas ganas de volver a los trotes de fashion week, pero se ve que su cari\u00f1o por la directora creativa de Dior pudo m\u00e1s. Centro: la tambi\u00e9n argentina Sof\u00eda Ach\u00e1val de Montagu ocup\u00f3 un lugar en primera fila con Chufy. Derecha: Jennifer Lawrence vol\u00f3 a Par\u00eds para ver el show y deslumbr\u00f3 con un vestido New Look, la tipolog\u00eda con la que Dior torci\u00f3 el rumbo de la moda tras la Segunda Guerra.<\/p>\n<p>Izquierda: una de las pocas que logr\u00f3 el t\u00edtulo de \u201csupermodelo\u201d en los 90, \u00c1mber Valletta asisti\u00f3 a una comida de Louis Vuitton vestida por la etiqueta. Centro: la firma present\u00f3 una nueva colecci\u00f3n de perfumes, Les Extraits Collection, durante fashion week. Sophie Turner asisti\u00f3 con su marido, Joe Jones. Derecha: Katy Perry y Orlando Bloom tambi\u00e9n estuvieron invitados.<\/p>\n<p><img alt=\"\" loading=\"lazy\" decoding=\"async\" class=\"alignnone size-medium wp-image-90594\" src=\"https:\/\/www.cordobatimes.com\/showup\/wp-content\/uploads\/2021\/07\/QRMQLQSBKBGJBBRWHYBTYIRZXU-630x420.jpg\" alt=\"\" width=\"630\" height=\"420\" srcset=\"https:\/\/www.cordobatimes.com\/showup\/wp-content\/uploads\/2021\/07\/QRMQLQSBKBGJBBRWHYBTYIRZXU-630x420.jpg 630w, https:\/\/www.cordobatimes.com\/showup\/wp-content\/uploads\/2021\/07\/QRMQLQSBKBGJBBRWHYBTYIRZXU-696x464.jpg 696w, https:\/\/www.cordobatimes.com\/showup\/wp-content\/uploads\/2021\/07\/QRMQLQSBKBGJBBRWHYBTYIRZXU.jpg 768w\" sizes=\"auto, (max-width: 630px) 100vw, 630px\" \/><\/p>\n<p>La vuelta fue h\u00edbrida. Algunas casas, como\u00a0Christian Dior,\u00a0Chanel\u00a0y\u00a0Balenciaga\u00a0apostaron al show cl\u00e1sico, con un p\u00fablico reducido, barbijos y distancia social, y otros, como el siempre rom\u00e1ntico\u00a0Giambattista Valli, o la vanguardista\u00a0Schiaparelli\u00a0avanzaron con sus presentaciones de manera virtual. M\u00e1s all\u00e1 de la modalidad del show, al repasar las colecciones\u00a0oto\u00f1o 2021, queda claro que los directores creativos volvieron a los archivos de las firmas que lideran en busca de inspiraci\u00f3n y le dieron forma a propuestas exquisitas y cl\u00e1sicas.<\/p>\n<p><img alt=\"\" loading=\"lazy\" decoding=\"async\" class=\"alignnone wp-image-90595 size-full\" src=\"https:\/\/www.cordobatimes.com\/showup\/wp-content\/uploads\/2021\/07\/ZZNFD2WPOVFO7PQWNJJ7J4UOEM.jpg\" alt=\"\" width=\"879\" height=\"586\" srcset=\"https:\/\/www.cordobatimes.com\/showup\/wp-content\/uploads\/2021\/07\/ZZNFD2WPOVFO7PQWNJJ7J4UOEM.jpg 879w, https:\/\/www.cordobatimes.com\/showup\/wp-content\/uploads\/2021\/07\/ZZNFD2WPOVFO7PQWNJJ7J4UOEM-630x420.jpg 630w, https:\/\/www.cordobatimes.com\/showup\/wp-content\/uploads\/2021\/07\/ZZNFD2WPOVFO7PQWNJJ7J4UOEM-768x512.jpg 768w, https:\/\/www.cordobatimes.com\/showup\/wp-content\/uploads\/2021\/07\/ZZNFD2WPOVFO7PQWNJJ7J4UOEM-696x464.jpg 696w\" sizes=\"auto, (max-width: 879px) 100vw, 879px\" \/><\/p>\n<p>Elie Saab estuvo entre quienes prefirieron revelar sus dise\u00f1os de manera digital. Titulada \u201cBrotes de esperanza\u201d, la colecci\u00f3n del liban\u00e9s fue una oda a los comienzos. Flores exquisitas, p\u00e9talos y ramas \u00abpintaron\u201d un paisaje impresionista sobre sus cl\u00e1sicos trajes de gala, so\u00f1ados para una futuro pospand\u00e9mico de grandes ocasiones, brindis y renacimiento.<\/p>\n<p><img alt=\"\" loading=\"lazy\" decoding=\"async\" class=\"alignnone wp-image-90596 size-full\" src=\"https:\/\/www.cordobatimes.com\/showup\/wp-content\/uploads\/2021\/07\/QJTZRBJCWFF6HGS4CC6KHIKCW4.jpg\" alt=\"\" width=\"879\" height=\"586\" srcset=\"https:\/\/www.cordobatimes.com\/showup\/wp-content\/uploads\/2021\/07\/QJTZRBJCWFF6HGS4CC6KHIKCW4.jpg 879w, https:\/\/www.cordobatimes.com\/showup\/wp-content\/uploads\/2021\/07\/QJTZRBJCWFF6HGS4CC6KHIKCW4-630x420.jpg 630w, https:\/\/www.cordobatimes.com\/showup\/wp-content\/uploads\/2021\/07\/QJTZRBJCWFF6HGS4CC6KHIKCW4-768x512.jpg 768w, https:\/\/www.cordobatimes.com\/showup\/wp-content\/uploads\/2021\/07\/QJTZRBJCWFF6HGS4CC6KHIKCW4-696x464.jpg 696w\" sizes=\"auto, (max-width: 879px) 100vw, 879px\" \/><\/p>\n<p>Izquierda: el italiano Giambattista Valli eligi\u00f3 el Espace Niemeyer, en Par\u00eds, para presentar su colecci\u00f3n de manera virtual. Centro: al mando de la casa que fund\u00f3 Elsa Schiaparelli en 1927, Daniel Roseberry se pregunt\u00f3 qu\u00e9 iba a pasar si combinaba un poco de Manet con Lacroix y algo de los 80 con un pizca de \u201cmatador\u201d y el resultado fue una colecci\u00f3n de otro planeta. Derecha: a sus 23 a\u00f1os, la argentin\u00edsima Cynthia Arr\u00e9bola tuvo el privilegio de abrir el show de Giorgio Armani.Cortes\u00eda de Giambattista Valli,<br \/>\nHubo dos excepciones. Demna Gvasalia, el dise\u00f1ador georgiano a cargo de Balenciaga desde 2015, y Daniel Roseberry, el norteamericano apuntado en Schiaparelli en 2019, trascendieron el homenaje e impactaron con colecciones de avanzada. Ambas propuestas estuvieron alineadas, en simult\u00e1neo, al ADN de las casas que representan y a un futuro pos pand\u00e9mico de goce y juego.<\/p>\n<p><img alt=\"\" loading=\"lazy\" decoding=\"async\" class=\"alignnone wp-image-90597 size-full\" src=\"https:\/\/www.cordobatimes.com\/showup\/wp-content\/uploads\/2021\/07\/XAJPSVIC7REYNLBXGB4FGEQU3M.jpg\" alt=\"\" width=\"879\" height=\"586\" srcset=\"https:\/\/www.cordobatimes.com\/showup\/wp-content\/uploads\/2021\/07\/XAJPSVIC7REYNLBXGB4FGEQU3M.jpg 879w, https:\/\/www.cordobatimes.com\/showup\/wp-content\/uploads\/2021\/07\/XAJPSVIC7REYNLBXGB4FGEQU3M-630x420.jpg 630w, https:\/\/www.cordobatimes.com\/showup\/wp-content\/uploads\/2021\/07\/XAJPSVIC7REYNLBXGB4FGEQU3M-768x512.jpg 768w, https:\/\/www.cordobatimes.com\/showup\/wp-content\/uploads\/2021\/07\/XAJPSVIC7REYNLBXGB4FGEQU3M-696x464.jpg 696w\" sizes=\"auto, (max-width: 879px) 100vw, 879px\" \/><\/p>\n<p>El desfile de Zuhair Murad fue a cielo abierto. Un a\u00f1o atr\u00e1s, el creador liban\u00e9s perdi\u00f3 su hist\u00f3rico atelier (y todo su archivo) en la megaexplosi\u00f3n que devast\u00f3 Beirut. Trabajar en una nueva propuesta couture le dio alegr\u00eda y fuerzas. \u201cMis clientas quieren volver a disfrutar de la vida, salir y verse fenomenales\u201d, cont\u00f3, tras presentar una colecci\u00f3n lujosa y opulenta.<\/p>\n<p><img alt=\"\" loading=\"lazy\" decoding=\"async\" class=\"alignnone wp-image-90598 size-full\" src=\"https:\/\/www.cordobatimes.com\/showup\/wp-content\/uploads\/2021\/07\/2Z4BXHGO7VHVTIM347R45HSJ5U.jpg\" alt=\"\" width=\"879\" height=\"586\" srcset=\"https:\/\/www.cordobatimes.com\/showup\/wp-content\/uploads\/2021\/07\/2Z4BXHGO7VHVTIM347R45HSJ5U.jpg 879w, https:\/\/www.cordobatimes.com\/showup\/wp-content\/uploads\/2021\/07\/2Z4BXHGO7VHVTIM347R45HSJ5U-630x420.jpg 630w, https:\/\/www.cordobatimes.com\/showup\/wp-content\/uploads\/2021\/07\/2Z4BXHGO7VHVTIM347R45HSJ5U-768x512.jpg 768w, https:\/\/www.cordobatimes.com\/showup\/wp-content\/uploads\/2021\/07\/2Z4BXHGO7VHVTIM347R45HSJ5U-696x464.jpg 696w\" sizes=\"auto, (max-width: 879px) 100vw, 879px\" \/><\/p>\n<p>A cargo de la maison que fund\u00f3 Crist\u00f3bal Balenciaga desde 2015, el georgiano Demna Gvasalia present\u00f3 la primera colecci\u00f3n couture de la firma en m\u00e1s de 50 a\u00f1os. Lo hizo en silencio, como lo hac\u00eda el genial couturier, quien prefer\u00eda que no haya m\u00fasica durante sus desfiles para que el p\u00fablico prestara atenci\u00f3n a la l\u00ednea, el corte y la presencia de su ropa.<\/p>\n<p><img alt=\"\" loading=\"lazy\" decoding=\"async\" class=\"alignnone size-medium wp-image-90599\" src=\"https:\/\/www.cordobatimes.com\/showup\/wp-content\/uploads\/2021\/07\/XZAINEGPWJHRHOTN63MF6FFJTQ-630x420.jpg\" alt=\"\" width=\"630\" height=\"420\" srcset=\"https:\/\/www.cordobatimes.com\/showup\/wp-content\/uploads\/2021\/07\/XZAINEGPWJHRHOTN63MF6FFJTQ-630x420.jpg 630w, https:\/\/www.cordobatimes.com\/showup\/wp-content\/uploads\/2021\/07\/XZAINEGPWJHRHOTN63MF6FFJTQ-768x512.jpg 768w, https:\/\/www.cordobatimes.com\/showup\/wp-content\/uploads\/2021\/07\/XZAINEGPWJHRHOTN63MF6FFJTQ-696x464.jpg 696w, https:\/\/www.cordobatimes.com\/showup\/wp-content\/uploads\/2021\/07\/XZAINEGPWJHRHOTN63MF6FFJTQ.jpg 879w\" sizes=\"auto, (max-width: 630px) 100vw, 630px\" \/><\/p>\n<p>El cierre de Chanel. Virginie Viard eligi\u00f3 las escalinatas del Palais Galliera para presentar la propuesta couture que ide\u00f3 para la casa que lidera desde la muerte de Lagerfeld. La dise\u00f1adora confi\u00f3 en el trabajo de las mejores casas de bordados de Par\u00eds y de los artesanos de Lemari\u00e9 (son especialistas en plumas y flores) para crear una colecci\u00f3n de esp\u00edritu impresionista y cl\u00e1sica, inspirada en los hits de la maison.<\/p>\n<p><img alt=\"\" loading=\"lazy\" decoding=\"async\" class=\"alignnone wp-image-90601 size-full\" src=\"https:\/\/www.cordobatimes.com\/showup\/wp-content\/uploads\/2021\/07\/3NVOKH6HBFFQDFIYMNJWF5HLLA.jpg\" alt=\"\" width=\"879\" height=\"586\" srcset=\"https:\/\/www.cordobatimes.com\/showup\/wp-content\/uploads\/2021\/07\/3NVOKH6HBFFQDFIYMNJWF5HLLA.jpg 879w, https:\/\/www.cordobatimes.com\/showup\/wp-content\/uploads\/2021\/07\/3NVOKH6HBFFQDFIYMNJWF5HLLA-630x420.jpg 630w, https:\/\/www.cordobatimes.com\/showup\/wp-content\/uploads\/2021\/07\/3NVOKH6HBFFQDFIYMNJWF5HLLA-768x512.jpg 768w, https:\/\/www.cordobatimes.com\/showup\/wp-content\/uploads\/2021\/07\/3NVOKH6HBFFQDFIYMNJWF5HLLA-696x464.jpg 696w\" sizes=\"auto, (max-width: 879px) 100vw, 879px\" \/><\/p>\n<p>Izquierda: Alexandra de Hannover vol\u00f3 a la capital francesa para ver algunos shows. Centro, izquierda: la actriz francesa Carole Bouquet estuvo entre las invitadas a la presentaci\u00f3n de Chanel. Es suegra de Charlotte, la hermana mayor de la princesa Alexandra. Centro, derecha: una \u201cveterana\u201d en los catwalks de Par\u00eds, la argentina Mica Arga\u00f1araz particip\u00f3 del desfile de Chanel. Derecha: en la era Viard, los tailleurs de tweed se llevan oversized, con falsos mohawks y guillerminas.<\/p>\n","protected":false},"excerpt":{"rendered":"<p>\u00a0Las grandes firmas lograron sacarnos del sopor pand\u00e9mico y nos invitaron a so\u00f1ar con la nueva normalidad. La pasarela de Christian Dior. Mar\u00eda Grazia Chiuri puso en valor la dimensi\u00f3n artesanal de la alta costura y la cadena invisible de personas que hacen posible este fabuloso arte. Inspirada por las largas camintas que nos salvaron [&hellip;]<\/p>\n","protected":false},"author":1,"featured_media":90591,"comment_status":"closed","ping_status":"closed","sticky":false,"template":"","format":"standard","meta":{"_seopress_robots_primary_cat":"","_seopress_titles_title":"","_seopress_titles_desc":"","_seopress_robots_index":"","footnotes":""},"categories":[228],"tags":[33105,33106,32207],"class_list":{"0":"post-90590","1":"post","2":"type-post","3":"status-publish","4":"format-standard","5":"has-post-thumbnail","7":"category-moda-y-estilos","8":"tag-moda-de-paris","9":"tag-moda-otono-invierno-2021","10":"tag-tendencias-de-moda-2021"},"_links":{"self":[{"href":"https:\/\/www.cordobatimes.com\/showup\/wp-json\/wp\/v2\/posts\/90590","targetHints":{"allow":["GET"]}}],"collection":[{"href":"https:\/\/www.cordobatimes.com\/showup\/wp-json\/wp\/v2\/posts"}],"about":[{"href":"https:\/\/www.cordobatimes.com\/showup\/wp-json\/wp\/v2\/types\/post"}],"author":[{"embeddable":true,"href":"https:\/\/www.cordobatimes.com\/showup\/wp-json\/wp\/v2\/users\/1"}],"replies":[{"embeddable":true,"href":"https:\/\/www.cordobatimes.com\/showup\/wp-json\/wp\/v2\/comments?post=90590"}],"version-history":[{"count":0,"href":"https:\/\/www.cordobatimes.com\/showup\/wp-json\/wp\/v2\/posts\/90590\/revisions"}],"wp:featuredmedia":[{"embeddable":true,"href":"https:\/\/www.cordobatimes.com\/showup\/wp-json\/wp\/v2\/media\/90591"}],"wp:attachment":[{"href":"https:\/\/www.cordobatimes.com\/showup\/wp-json\/wp\/v2\/media?parent=90590"}],"wp:term":[{"taxonomy":"category","embeddable":true,"href":"https:\/\/www.cordobatimes.com\/showup\/wp-json\/wp\/v2\/categories?post=90590"},{"taxonomy":"post_tag","embeddable":true,"href":"https:\/\/www.cordobatimes.com\/showup\/wp-json\/wp\/v2\/tags?post=90590"}],"curies":[{"name":"wp","href":"https:\/\/api.w.org\/{rel}","templated":true}]}}