{"id":90555,"date":"2021-07-28T12:41:44","date_gmt":"2021-07-28T15:41:44","guid":{"rendered":"https:\/\/www.cordobatimes.com\/showup\/?p=90555"},"modified":"2021-07-28T12:41:44","modified_gmt":"2021-07-28T15:41:44","slug":"ana-garcia-moritan-ardohain-ya-es-influencer","status":"publish","type":"post","link":"https:\/\/www.cordobatimes.com\/showup\/influencers\/2021\/07\/28\/ana-garcia-moritan-ardohain-ya-es-influencer\/","title":{"rendered":"Ana Garc\u00eda Morit\u00e1n Ardohain ya es influencer"},"content":{"rendered":"<h3><strong>La hija de Pampita ya tiene cuentas dedicadas en las redes sociales.<\/strong><\/h3>\n<p>A sus 6 d\u00edas de vida, la reci\u00e9n nacida ya es una mini influencer. Bautizada como \u00abmini Pampita\u00bb, la primera hija de\u00a0Carolina Ardohain\u00a0(43) y\u00a0Roberto Garc\u00eda Morit\u00e1n\u00a0(44), que naci\u00f3 el 22 de julio pasado a las 9.30AM, ya tiene cuentas de Instagram dedicadas a ella.<\/p>\n<p>En\u00a0Pampita Online\u00a0(Net TV), donde\u00a0Denise Dumas\u00a0reemplaza a la flamante madre, repasaron las cuentas a cargo de los fan\u00e1ticos de la modelo y aseguraron que Ana, que el 26 celebr\u00f3 Santa Ana, es toda una Instagrammer.<\/p>\n<p>\u201cA diferencia de los otros ni\u00f1os, Pampita no maneja esta cuenta de Instagram. Por ejemplo, Luli Salazar comparte los looks de Matilda o Marley los videos que \u00e9l mismo le filma a Mirko. Sin embargo, esto lo hicieron los fan\u00e1ticos de Caro en honor a la bebita\u201d, aclar\u00f3\u00a0Paula Galloni.<\/p>\n<p>La ni\u00f1a que es protagonista estrella de\u00a0Siendo Pampita, la serie de 10 episodios que Paramount+ estrenar\u00e1 en octubre y que registra sus nueve meses de gestaci\u00f3n, es centro de atenci\u00f3n del fandom de Pampita, que no para de abrir cuentas de Instagram en las que registran cada paso de la canceriana.<\/p>\n<p>Una de ellas es @Anagmoritan, que ya posee 24,5 mil seguidores y que abrieron el 17 de enero pasado. All\u00ed recopilan im\u00e1genes de la hermana de\u00a0Benicio,\u00a0Beltr\u00e1n\u00a0y\u00a0Bautista Vicu\u00f1a\u00a0desde los \u00faltimos meses de embarazo de Carolina. Adem\u00e1s, dedicaron varios posteos a las postales m\u00e1s ic\u00f3nicas de Ana en la suite del Otamendi.<\/p>\n<p><img alt=\"\" loading=\"lazy\" decoding=\"async\" class=\"alignnone wp-image-90557 size-full\" src=\"https:\/\/www.cordobatimes.com\/showup\/wp-content\/uploads\/2021\/07\/ana-g-moritan.jpg\" alt=\"\" width=\"514\" height=\"732\" srcset=\"https:\/\/www.cordobatimes.com\/showup\/wp-content\/uploads\/2021\/07\/ana-g-moritan.jpg 514w, https:\/\/www.cordobatimes.com\/showup\/wp-content\/uploads\/2021\/07\/ana-g-moritan-295x420.jpg 295w\" sizes=\"auto, (max-width: 514px) 100vw, 514px\" \/><\/p>\n<p>A continuaci\u00f3n, otras de las cuentas en honor a Ana Garc\u00eda Morit\u00e1n Ardohain, que por supuesto tambi\u00e9n se hacen eco del reality pronto a estrenarse y de cada posteo o story que comparten los padres de la beba.<\/p>\n<p><img alt=\"\" loading=\"lazy\" decoding=\"async\" class=\"alignnone wp-image-90558 size-full\" src=\"https:\/\/www.cordobatimes.com\/showup\/wp-content\/uploads\/2021\/07\/mini-pampita-gm.jpg\" alt=\"\" width=\"510\" height=\"735\" srcset=\"https:\/\/www.cordobatimes.com\/showup\/wp-content\/uploads\/2021\/07\/mini-pampita-gm.jpg 510w, https:\/\/www.cordobatimes.com\/showup\/wp-content\/uploads\/2021\/07\/mini-pampita-gm-291x420.jpg 291w\" sizes=\"auto, (max-width: 510px) 100vw, 510px\" \/><\/p>\n<p><img alt=\"\" loading=\"lazy\" decoding=\"async\" class=\"alignnone wp-image-90559 size-full\" src=\"https:\/\/www.cordobatimes.com\/showup\/wp-content\/uploads\/2021\/07\/insta-ana-garcia-moritan.jpg\" alt=\"\" width=\"479\" height=\"731\" srcset=\"https:\/\/www.cordobatimes.com\/showup\/wp-content\/uploads\/2021\/07\/insta-ana-garcia-moritan.jpg 479w, https:\/\/www.cordobatimes.com\/showup\/wp-content\/uploads\/2021\/07\/insta-ana-garcia-moritan-275x420.jpg 275w\" sizes=\"auto, (max-width: 479px) 100vw, 479px\" \/><\/p>\n","protected":false},"excerpt":{"rendered":"<p>La hija de Pampita ya tiene cuentas dedicadas en las redes sociales. A sus 6 d\u00edas de vida, la reci\u00e9n nacida ya es una mini influencer. Bautizada como \u00abmini Pampita\u00bb, la primera hija de\u00a0Carolina Ardohain\u00a0(43) y\u00a0Roberto Garc\u00eda Morit\u00e1n\u00a0(44), que naci\u00f3 el 22 de julio pasado a las 9.30AM, ya tiene cuentas de Instagram dedicadas a [&hellip;]<\/p>\n","protected":false},"author":1,"featured_media":90556,"comment_status":"closed","ping_status":"closed","sticky":false,"template":"","format":"standard","meta":{"_seopress_robots_primary_cat":"","_seopress_titles_title":"","_seopress_titles_desc":"","_seopress_robots_index":"","footnotes":""},"categories":[23136],"tags":[33093,33045,33035],"class_list":{"0":"post-90555","1":"post","2":"type-post","3":"status-publish","4":"format-standard","5":"has-post-thumbnail","7":"category-influencers","8":"tag-ana-garcia-moritan-ardohain","9":"tag-ana-la-hija-de-pampita","10":"tag-hija-de-pampita-y-roberto-garcia-moritan"},"_links":{"self":[{"href":"https:\/\/www.cordobatimes.com\/showup\/wp-json\/wp\/v2\/posts\/90555","targetHints":{"allow":["GET"]}}],"collection":[{"href":"https:\/\/www.cordobatimes.com\/showup\/wp-json\/wp\/v2\/posts"}],"about":[{"href":"https:\/\/www.cordobatimes.com\/showup\/wp-json\/wp\/v2\/types\/post"}],"author":[{"embeddable":true,"href":"https:\/\/www.cordobatimes.com\/showup\/wp-json\/wp\/v2\/users\/1"}],"replies":[{"embeddable":true,"href":"https:\/\/www.cordobatimes.com\/showup\/wp-json\/wp\/v2\/comments?post=90555"}],"version-history":[{"count":0,"href":"https:\/\/www.cordobatimes.com\/showup\/wp-json\/wp\/v2\/posts\/90555\/revisions"}],"wp:featuredmedia":[{"embeddable":true,"href":"https:\/\/www.cordobatimes.com\/showup\/wp-json\/wp\/v2\/media\/90556"}],"wp:attachment":[{"href":"https:\/\/www.cordobatimes.com\/showup\/wp-json\/wp\/v2\/media?parent=90555"}],"wp:term":[{"taxonomy":"category","embeddable":true,"href":"https:\/\/www.cordobatimes.com\/showup\/wp-json\/wp\/v2\/categories?post=90555"},{"taxonomy":"post_tag","embeddable":true,"href":"https:\/\/www.cordobatimes.com\/showup\/wp-json\/wp\/v2\/tags?post=90555"}],"curies":[{"name":"wp","href":"https:\/\/api.w.org\/{rel}","templated":true}]}}