{"id":90544,"date":"2021-07-28T10:30:24","date_gmt":"2021-07-28T13:30:24","guid":{"rendered":"https:\/\/www.cordobatimes.com\/showup\/?p=90544"},"modified":"2021-07-28T10:30:24","modified_gmt":"2021-07-28T13:30:24","slug":"maria-becerra-con-solo-21-anos-es-una-referente-del-trap-mundial","status":"publish","type":"post","link":"https:\/\/www.cordobatimes.com\/showup\/musica\/2021\/07\/28\/maria-becerra-con-solo-21-anos-es-una-referente-del-trap-mundial\/","title":{"rendered":"Mar\u00eda Becerra, con solo 21 a\u00f1os, es una referente del trap mundial"},"content":{"rendered":"<h3><strong>Desplaz\u00f3 a Paulo Londra en las listas de Spotify y es convocada por figuras como J Balvin.<\/strong><\/h3>\n<p>Mar\u00eda de los \u00c1ngeles Becerra\u00a0se hizo famosa por subir videos a su cuenta de\u00a0Facebook\u00a0primero, y a su canal de\u00a0YouTube, despu\u00e9s. Nada de castings, ni de intermediarios:\u00a0ella consigui\u00f3 a su audiencia sola. Lo que vino despu\u00e9s fue una consecuencia de su propia b\u00fasqueda personal. Atraves\u00f3 el Y2K en la panza de su madre para nacer el 12 de febrero del a\u00f1o 2000. En 2015 empez\u00f3 con los videos, y en 2019 lanz\u00f3 su EP\u00a0222, con el que debut\u00f3 como cantante. En 2020 hizo\u00a0\u201cHigh\u201d\u00a0con\u00a0Tini Stoessel\u00a0y con la espa\u00f1ola\u00a0Lola \u00cdndigo, tema que le abri\u00f3 las puertas al mercado europeo.<\/p>\n<p><iframe loading=\"lazy\" title=\"YouTube video player\" src=\"https:\/\/www.youtube.com\/embed\/h9RsoNZUIAE\" width=\"560\" height=\"315\" frameborder=\"0\" allowfullscreen=\"allowfullscreen\"><\/iframe><\/p>\n<p><iframe loading=\"lazy\" width=\"560\" height=\"315\" src=\"https:\/\/www.youtube.com\/embed\/dwFErlULaJ0\" title=\"YouTube video player\" frameborder=\"0\" allow=\"accelerometer; autoplay; clipboard-write; encrypted-media; gyroscope; picture-in-picture\" allowfullscreen><\/iframe><\/p>\n<p>Las fronteras ya no son un problema para Mar\u00eda Becerra ni para ninguno de los talentos que viene dando el g\u00e9nero urbano argentino. Las plataformas digitales son terreno f\u00e9rtil para quien sepa qu\u00e9 y c\u00f3mo sembrar, y la cantante fue noticia \u00faltimamente porque desplaz\u00f3 al cordob\u00e9s Paulo Londra como el argentino m\u00e1s escuchado del mundo, seg\u00fan Spotify.<\/p>\n<p>Tambi\u00e9n hubo una incipiente pol\u00e9mica porque Becerra estuvo cerca de Big Ligas, la productora colombiana con la que Londra tiene un conflicto contractual, pero ella se ocup\u00f3 de aclarar que al final no hizo nada con la compa\u00f1\u00eda. Con la estrella colombiana que s\u00ed colabor\u00f3 fue con J Balvin: \u201cQu\u00e9 m\u00e1s pues?\u201d hab\u00eda superado los 179 millones de escuchas al cierre de esta nota. No es que J Balvin necesite exclusivamente de Becerra, pero el m\u00fasico tambi\u00e9n es productor y sabe lo que vende. Y Mar\u00eda no vende; despacha.<\/p>\n<p><iframe loading=\"lazy\" width=\"560\" height=\"315\" src=\"https:\/\/www.youtube.com\/embed\/Uw0FZRTnPLc\" title=\"YouTube video player\" frameborder=\"0\" allow=\"accelerometer; autoplay; clipboard-write; encrypted-media; gyroscope; picture-in-picture\" allowfullscreen><\/iframe><\/p>\n<p><iframe loading=\"lazy\" width=\"560\" height=\"315\" src=\"https:\/\/www.youtube.com\/embed\/yiG4lf06J20\" title=\"YouTube video player\" frameborder=\"0\" allow=\"accelerometer; autoplay; clipboard-write; encrypted-media; gyroscope; picture-in-picture\" allowfullscreen><\/iframe><\/p>\n<p><iframe loading=\"lazy\" width=\"560\" height=\"315\" src=\"https:\/\/www.youtube.com\/embed\/rt-M6fcqLHE\" title=\"YouTube video player\" frameborder=\"0\" allow=\"accelerometer; autoplay; clipboard-write; encrypted-media; gyroscope; picture-in-picture\" allowfullscreen><\/iframe><\/p>\n<p><iframe loading=\"lazy\" width=\"560\" height=\"315\" src=\"https:\/\/www.youtube.com\/embed\/zisuhZqTeH4\" title=\"YouTube video player\" frameborder=\"0\" allow=\"accelerometer; autoplay; clipboard-write; encrypted-media; gyroscope; picture-in-picture\" allowfullscreen><\/iframe><\/p>\n<p>Hace pocos d\u00edas estuvo haciendo un mashup de \u201cEnd\u00falzame los o\u00eddos\u201d y \u201cAcaramelao\u201d con Patricia Sosa para la celebraci\u00f3n de los premios Gardel. Tambi\u00e9n apareci\u00f3 en una historia de Lionel Messi: mientras el astro del f\u00fatbol paseaba con Antonela Rocuzzo por Miami, de fondo sonaba \u201cC\u00e1zame\u201d, el mismo tema que hizo bailar a los hijitos de la China Su\u00e1rez en otra story.<\/p>\n<p><iframe loading=\"lazy\" width=\"560\" height=\"315\" src=\"https:\/\/www.youtube.com\/embed\/dZlrvgagiJg\" title=\"YouTube video player\" frameborder=\"0\" allow=\"accelerometer; autoplay; clipboard-write; encrypted-media; gyroscope; picture-in-picture\" allowfullscreen><\/iframe><\/p>\n<p>Con una carrera mete\u00f3rica y una mochila de autogesti\u00f3n a sus espaldas, Mar\u00eda Becerra es una supernova de 21 a\u00f1os, una explosi\u00f3n estelar a la vista de todos. Nada de intentar entender el fen\u00f3meno: se disfruta o se deja pasar.<\/p>\n","protected":false},"excerpt":{"rendered":"<p>Desplaz\u00f3 a Paulo Londra en las listas de Spotify y es convocada por figuras como J Balvin. Mar\u00eda de los \u00c1ngeles Becerra\u00a0se hizo famosa por subir videos a su cuenta de\u00a0Facebook\u00a0primero, y a su canal de\u00a0YouTube, despu\u00e9s. Nada de castings, ni de intermediarios:\u00a0ella consigui\u00f3 a su audiencia sola. Lo que vino despu\u00e9s fue una consecuencia [&hellip;]<\/p>\n","protected":false},"author":1,"featured_media":90545,"comment_status":"closed","ping_status":"closed","sticky":false,"template":"","format":"standard","meta":{"_seopress_robots_primary_cat":"","_seopress_titles_title":"","_seopress_titles_desc":"","_seopress_robots_index":"","footnotes":""},"categories":[5],"tags":[33086,33087],"class_list":{"0":"post-90544","1":"post","2":"type-post","3":"status-publish","4":"format-standard","5":"has-post-thumbnail","7":"category-musica","8":"tag-carrera-de-maria-becerra","9":"tag-maria-becerra-musica"},"_links":{"self":[{"href":"https:\/\/www.cordobatimes.com\/showup\/wp-json\/wp\/v2\/posts\/90544","targetHints":{"allow":["GET"]}}],"collection":[{"href":"https:\/\/www.cordobatimes.com\/showup\/wp-json\/wp\/v2\/posts"}],"about":[{"href":"https:\/\/www.cordobatimes.com\/showup\/wp-json\/wp\/v2\/types\/post"}],"author":[{"embeddable":true,"href":"https:\/\/www.cordobatimes.com\/showup\/wp-json\/wp\/v2\/users\/1"}],"replies":[{"embeddable":true,"href":"https:\/\/www.cordobatimes.com\/showup\/wp-json\/wp\/v2\/comments?post=90544"}],"version-history":[{"count":0,"href":"https:\/\/www.cordobatimes.com\/showup\/wp-json\/wp\/v2\/posts\/90544\/revisions"}],"wp:featuredmedia":[{"embeddable":true,"href":"https:\/\/www.cordobatimes.com\/showup\/wp-json\/wp\/v2\/media\/90545"}],"wp:attachment":[{"href":"https:\/\/www.cordobatimes.com\/showup\/wp-json\/wp\/v2\/media?parent=90544"}],"wp:term":[{"taxonomy":"category","embeddable":true,"href":"https:\/\/www.cordobatimes.com\/showup\/wp-json\/wp\/v2\/categories?post=90544"},{"taxonomy":"post_tag","embeddable":true,"href":"https:\/\/www.cordobatimes.com\/showup\/wp-json\/wp\/v2\/tags?post=90544"}],"curies":[{"name":"wp","href":"https:\/\/api.w.org\/{rel}","templated":true}]}}