{"id":90539,"date":"2021-07-28T01:06:48","date_gmt":"2021-07-28T04:06:48","guid":{"rendered":"https:\/\/www.cordobatimes.com\/showup\/?p=90539"},"modified":"2021-07-28T01:06:48","modified_gmt":"2021-07-28T04:06:48","slug":"el-nuevo-trailer-de-ghostbusters-el-legado-la-secuela-de-los-cazafantasmas-2","status":"publish","type":"post","link":"https:\/\/www.cordobatimes.com\/showup\/cine-y-series\/2021\/07\/28\/el-nuevo-trailer-de-ghostbusters-el-legado-la-secuela-de-los-cazafantasmas-2\/","title":{"rendered":"El nuevo tr\u00e1iler de \u00abGhostbusters: El legado\u00bb, la secuela de \u00abLos cazafantasmas 2\u00bb"},"content":{"rendered":"<h3><strong>La cinta, dirigida y coescrita por el reconocido cineasta Jason Reitman, funcionar\u00e1 como una secuela directa del filme de 1989 . Su estreno en Argentina est\u00e1 previsto para el pr\u00f3ximo 25 de noviembre.<\/strong><\/h3>\n<p>El primer tr\u00e1iler de\u00a0<strong>\u00abGhostbusters: El legado\u00bb<\/strong>,cinta dirigida y coescrita por el reconocido cineasta\u00a0<strong>Jason Reitman<\/strong>\u00a0que funcionar\u00e1 como una secuela directa del filme de 1989\u00a0<strong>\u00abLos cazafantasmas 2\u00bb<\/strong>, fue lanzado de cara a su estreno en Argentina el pr\u00f3ximo 25 de noviembre.<\/p>\n<p>Guionada tambi\u00e9n por Gil Kenan (\u00abPoltergeist, juegos diab\u00f3licos\u00bb) y\u00a0<strong>producida por el padre del realizador, el director Ivan Reitman\u00a0<\/strong>-autor de las dos primeras cintas de la franquicia-, esta entrega volver\u00e1 al universo primario de la saga, sin tener en cuenta el \u00abreboot\u00bb de 2016 que present\u00f3 a una formaci\u00f3n \u00edntegramente femenina conformado por las actrices\u00a0<strong>Kristen Wiig, Melissa McCarthy, Kate McKinnon y Leslie Jones.<\/strong><\/p>\n<p>En esta ocasi\u00f3n, la historia se centrar\u00e1 en una madre soltera y sus dos hijos, quienes se mudan al pueblito ficticio de Summerville, en Oklahoma, tras heredar algunas propiedades de un pariente que no conoc\u00edan.<\/p>\n<p>All\u00ed descubrir\u00e1n la conexi\u00f3n entre el lugar y el grupo de cazafantasmas originales, mientras se revela el legado secreto vinculado a esas actividades paranormales que dej\u00f3 atr\u00e1s el abuelo de los ni\u00f1os, luego de que los acontecimientos ocurridos en Nueva York en 1984 -vistos en la primera pel\u00edcula- fueran olvidados por gran parte de la sociedad.<\/p>\n<figure id=\"attachment_90540\" aria-describedby=\"caption-attachment-90540\" style=\"width: 746px\" class=\"wp-caption alignnone\"><a href=\"https:\/\/www.cordobatimes.com\/showup\/wp-content\/uploads\/2021\/07\/61008af235256_1004x565.jpg\"><img alt=\"\" loading=\"lazy\" decoding=\"async\" class=\"wp-image-90540 size-medium\" src=\"https:\/\/www.cordobatimes.com\/showup\/wp-content\/uploads\/2021\/07\/61008af235256_1004x565-746x420.jpg\" alt=\"\" width=\"746\" height=\"420\" srcset=\"https:\/\/www.cordobatimes.com\/showup\/wp-content\/uploads\/2021\/07\/61008af235256_1004x565-746x420.jpg 746w, https:\/\/www.cordobatimes.com\/showup\/wp-content\/uploads\/2021\/07\/61008af235256_1004x565-768x432.jpg 768w, https:\/\/www.cordobatimes.com\/showup\/wp-content\/uploads\/2021\/07\/61008af235256_1004x565-696x392.jpg 696w, https:\/\/www.cordobatimes.com\/showup\/wp-content\/uploads\/2021\/07\/61008af235256_1004x565.jpg 1004w\" sizes=\"auto, (max-width: 746px) 100vw, 746px\" \/><\/a><figcaption id=\"caption-attachment-90540\" class=\"wp-caption-text\">Esta vez la direcci\u00f3n es de Jason Reitman<\/figcaption><\/figure>\n<p>En esa trama reaparecer\u00e1 el entra\u00f1able equipo integrado por\u00a0<strong>Bill Murray<\/strong>\u00a0como el doctor Peter Venkman,\u00a0<strong>Dan Aykroyd<\/strong>\u00a0como el doctor Raymond Stantz y\u00a0<strong>Ernie Hudson<\/strong>\u00a0como Winston Zeddemore -sin la presencia de Harold Ramis tras su fallecimiento en 2014-, junto a\u00a0<strong>Sigourney Weaver<\/strong>\u00a0en el papel de Dana Barrett.<\/p>\n<p>Adem\u00e1s, el filme contar\u00e1 con un destacado elenco en el que participan\u00a0<strong>Carrie Coon (\u00abFargo\u00bb), Finn Wolfhard (\u00abStranger Things\u00bb), Mckenna Grace (\u00abCapitana Marvel\u00bb), Annie Potts (\u00abYoung Sheldon\u00bb), Paul Rudd (franquicia cinematogr\u00e1fica de Marvel),<\/strong>\u00a0entre otros.<\/p>\n<div class=\"addthis_custom_sharing\" data-url=\"https:\/\/www.telam.com.ar\/notas\/202107\/562875-lanzan-un-nuevo-trailer-de-ghostbusters-el-legado-la-proxima-secuela-de-los-cazafantasmas-2.html\" data-title=\"Lanzan un nuevo tr\u00e1iler de &quot;Ghostbusters: El legado&quot;, la secuela de &quot;Los cazafantasmas 2&quot;\" data-description=\"La cinta, dirigida y coescrita por el reconocido cineasta Jason Reitman, funcionar\u00e1 como una secuela directa del filme de 1989 . Su estreno en Argentina est\u00e1 previsto para el pr\u00f3ximo 25 de noviembre.\">\n<div id=\"atstbx\" class=\"at-resp-share-element at-style-responsive addthis-smartlayers addthis-animated at4-show\" role=\"region\" aria-labelledby=\"at-e3568a73-5185-46d4-9df9-cec227d1d863\"><\/div>\n<\/div>\n","protected":false},"excerpt":{"rendered":"<p>La cinta, dirigida y coescrita por el reconocido cineasta Jason Reitman, funcionar\u00e1 como una secuela directa del filme de 1989 . Su estreno en Argentina est\u00e1 previsto para el pr\u00f3ximo 25 de noviembre. El primer tr\u00e1iler de\u00a0\u00abGhostbusters: El legado\u00bb,cinta dirigida y coescrita por el reconocido cineasta\u00a0Jason Reitman\u00a0que funcionar\u00e1 como una secuela directa del filme de [&hellip;]<\/p>\n","protected":false},"author":1,"featured_media":90542,"comment_status":"closed","ping_status":"closed","sticky":false,"template":"","format":"video","meta":{"_seopress_robots_primary_cat":"","_seopress_titles_title":"","_seopress_titles_desc":"","_seopress_robots_index":"","footnotes":""},"categories":[3],"tags":[],"class_list":{"0":"post-90539","1":"post","2":"type-post","3":"status-publish","4":"format-video","5":"has-post-thumbnail","7":"category-cine-y-series","8":"post_format-post-format-video"},"_links":{"self":[{"href":"https:\/\/www.cordobatimes.com\/showup\/wp-json\/wp\/v2\/posts\/90539","targetHints":{"allow":["GET"]}}],"collection":[{"href":"https:\/\/www.cordobatimes.com\/showup\/wp-json\/wp\/v2\/posts"}],"about":[{"href":"https:\/\/www.cordobatimes.com\/showup\/wp-json\/wp\/v2\/types\/post"}],"author":[{"embeddable":true,"href":"https:\/\/www.cordobatimes.com\/showup\/wp-json\/wp\/v2\/users\/1"}],"replies":[{"embeddable":true,"href":"https:\/\/www.cordobatimes.com\/showup\/wp-json\/wp\/v2\/comments?post=90539"}],"version-history":[{"count":0,"href":"https:\/\/www.cordobatimes.com\/showup\/wp-json\/wp\/v2\/posts\/90539\/revisions"}],"wp:featuredmedia":[{"embeddable":true,"href":"https:\/\/www.cordobatimes.com\/showup\/wp-json\/wp\/v2\/media\/90542"}],"wp:attachment":[{"href":"https:\/\/www.cordobatimes.com\/showup\/wp-json\/wp\/v2\/media?parent=90539"}],"wp:term":[{"taxonomy":"category","embeddable":true,"href":"https:\/\/www.cordobatimes.com\/showup\/wp-json\/wp\/v2\/categories?post=90539"},{"taxonomy":"post_tag","embeddable":true,"href":"https:\/\/www.cordobatimes.com\/showup\/wp-json\/wp\/v2\/tags?post=90539"}],"curies":[{"name":"wp","href":"https:\/\/api.w.org\/{rel}","templated":true}]}}