{"id":90514,"date":"2021-07-26T18:11:26","date_gmt":"2021-07-26T21:11:26","guid":{"rendered":"https:\/\/www.cordobatimes.com\/showup\/?p=90514"},"modified":"2021-07-26T18:11:26","modified_gmt":"2021-07-26T21:11:26","slug":"el-video-de-pampita-durante-su-trabajo-de-parto-en-el-agua","status":"publish","type":"post","link":"https:\/\/www.cordobatimes.com\/showup\/famosos\/2021\/07\/26\/el-video-de-pampita-durante-su-trabajo-de-parto-en-el-agua\/","title":{"rendered":"El video de Pampita durante su trabajo de parto en el agua"},"content":{"rendered":"<h3><strong>El obstetra de la modelo comparti\u00f3 un video de ella durante la previa al nacimiento de Ana en una pileta de parto.<\/strong><\/h3>\n<p>La semana pasada naci\u00f3\u00a0Ana, la primera hija de Carolina Ardohain y Roberto Garc\u00eda Morit\u00e1n.\u00a0Desde la llegada de la peque\u00f1a al mundo, los flamantes pap\u00e1s no pararon de compartir fotos. Es que adem\u00e1s, durante la previa al parto, la familia estuvo acompa\u00f1ada de los productores del reality\u00a0Siendo Pampita,\u00a0que siguieron el paso a paso del nacimiento de la quinta hija de la modelo.<\/p>\n<p>En las \u00faltimas horas bajo el t\u00edtulo\u00a0\u201chidroterapia de trabajo de parto\u201d\u00a0el obstetra que atendi\u00f3 a la jurado de La Academia,\u00a0Ignacio Perez Tomasone, comparti\u00f3 un video de Ardohain en una pileta de parto, en la previa al nacimiento de Ana. All\u00ed luce el pelo atado y una malla negra. Las im\u00e1genes pertenecen a lo que ser\u00e1 el relity.<\/p>\n<div style=\"width: 480px;\" class=\"wp-video\"><video class=\"wp-video-shortcode\" id=\"video-90514-1\" width=\"480\" height=\"852\" preload=\"metadata\" controls=\"controls\"><source type=\"video\/mp4\" src=\"https:\/\/www.cordobatimes.com\/showup\/wp-content\/uploads\/2021\/07\/nachoptomasone_223155690_2942519679299688_6451318327465906157_n.mp4?_=1\" \/><a href=\"https:\/\/www.cordobatimes.com\/showup\/wp-content\/uploads\/2021\/07\/nachoptomasone_223155690_2942519679299688_6451318327465906157_n.mp4\">https:\/\/www.cordobatimes.com\/showup\/wp-content\/uploads\/2021\/07\/nachoptomasone_223155690_2942519679299688_6451318327465906157_n.mp4<\/a><\/video><\/div>\n<p>&nbsp;<\/p>\n<p>\u201cGracias al doctor Tomasone por la calidez y contenci\u00f3n, por escucharme atentamente siempre. Y gracias infinitas por darme mi parto respetado tal cual lo so\u00f1\u00e9. Inmersi\u00f3n en el agua para trabajo de parto. Parto vaginal despu\u00e9s de una ces\u00e1rea, con anestesia, en silencio y con apego materno inmediato. Hoy compruebo que estuve en las mejores manos\u201d, escribi\u00f3 ella describiendo el nacimiento y agradeci\u00e9ndole al m\u00e9dico.<\/p>\n","protected":false},"excerpt":{"rendered":"<p>El obstetra de la modelo comparti\u00f3 un video de ella durante la previa al nacimiento de Ana en una pileta de parto. La semana pasada naci\u00f3\u00a0Ana, la primera hija de Carolina Ardohain y Roberto Garc\u00eda Morit\u00e1n.\u00a0Desde la llegada de la peque\u00f1a al mundo, los flamantes pap\u00e1s no pararon de compartir fotos. Es que adem\u00e1s, durante [&hellip;]<\/p>\n","protected":false},"author":1,"featured_media":90515,"comment_status":"closed","ping_status":"closed","sticky":false,"template":"","format":"standard","meta":{"_seopress_robots_primary_cat":"","_seopress_titles_title":"","_seopress_titles_desc":"","_seopress_robots_index":"","footnotes":""},"categories":[4],"tags":[33035,33072,33071],"class_list":{"0":"post-90514","1":"post","2":"type-post","3":"status-publish","4":"format-standard","5":"has-post-thumbnail","7":"category-famosos","8":"tag-hija-de-pampita-y-roberto-garcia-moritan","9":"tag-parto-de-pampita","10":"tag-video-de-pampita-durante-su-trabajo-de-parto"},"_links":{"self":[{"href":"https:\/\/www.cordobatimes.com\/showup\/wp-json\/wp\/v2\/posts\/90514","targetHints":{"allow":["GET"]}}],"collection":[{"href":"https:\/\/www.cordobatimes.com\/showup\/wp-json\/wp\/v2\/posts"}],"about":[{"href":"https:\/\/www.cordobatimes.com\/showup\/wp-json\/wp\/v2\/types\/post"}],"author":[{"embeddable":true,"href":"https:\/\/www.cordobatimes.com\/showup\/wp-json\/wp\/v2\/users\/1"}],"replies":[{"embeddable":true,"href":"https:\/\/www.cordobatimes.com\/showup\/wp-json\/wp\/v2\/comments?post=90514"}],"version-history":[{"count":0,"href":"https:\/\/www.cordobatimes.com\/showup\/wp-json\/wp\/v2\/posts\/90514\/revisions"}],"wp:featuredmedia":[{"embeddable":true,"href":"https:\/\/www.cordobatimes.com\/showup\/wp-json\/wp\/v2\/media\/90515"}],"wp:attachment":[{"href":"https:\/\/www.cordobatimes.com\/showup\/wp-json\/wp\/v2\/media?parent=90514"}],"wp:term":[{"taxonomy":"category","embeddable":true,"href":"https:\/\/www.cordobatimes.com\/showup\/wp-json\/wp\/v2\/categories?post=90514"},{"taxonomy":"post_tag","embeddable":true,"href":"https:\/\/www.cordobatimes.com\/showup\/wp-json\/wp\/v2\/tags?post=90514"}],"curies":[{"name":"wp","href":"https:\/\/api.w.org\/{rel}","templated":true}]}}