{"id":90509,"date":"2021-07-26T17:41:47","date_gmt":"2021-07-26T20:41:47","guid":{"rendered":"https:\/\/www.cordobatimes.com\/showup\/?p=90509"},"modified":"2021-07-26T17:41:47","modified_gmt":"2021-07-26T20:41:47","slug":"la-casa-de-papel-difunden-el-teaser-y-fotos-ineditas-de-la-temporada-final","status":"publish","type":"post","link":"https:\/\/www.cordobatimes.com\/showup\/cine-y-series\/2021\/07\/26\/la-casa-de-papel-difunden-el-teaser-y-fotos-ineditas-de-la-temporada-final\/","title":{"rendered":"La Casa de Papel: Difunden el teaser y fotos in\u00e9ditas de la temporada final"},"content":{"rendered":"<h3><strong>Netflix adelant\u00f3 lo que se ver\u00e1 en los nuevos cap\u00edtulos de la exitosa serie sobre un grupo de atracadores.<\/strong><\/h3>\n<p>La Casa de Papel\u00a0llega a su final: la quinta temporada estar\u00e1 dividida en dos vol\u00famenes que se estrenar\u00e1n el 3 de septiembre y el 3 de diciembre, respectivamente. Para calmar la ansiedad de los fan\u00e1ticos, Netflix present\u00f3 algunas im\u00e1genes y un teaser de lo que se ver\u00e1 en los nuevos cap\u00edtulos de la serie creada por\u00a0\u00c1lex Pina.<\/p>\n<p>En el video aparece\u00a0El Profesor\u00a0atado en una silla con una cadena que es sostenida por la inspectora\u00a0Alicia Sierra Montes. Estas im\u00e1genes dejan abiertas algunas interrogantes: \u00bfser\u00e1 este el final del personaje?, \u00bfqu\u00e9 pasar\u00e1 con el resto del grupo de atracadores? y \u00bftendr\u00e1 un plan alternativo para poder ganarle a la inspectora? El pr\u00f3ximo 2 de agosto se lanzar\u00e1 el tr\u00e1iler final de esta popular ficci\u00f3n espa\u00f1ola.<\/p>\n<blockquote class=\"twitter-tweet\">\n<p dir=\"ltr\" lang=\"es\">\ud83d\udc40 El 2 de agosto sale el trailer de La casa de papel Parte 5. \ud83d\udc40 <a href=\"https:\/\/t.co\/JRvAEDIOA1\">pic.twitter.com\/JRvAEDIOA1<\/a><\/p>\n<p>\u2014 Netflix Latinoam\u00e9rica (@NetflixLAT) <a href=\"https:\/\/twitter.com\/NetflixLAT\/status\/1419747597137416200?ref_src=twsrc%5Etfw\">July 26, 2021<\/a><\/p><\/blockquote>\n<p><script async src=\"https:\/\/platform.twitter.com\/widgets.js\" charset=\"utf-8\"><\/script><\/p>\n<p><img alt=\"\" loading=\"lazy\" decoding=\"async\" class=\"alignnone size-medium wp-image-90511\" src=\"https:\/\/www.cordobatimes.com\/showup\/wp-content\/uploads\/2021\/07\/casa-de-papel-5-750x415.jpg\" alt=\"\" width=\"750\" height=\"415\" srcset=\"https:\/\/www.cordobatimes.com\/showup\/wp-content\/uploads\/2021\/07\/casa-de-papel-5-750x415.jpg 750w, https:\/\/www.cordobatimes.com\/showup\/wp-content\/uploads\/2021\/07\/casa-de-papel-5-696x385.jpg 696w, https:\/\/www.cordobatimes.com\/showup\/wp-content\/uploads\/2021\/07\/casa-de-papel-5.jpg 755w\" sizes=\"auto, (max-width: 750px) 100vw, 750px\" \/><\/p>\n<p>Cabe recordar que a principios de junio\u00a0se present\u00f3 un adelanto de la quinta temporada\u00a0en el que se ve\u00eda el caos dentro y fuera del Banco de Espa\u00f1a:\u00a0con el\u00a0Profesor\u00a0fuera de juego despu\u00e9s de que\u00a0Sierra\u00a0haya encontrado su escondite y\u00a0Lisboa\u00a0a salvo dentro del Banco, comienza la guerra. De esta manera, mostraba c\u00f3mo la\u00a0Banda\u00a0tendr\u00e1 que sacar su lado m\u00e1s duro para sobrevivir. Angustia, las armas y la desesperaci\u00f3n por no contar con un plan son los condimentos de esta entrega final.<\/p>\n<p><iframe loading=\"lazy\" width=\"560\" height=\"315\" src=\"https:\/\/www.youtube.com\/embed\/zZc-ge8lAWg\" title=\"YouTube video player\" frameborder=\"0\" allow=\"accelerometer; autoplay; clipboard-write; encrypted-media; gyroscope; picture-in-picture\" allowfullscreen><\/iframe><\/p>\n<p>El plan del Profesor, basado en una idea original de Berl\u00edn, no marcha bien. El grupo de atracadores, integrado por Tokio, Palermo, Helsinki, Denver y compa\u00f1\u00eda, lleva m\u00e1s de 100 horas encerrada en el Banco de Espa\u00f1a. Lisboa pudo ser rescatada, pero lo de Nairobi ha sido un disparo a su pulm\u00f3n, y otro a nuestro coraz\u00f3n&#8230; Adem\u00e1s, El Profesor ha sido capturado por Sierra. Y encima, las autoridades han desplegado al Ej\u00e9rcito. Lo que comenz\u00f3 siendo un atraco se ha convertido en una guerra.<\/p>\n<p>\u00c1lex Pina, creador y productor ejecutivo de la serie, se\u00f1al\u00f3: \u201cHemos dedicado casi un a\u00f1o a pensar c\u00f3mo destrozar a la banda. C\u00f3mo poner contra las cuerdas al Profesor. C\u00f3mo llegar a situaciones irreversibles para muchos personajes. El resultado es la quinta temporada de La Casa de Papel. La guerra alcanza sus cotas m\u00e1s extremas y salvajes, pero es tambi\u00e9n la temporada m\u00e1s \u00e9pica y emocionante\u201d.<\/p>\n<p><img alt=\"\" loading=\"lazy\" decoding=\"async\" src=\"https:\/\/www.cordobatimes.com\/showup\/wp-content\/uploads\/2021\/07\/casa-de-papel-5-parte-1-748x420.jpg\" alt=\"\" width=\"748\" height=\"420\" class=\"alignnone size-medium wp-image-90512\" srcset=\"https:\/\/www.cordobatimes.com\/showup\/wp-content\/uploads\/2021\/07\/casa-de-papel-5-parte-1-748x420.jpg 748w, https:\/\/www.cordobatimes.com\/showup\/wp-content\/uploads\/2021\/07\/casa-de-papel-5-parte-1-696x391.jpg 696w, https:\/\/www.cordobatimes.com\/showup\/wp-content\/uploads\/2021\/07\/casa-de-papel-5-parte-1.jpg 757w\" sizes=\"auto, (max-width: 748px) 100vw, 748px\" \/><\/p>\n","protected":false},"excerpt":{"rendered":"<p>Netflix adelant\u00f3 lo que se ver\u00e1 en los nuevos cap\u00edtulos de la exitosa serie sobre un grupo de atracadores. La Casa de Papel\u00a0llega a su final: la quinta temporada estar\u00e1 dividida en dos vol\u00famenes que se estrenar\u00e1n el 3 de septiembre y el 3 de diciembre, respectivamente. Para calmar la ansiedad de los fan\u00e1ticos, Netflix [&hellip;]<\/p>\n","protected":false},"author":1,"featured_media":90510,"comment_status":"closed","ping_status":"closed","sticky":false,"template":"","format":"standard","meta":{"_seopress_robots_primary_cat":"","_seopress_titles_title":"","_seopress_titles_desc":"","_seopress_robots_index":"","footnotes":""},"categories":[3],"tags":[33069,33068,33070],"class_list":{"0":"post-90509","1":"post","2":"type-post","3":"status-publish","4":"format-standard","5":"has-post-thumbnail","7":"category-cine-y-series","8":"tag-fotos-ineditas-de-la-casa-de-papel-5","9":"tag-la-casa-de-papel-ultima-temporada","10":"tag-teaser-y-fotos-ineditas-la-casa-de-papel"},"_links":{"self":[{"href":"https:\/\/www.cordobatimes.com\/showup\/wp-json\/wp\/v2\/posts\/90509","targetHints":{"allow":["GET"]}}],"collection":[{"href":"https:\/\/www.cordobatimes.com\/showup\/wp-json\/wp\/v2\/posts"}],"about":[{"href":"https:\/\/www.cordobatimes.com\/showup\/wp-json\/wp\/v2\/types\/post"}],"author":[{"embeddable":true,"href":"https:\/\/www.cordobatimes.com\/showup\/wp-json\/wp\/v2\/users\/1"}],"replies":[{"embeddable":true,"href":"https:\/\/www.cordobatimes.com\/showup\/wp-json\/wp\/v2\/comments?post=90509"}],"version-history":[{"count":0,"href":"https:\/\/www.cordobatimes.com\/showup\/wp-json\/wp\/v2\/posts\/90509\/revisions"}],"wp:featuredmedia":[{"embeddable":true,"href":"https:\/\/www.cordobatimes.com\/showup\/wp-json\/wp\/v2\/media\/90510"}],"wp:attachment":[{"href":"https:\/\/www.cordobatimes.com\/showup\/wp-json\/wp\/v2\/media?parent=90509"}],"wp:term":[{"taxonomy":"category","embeddable":true,"href":"https:\/\/www.cordobatimes.com\/showup\/wp-json\/wp\/v2\/categories?post=90509"},{"taxonomy":"post_tag","embeddable":true,"href":"https:\/\/www.cordobatimes.com\/showup\/wp-json\/wp\/v2\/tags?post=90509"}],"curies":[{"name":"wp","href":"https:\/\/api.w.org\/{rel}","templated":true}]}}