{"id":90478,"date":"2021-07-24T10:33:11","date_gmt":"2021-07-24T13:33:11","guid":{"rendered":"https:\/\/www.cordobatimes.com\/showup\/?p=90478"},"modified":"2021-07-24T10:33:11","modified_gmt":"2021-07-24T13:33:11","slug":"los-abrigos-aliados-de-este-invierno-2021","status":"publish","type":"post","link":"https:\/\/www.cordobatimes.com\/showup\/moda-y-estilos\/2021\/07\/24\/los-abrigos-aliados-de-este-invierno-2021\/","title":{"rendered":"Los abrigos aliados de este invierno 2021"},"content":{"rendered":"<h3><strong>Una vuelta a los cl\u00e1sicos que apuestan a los distintos estilos, cortes y g\u00e9neros de estaci\u00f3n.<\/strong><\/h3>\n<p><img alt=\"\" loading=\"lazy\" decoding=\"async\" class=\"alignnone wp-image-90480 size-full\" src=\"https:\/\/www.cordobatimes.com\/showup\/wp-content\/uploads\/2021\/07\/abrigps-de-invierno.jpg\" alt=\"\" width=\"912\" height=\"611\" srcset=\"https:\/\/www.cordobatimes.com\/showup\/wp-content\/uploads\/2021\/07\/abrigps-de-invierno.jpg 912w, https:\/\/www.cordobatimes.com\/showup\/wp-content\/uploads\/2021\/07\/abrigps-de-invierno-627x420.jpg 627w, https:\/\/www.cordobatimes.com\/showup\/wp-content\/uploads\/2021\/07\/abrigps-de-invierno-768x515.jpg 768w, https:\/\/www.cordobatimes.com\/showup\/wp-content\/uploads\/2021\/07\/abrigps-de-invierno-696x466.jpg 696w\" sizes=\"auto, (max-width: 912px) 100vw, 912px\" \/> <img alt=\"\" loading=\"lazy\" decoding=\"async\" class=\"alignnone wp-image-90481 size-full\" src=\"https:\/\/www.cordobatimes.com\/showup\/wp-content\/uploads\/2021\/07\/TWGOP3CRPRBBLI4YLRWN2Q7RL4.jpg\" alt=\"\" width=\"879\" height=\"1319\" srcset=\"https:\/\/www.cordobatimes.com\/showup\/wp-content\/uploads\/2021\/07\/TWGOP3CRPRBBLI4YLRWN2Q7RL4.jpg 879w, https:\/\/www.cordobatimes.com\/showup\/wp-content\/uploads\/2021\/07\/TWGOP3CRPRBBLI4YLRWN2Q7RL4-280x420.jpg 280w, https:\/\/www.cordobatimes.com\/showup\/wp-content\/uploads\/2021\/07\/TWGOP3CRPRBBLI4YLRWN2Q7RL4-682x1024.jpg 682w, https:\/\/www.cordobatimes.com\/showup\/wp-content\/uploads\/2021\/07\/TWGOP3CRPRBBLI4YLRWN2Q7RL4-768x1152.jpg 768w, https:\/\/www.cordobatimes.com\/showup\/wp-content\/uploads\/2021\/07\/TWGOP3CRPRBBLI4YLRWN2Q7RL4-696x1044.jpg 696w\" sizes=\"auto, (max-width: 879px) 100vw, 879px\" \/> <img alt=\"\" loading=\"lazy\" decoding=\"async\" class=\"alignnone wp-image-90482 size-full\" src=\"https:\/\/www.cordobatimes.com\/showup\/wp-content\/uploads\/2021\/07\/UK7O7R6LLJH4VCTUOB25UIUPIQ.jpg\" alt=\"\" width=\"879\" height=\"586\" srcset=\"https:\/\/www.cordobatimes.com\/showup\/wp-content\/uploads\/2021\/07\/UK7O7R6LLJH4VCTUOB25UIUPIQ.jpg 879w, https:\/\/www.cordobatimes.com\/showup\/wp-content\/uploads\/2021\/07\/UK7O7R6LLJH4VCTUOB25UIUPIQ-630x420.jpg 630w, https:\/\/www.cordobatimes.com\/showup\/wp-content\/uploads\/2021\/07\/UK7O7R6LLJH4VCTUOB25UIUPIQ-768x512.jpg 768w, https:\/\/www.cordobatimes.com\/showup\/wp-content\/uploads\/2021\/07\/UK7O7R6LLJH4VCTUOB25UIUPIQ-696x464.jpg 696w\" sizes=\"auto, (max-width: 879px) 100vw, 879px\" \/> <img alt=\"\" loading=\"lazy\" decoding=\"async\" class=\"alignnone wp-image-90483 size-full\" src=\"https:\/\/www.cordobatimes.com\/showup\/wp-content\/uploads\/2021\/07\/UYL4UCRHBJBVRL6WJZ2O3C4LMM.jpg\" alt=\"\" width=\"879\" height=\"1563\" srcset=\"https:\/\/www.cordobatimes.com\/showup\/wp-content\/uploads\/2021\/07\/UYL4UCRHBJBVRL6WJZ2O3C4LMM.jpg 879w, https:\/\/www.cordobatimes.com\/showup\/wp-content\/uploads\/2021\/07\/UYL4UCRHBJBVRL6WJZ2O3C4LMM-236x420.jpg 236w, https:\/\/www.cordobatimes.com\/showup\/wp-content\/uploads\/2021\/07\/UYL4UCRHBJBVRL6WJZ2O3C4LMM-576x1024.jpg 576w, https:\/\/www.cordobatimes.com\/showup\/wp-content\/uploads\/2021\/07\/UYL4UCRHBJBVRL6WJZ2O3C4LMM-768x1366.jpg 768w, https:\/\/www.cordobatimes.com\/showup\/wp-content\/uploads\/2021\/07\/UYL4UCRHBJBVRL6WJZ2O3C4LMM-864x1536.jpg 864w, https:\/\/www.cordobatimes.com\/showup\/wp-content\/uploads\/2021\/07\/UYL4UCRHBJBVRL6WJZ2O3C4LMM-696x1238.jpg 696w\" sizes=\"auto, (max-width: 879px) 100vw, 879px\" \/><\/p>\n","protected":false},"excerpt":{"rendered":"<p>Una vuelta a los cl\u00e1sicos que apuestan a los distintos estilos, cortes y g\u00e9neros de estaci\u00f3n.<\/p>\n","protected":false},"author":1,"featured_media":90479,"comment_status":"closed","ping_status":"closed","sticky":false,"template":"","format":"standard","meta":{"_seopress_robots_primary_cat":"","_seopress_titles_title":"","_seopress_titles_desc":"","_seopress_robots_index":"","footnotes":""},"categories":[228],"tags":[33056,32207,32758],"class_list":{"0":"post-90478","1":"post","2":"type-post","3":"status-publish","4":"format-standard","5":"has-post-thumbnail","7":"category-moda-y-estilos","8":"tag-abrigos-de-invierno","9":"tag-tendencias-de-moda-2021","10":"tag-tendencias-de-moda-invierno-2021"},"_links":{"self":[{"href":"https:\/\/www.cordobatimes.com\/showup\/wp-json\/wp\/v2\/posts\/90478","targetHints":{"allow":["GET"]}}],"collection":[{"href":"https:\/\/www.cordobatimes.com\/showup\/wp-json\/wp\/v2\/posts"}],"about":[{"href":"https:\/\/www.cordobatimes.com\/showup\/wp-json\/wp\/v2\/types\/post"}],"author":[{"embeddable":true,"href":"https:\/\/www.cordobatimes.com\/showup\/wp-json\/wp\/v2\/users\/1"}],"replies":[{"embeddable":true,"href":"https:\/\/www.cordobatimes.com\/showup\/wp-json\/wp\/v2\/comments?post=90478"}],"version-history":[{"count":0,"href":"https:\/\/www.cordobatimes.com\/showup\/wp-json\/wp\/v2\/posts\/90478\/revisions"}],"wp:featuredmedia":[{"embeddable":true,"href":"https:\/\/www.cordobatimes.com\/showup\/wp-json\/wp\/v2\/media\/90479"}],"wp:attachment":[{"href":"https:\/\/www.cordobatimes.com\/showup\/wp-json\/wp\/v2\/media?parent=90478"}],"wp:term":[{"taxonomy":"category","embeddable":true,"href":"https:\/\/www.cordobatimes.com\/showup\/wp-json\/wp\/v2\/categories?post=90478"},{"taxonomy":"post_tag","embeddable":true,"href":"https:\/\/www.cordobatimes.com\/showup\/wp-json\/wp\/v2\/tags?post=90478"}],"curies":[{"name":"wp","href":"https:\/\/api.w.org\/{rel}","templated":true}]}}