{"id":90470,"date":"2021-07-23T21:06:35","date_gmt":"2021-07-24T00:06:35","guid":{"rendered":"https:\/\/www.cordobatimes.com\/showup\/?p=90470"},"modified":"2021-07-23T21:06:35","modified_gmt":"2021-07-24T00:06:35","slug":"la-primera-foto-de-la-cara-de-ana-la-hija-de-pampita-y-roberto-garcia-moritan","status":"publish","type":"post","link":"https:\/\/www.cordobatimes.com\/showup\/famosos\/2021\/07\/23\/la-primera-foto-de-la-cara-de-ana-la-hija-de-pampita-y-roberto-garcia-moritan\/","title":{"rendered":"La primera foto de la cara de Ana, la hija de Pampita y Roberto Garc\u00eda Morit\u00e1n"},"content":{"rendered":"<h3><strong>En Cort\u00e1 por Lozano adelantaron escenas del reality Siendo Pampita, que termina con el nacimiento de la beba.<\/strong><\/h3>\n<p>Para los seguidores y admiradores de\u00a0Carolina\u00a0Pampita\u00a0Ardohain, termin\u00f3 la espera: este viernes se pudo ver por primera vez la cara de\u00a0Ana, su hija reci\u00e9n nacida. La peque\u00f1a, fruto del amor entre la jurado de\u00a0La Academia de ShowMatch\u00a0(El Trece) y\u00a0Roberto Garc\u00eda Morit\u00e1n,\u00a0lleg\u00f3 al mundo este jueves a las 9:30 de la ma\u00f1ana en el Sanatorio Otamendi por parto natural.<\/p>\n<p>Las im\u00e1genes se vieron este viernes en la emisi\u00f3n de\u00a0Cort\u00e1 por Lozano\u00a0(Telefe),\u00a0Ver\u00f3nica Lozano\u00a0anunci\u00f3 un adelanto del reality\u00a0Siendo Pampita, que emitir\u00e1 la plataforma de\u00a0streaming\u00a0Paramount +. \u201cLes vamos a presentar en exclusivo la cara de Ana, tenemos im\u00e1genes exclusiv\u00edsimas que son parte del reality de ella\u201d, dijo la conductora del magazine.<\/p>\n<p>\u201c\u00a1Miren lo que es Anita! \u00a1Es muy hermosa!\u201d, describi\u00f3 Lozano mientras en pantalla aparec\u00edan las primeras im\u00e1genes de la peque\u00f1a Ana en la cl\u00ednica, vistiendo un gorrito y ropa blanca, t\u00edpica de reci\u00e9n nacida, y siendo arropada por el amor de sus padres Carolina y Roberto.<\/p>\n<p><img alt=\"\" loading=\"lazy\" decoding=\"async\" class=\"alignnone wp-image-90472 size-full\" src=\"https:\/\/www.cordobatimes.com\/showup\/wp-content\/uploads\/2021\/07\/primera-foto-de-Ana-la-hija-de-pampita.jpg\" alt=\"\" width=\"313\" height=\"435\" srcset=\"https:\/\/www.cordobatimes.com\/showup\/wp-content\/uploads\/2021\/07\/primera-foto-de-Ana-la-hija-de-pampita.jpg 313w, https:\/\/www.cordobatimes.com\/showup\/wp-content\/uploads\/2021\/07\/primera-foto-de-Ana-la-hija-de-pampita-302x420.jpg 302w\" sizes=\"auto, (max-width: 313px) 100vw, 313px\" \/><\/p>\n<p>&nbsp;<\/p>\n","protected":false},"excerpt":{"rendered":"<p>En Cort\u00e1 por Lozano adelantaron escenas del reality Siendo Pampita, que termina con el nacimiento de la beba. Para los seguidores y admiradores de\u00a0Carolina\u00a0Pampita\u00a0Ardohain, termin\u00f3 la espera: este viernes se pudo ver por primera vez la cara de\u00a0Ana, su hija reci\u00e9n nacida. La peque\u00f1a, fruto del amor entre la jurado de\u00a0La Academia de ShowMatch\u00a0(El Trece) [&hellip;]<\/p>\n","protected":false},"author":1,"featured_media":90471,"comment_status":"closed","ping_status":"closed","sticky":false,"template":"","format":"standard","meta":{"_seopress_robots_primary_cat":"","_seopress_titles_title":"","_seopress_titles_desc":"","_seopress_robots_index":"","footnotes":""},"categories":[4],"tags":[33035,25900,33053],"class_list":{"0":"post-90470","1":"post","2":"type-post","3":"status-publish","4":"format-standard","5":"has-post-thumbnail","7":"category-famosos","8":"tag-hija-de-pampita-y-roberto-garcia-moritan","9":"tag-pampita-y-roberto-garcia-moritan","10":"tag-primera-foto-de-la-cara-de-ana-la-hija-de-pampita"},"_links":{"self":[{"href":"https:\/\/www.cordobatimes.com\/showup\/wp-json\/wp\/v2\/posts\/90470","targetHints":{"allow":["GET"]}}],"collection":[{"href":"https:\/\/www.cordobatimes.com\/showup\/wp-json\/wp\/v2\/posts"}],"about":[{"href":"https:\/\/www.cordobatimes.com\/showup\/wp-json\/wp\/v2\/types\/post"}],"author":[{"embeddable":true,"href":"https:\/\/www.cordobatimes.com\/showup\/wp-json\/wp\/v2\/users\/1"}],"replies":[{"embeddable":true,"href":"https:\/\/www.cordobatimes.com\/showup\/wp-json\/wp\/v2\/comments?post=90470"}],"version-history":[{"count":0,"href":"https:\/\/www.cordobatimes.com\/showup\/wp-json\/wp\/v2\/posts\/90470\/revisions"}],"wp:featuredmedia":[{"embeddable":true,"href":"https:\/\/www.cordobatimes.com\/showup\/wp-json\/wp\/v2\/media\/90471"}],"wp:attachment":[{"href":"https:\/\/www.cordobatimes.com\/showup\/wp-json\/wp\/v2\/media?parent=90470"}],"wp:term":[{"taxonomy":"category","embeddable":true,"href":"https:\/\/www.cordobatimes.com\/showup\/wp-json\/wp\/v2\/categories?post=90470"},{"taxonomy":"post_tag","embeddable":true,"href":"https:\/\/www.cordobatimes.com\/showup\/wp-json\/wp\/v2\/tags?post=90470"}],"curies":[{"name":"wp","href":"https:\/\/api.w.org\/{rel}","templated":true}]}}