{"id":90457,"date":"2021-07-23T11:00:07","date_gmt":"2021-07-23T14:00:07","guid":{"rendered":"https:\/\/www.cordobatimes.com\/showup\/?p=90457"},"modified":"2021-07-23T11:00:07","modified_gmt":"2021-07-23T14:00:07","slug":"una-cancion-de-diego-torres-fue-elegida-para-la-cobertura-de-los-juegos-olimpicos-de-tokio","status":"publish","type":"post","link":"https:\/\/www.cordobatimes.com\/showup\/musica\/2021\/07\/23\/una-cancion-de-diego-torres-fue-elegida-para-la-cobertura-de-los-juegos-olimpicos-de-tokio\/","title":{"rendered":"Una canci\u00f3n de Diego Torres fue elegida para la cobertura de los Juegos Ol\u00edmpicos de Tokio"},"content":{"rendered":"<h3><strong>\u201cHoy\u201d, grabada junto a la brasile\u00f1a Ivete Sangalo, est\u00e1 registrada en \u201cAtl\u00e1ntico a Pie\u201d, el \u00faltimo disco del cantante.<\/strong><\/h3>\n<p>La cadena Telemundo eligi\u00f3 \u201cHoy\u201d, canci\u00f3n del cantante y compositor argentino\u00a0Diego Torres, para utilizarla como canci\u00f3n oficial en la cobertura que realizar\u00e1n de los Juegos Ol\u00edmpicos de Tokio 2021.<\/p>\n<p><iframe loading=\"lazy\" width=\"560\" height=\"315\" src=\"https:\/\/www.youtube.com\/embed\/CJbmWlrn3lI\" title=\"YouTube video player\" frameborder=\"0\" allow=\"accelerometer; autoplay; clipboard-write; encrypted-media; gyroscope; picture-in-picture\" allowfullscreen><\/iframe><\/p>\n<p>La inspiraci\u00f3n que me dio para escribir esta canci\u00f3n fue la vida de Jean Maggi, un colega argentino de la provincia de C\u00f3rdoba, que ha tenido una vida muy dif\u00edcil. Y a trav\u00e9s de su enfermedad, la polio, ha quedado sin la actividad de sus piernas. Pese a su discapacidad, se ha hecho un guerrero y ha salido adelante: ha escalado el Himalaya, se ha hecho una bicicleta adaptada, hoy tiene una f\u00e1brica de bicicletas adaptadas para ayudar a la gente con discapacidad\u201d, cont\u00f3 el propio Torres en una entrevista con Telemundo.<\/p>\n<p>\u201cLo conoc\u00ed y me dej\u00f3 en evidencia que uno no debe quejarse nunca en la vida, que la actitud tiene que ser siempre ir adelante, ante la adversidad, enfrentando los problemas que tenemos\u201d, agreg\u00f3 el cantante sobre la historia detr\u00e1s de esta canci\u00f3n que compuso junto a Yadam Gonz\u00e1lez C\u00e1rdenas y Gerardo Cea y que adem\u00e1s cuenta con la colaboraci\u00f3n en la voz de la cantante brasilera Ivete Sangalo.<\/p>\n<p>La selecci\u00f3n de esta canci\u00f3n por parte de Telemundo Deportes naci\u00f3 de una colaboraci\u00f3n con Sony Music Entertainment y el propio int\u00e9rprete, cuyo objetivo es conectar a los espectadores con las emociones que generan las Olimpiadas y la inspiraci\u00f3n de decenas de atletas que buscan alcanzar sus sue\u00f1os.<\/p>\n<p>\u201cComo amante del deporte para m\u00ed es un honor que esta canci\u00f3n est\u00e9 asociada a un evento tan importante\u201d, expres\u00f3 el artista cinco veces nominado al Latin Grammy. \u201cPrecisamente \u2018Hoy\u2019 habla de no rendirse y que nada es imposible, as\u00ed que me parece muy oportuno el momento\u201d, agreg\u00f3 sobre esta canci\u00f3n que forma parte de Atl\u00e1ntico a pie, el \u00faltimo disco de Torres, publicado en mayo de este a\u00f1o.<\/p>\n<p>\u201cQueremos que nuestra cobertura conmueva e inspire a la audiencia\u201d, dijo Eli Vel\u00e1zquez, vicepresidente ejecutivo de contenido de Telemundo Deportes. \u201cNos sentimos muy contentos de integrar a Diego Torres y Hoy a nuestra cobertura, pues creemos que la canci\u00f3n env\u00eda un mensaje esperanzador que se alinea perfectamente con las incre\u00edbles actuaciones que veremos por parte de los atletas y las historias que contaremos durante los juegos\u201d, subray\u00f3.<\/p>\n<p>\u201cTodos tuvimos que acomodarnos en estos tiempos y cambiar nuestras rutinas de vida y de trabajo. Para los que viajamos mucho trabajando ha sido un cambio dr\u00e1stico en nuestras vidas. Eso fue lo que me hizo reinventarme, de alguna manera, y meterme en el estudio a terminar este disco nuevo que era una cuenta pendiente\u201d, le confi\u00f3 Torres a Teleshow acerca de la cocina de su \u00faltimo disco. \u201cLas primeras canciones las empec\u00e9 a trabajar antes de toda esta locura: \u2018Un poquito\u2019, con Carlos Vives, \u2018Amanece\u2019, con varios colegas. Ten\u00eda que sacar este disco y me tiene muy ilusionado porque refleja este mundo que uno viene viviendo. Un mundo personal, tambi\u00e9n, en el que se filtra lo que nos toca vivir con un horizonte amplio de canciones. Me identifica esta b\u00fasqueda incansable, inagotable en mi vida, de querer fusionar y que las canciones sean un puente con otros colegas de toda la regi\u00f3n de Latinoam\u00e9rica, de Espa\u00f1a tambi\u00e9n\u201d, agreg\u00f3.<\/p>\n","protected":false},"excerpt":{"rendered":"<p>\u201cHoy\u201d, grabada junto a la brasile\u00f1a Ivete Sangalo, est\u00e1 registrada en \u201cAtl\u00e1ntico a Pie\u201d, el \u00faltimo disco del cantante. La cadena Telemundo eligi\u00f3 \u201cHoy\u201d, canci\u00f3n del cantante y compositor argentino\u00a0Diego Torres, para utilizarla como canci\u00f3n oficial en la cobertura que realizar\u00e1n de los Juegos Ol\u00edmpicos de Tokio 2021. La inspiraci\u00f3n que me dio para escribir [&hellip;]<\/p>\n","protected":false},"author":1,"featured_media":90458,"comment_status":"closed","ping_status":"closed","sticky":false,"template":"","format":"standard","meta":{"_seopress_robots_primary_cat":"","_seopress_titles_title":"","_seopress_titles_desc":"","_seopress_robots_index":"","footnotes":""},"categories":[5],"tags":[33048,33049,33047],"class_list":{"0":"post-90457","1":"post","2":"type-post","3":"status-publish","4":"format-standard","5":"has-post-thumbnail","7":"category-musica","8":"tag-diego-torres-juegos-olimpicos","9":"tag-diego-torres-juegos-olimpicos-de-tokio","10":"tag-hoy-cancion-de-diego-torres"},"_links":{"self":[{"href":"https:\/\/www.cordobatimes.com\/showup\/wp-json\/wp\/v2\/posts\/90457","targetHints":{"allow":["GET"]}}],"collection":[{"href":"https:\/\/www.cordobatimes.com\/showup\/wp-json\/wp\/v2\/posts"}],"about":[{"href":"https:\/\/www.cordobatimes.com\/showup\/wp-json\/wp\/v2\/types\/post"}],"author":[{"embeddable":true,"href":"https:\/\/www.cordobatimes.com\/showup\/wp-json\/wp\/v2\/users\/1"}],"replies":[{"embeddable":true,"href":"https:\/\/www.cordobatimes.com\/showup\/wp-json\/wp\/v2\/comments?post=90457"}],"version-history":[{"count":0,"href":"https:\/\/www.cordobatimes.com\/showup\/wp-json\/wp\/v2\/posts\/90457\/revisions"}],"wp:featuredmedia":[{"embeddable":true,"href":"https:\/\/www.cordobatimes.com\/showup\/wp-json\/wp\/v2\/media\/90458"}],"wp:attachment":[{"href":"https:\/\/www.cordobatimes.com\/showup\/wp-json\/wp\/v2\/media?parent=90457"}],"wp:term":[{"taxonomy":"category","embeddable":true,"href":"https:\/\/www.cordobatimes.com\/showup\/wp-json\/wp\/v2\/categories?post=90457"},{"taxonomy":"post_tag","embeddable":true,"href":"https:\/\/www.cordobatimes.com\/showup\/wp-json\/wp\/v2\/tags?post=90457"}],"curies":[{"name":"wp","href":"https:\/\/api.w.org\/{rel}","templated":true}]}}