{"id":90452,"date":"2021-07-23T10:27:36","date_gmt":"2021-07-23T13:27:36","guid":{"rendered":"https:\/\/www.cordobatimes.com\/showup\/?p=90452"},"modified":"2021-09-02T12:20:05","modified_gmt":"2021-09-02T15:20:05","slug":"hablo-pampita-tras-el-nacimiento-de-su-hija-ana-y-mostro-dos-fotos","status":"publish","type":"post","link":"https:\/\/www.cordobatimes.com\/showup\/famosos\/2021\/07\/23\/hablo-pampita-tras-el-nacimiento-de-su-hija-ana-y-mostro-dos-fotos\/","title":{"rendered":"Habl\u00f3 Pampita tras el nacimiento de su hija Ana y mostr\u00f3 dos fotos"},"content":{"rendered":"<h3><strong>La modelo y conductora rompi\u00f3 el silencio despu\u00e9s de convertirse en madre por quinta vez.<\/strong><\/h3>\n<p>Este jueves 22 de julio a las 9:30,\u00a0Carolina \u201cPampita\u201d Ardohain\u00a0se convirti\u00f3 en mam\u00e1 por quinta vez. La modelo dio a luz a Ana, su primera hija junto al empresario Roberto Garc\u00eda Morit\u00e1n, en el Sanatorio Otamendi.\u00a0La nena pes\u00f3 3,200 kg y se encuentra en perfecto estado de salud.<\/p>\n<p>Tal como lo hab\u00eda decidido, la jurado de\u00a0ShowMatch: La Academia trabaj\u00f3 hasta \u00faltimo momento. De hecho, estuvo presente en el programa de Marcelo Tinelli durante la gala del mi\u00e9rcoles 21 y bromearon sobre el nacimiento de la nena. En todo momento se sinti\u00f3 bien, pero durante la madrugada comenz\u00f3 con el trabajo de parto y para acelerarlo,\u00a0sali\u00f3 a caminar con Roberto por Palermo y finalmente qued\u00f3 internada.<\/p>\n<p>A horas de haber dado a luz a Ana, su primera hija junto a Roberto Garc\u00eda Morit\u00e1n, Pampita sali\u00f3 al aire telef\u00f3nicamente en su programa, donde actualmente la reemplaza en la conducci\u00f3n Denise Dumas, y se refiri\u00f3 al feliz presente con la nueva integrante de la familia.\u00a0\u201cEstoy enamorada, embobada. Estoy con Robert y no podemos parar de mirarla, tocarla y llenarla de besos\u201d, expres\u00f3 la modelo.<\/p>\n<p>\u201cEstamos en las nubes como cualquier pap\u00e1, obviamente.\u00a0Me mandaron muchos mensajitos, mucho cari\u00f1o y no quer\u00eda dejar de charlar un rato con ustedes\u201d, continu\u00f3 la jurado de La Academia. \u201cNaci\u00f3 el d\u00eda exacto en que se cumpl\u00edan las 40 semanas\u201d, sostuvo Ardohain en la distendida charla que mantuvo con sus compa\u00f1eros de\u00a0Net TV.<\/p>\n<p>Consultada por c\u00f3mo fueron los minutos previos al parto, Carolina manifest\u00f3: \u201cFui a trabajar a La Academia, de ah\u00ed me fui a un control donde no tenia contracciones y no hab\u00eda ninguna expectativa de que naciera el mismo d\u00eda. El doctor me dijo que me fuera a caminar porque tenia la panza alt\u00edsima, as\u00ed lo hicimos con Roberto, y luego qued\u00e9 internada.\u00a0Al principio pens\u00e1bamos que pod\u00eda nacer el fin de semana o el lunes, pr\u00f3ximo\u201d.<\/p>\n<p>Luego, en el programa compartieron la primera imagen de su beba: un piecito. \u201cEs miniatura el piecito. No se la puedo sacar de los brazos a Robert\u201d, cont\u00f3 Ardohain, al ver la imagen de su nena.\u00a0\u201cQuiero que sea feliz\u201d, dijo. Durante la conversaci\u00f3n tambi\u00e9n di\u00e1logo el pap\u00e1 de la criatura, que se mostr\u00f3 feliz por la llegada de su hija:\u00a0\u201cEstamos agradecidos a la vida por este regalo maravilloso\u201d.<\/p>\n<p><img alt=\"\" loading=\"lazy\" decoding=\"async\" class=\"alignnone wp-image-90454 size-full\" src=\"https:\/\/www.cordobatimes.com\/showup\/wp-content\/uploads\/2021\/07\/fotos-de-ana-la-hija-de-pampita.jpg\" alt=\"\" width=\"622\" height=\"690\" srcset=\"https:\/\/www.cordobatimes.com\/showup\/wp-content\/uploads\/2021\/07\/fotos-de-ana-la-hija-de-pampita.jpg 622w, https:\/\/www.cordobatimes.com\/showup\/wp-content\/uploads\/2021\/07\/fotos-de-ana-la-hija-de-pampita-379x420.jpg 379w\" sizes=\"auto, (max-width: 622px) 100vw, 622px\" \/><\/p>\n<p>Pampita tom\u00f3 nuevamente la palabra y volvi\u00f3 a referirse al momento del nacimiento de Ana. \u201cUs\u00e9 una ba\u00f1era del sanatorio para el trabajo de parto. Estuve ah\u00ed hasta el momento de anestesiarme.\u00a0Fue un parto muy largo. Estaba entregada con mucho amor. La mir\u00e9 con mucha admiraci\u00f3n y tiene mucha valent\u00eda\u201d,\u00a0coment\u00f3.<\/p>\n<p>Sobre el nombre que iban a elegir para Ana, explic\u00f3: \u201cNos gustaba tambi\u00e9n Sof\u00eda, Amparo y Carlota.\u00a0Pero si era var\u00f3n, se iba a llamar Rober.\u00a0La vacunaron mientras la amamantaba. Ni siquiera llor\u00f3. Nos reconoce la voz a Rober y a m\u00ed\u201d,\u00a0relat\u00f3 con una felicidad absoluta. Sobre la posibilidad de volver a ser padres con Roberto Garc\u00eda Morit\u00e1n, lanz\u00f3:\u00a0\u201cNo est\u00e1 la puerta cerrada, pero tampoco est\u00e1n los planes\u201d.<\/p>\n<p>Por \u00faltimo,\u00a0Carolina le envi\u00f3 a la producci\u00f3n de su programa una nueva imagen de la beba.\u00a0Esta vez fue la cara de Ana, que seg\u00fan la modelo, tiene un parecido a su marido Roberto y a Beltr\u00e1n, uno de los hijos que Ardohain tuvo cuando era pareja de Benjam\u00edn Vicu\u00f1a.<\/p>\n<p><img alt=\"\" loading=\"lazy\" decoding=\"async\" class=\"alignnone wp-image-90455 size-full\" src=\"https:\/\/www.cordobatimes.com\/showup\/wp-content\/uploads\/2021\/07\/fotos-de-ana-la-hija-de-pampita-2.jpg\" alt=\"\" width=\"632\" height=\"535\" srcset=\"https:\/\/www.cordobatimes.com\/showup\/wp-content\/uploads\/2021\/07\/fotos-de-ana-la-hija-de-pampita-2.jpg 632w, https:\/\/www.cordobatimes.com\/showup\/wp-content\/uploads\/2021\/07\/fotos-de-ana-la-hija-de-pampita-2-496x420.jpg 496w\" sizes=\"auto, (max-width: 632px) 100vw, 632px\" \/><\/p>\n<p>Mas tarde, Pampita dialog\u00f3 con Marcelo Tinelli en ShowMatch.\u00a0\u201cSe\u00f1ores, est\u00e1 la nueva madre en l\u00ednea. Felicitaciones Pampita, este es el aplauso de todos los que estamos ac\u00e1 haciendo el programa. \u00a1Bienvenida, Ana!\u201d, dijo el conductor. \u201cGracias por las palabras, gracias al jurado, me emociona verlos, son muy amorosos todos.\u00a0Ana es parte de La Academia porque ya tiene su cuna en el camar\u00edn y tiene su lugarcito armado.\u00a0Y es incre\u00edble que hasta ayer estuve ah\u00ed y a las pocas horas ya estaba teniendo familia\u201d.<\/p>\n<p>\u201cFue el parto que yo quer\u00eda porque no quer\u00eda tenerlo por ces\u00e1rea, s\u00ed us\u00e9 anestesia y aguant\u00e9 bastante y fue lo que lo so\u00f1aba as\u00ed que estoy muy contenta\u201d, concluy\u00f3.<\/p>\n<p><iframe loading=\"lazy\" width=\"560\" height=\"315\" src=\"https:\/\/www.youtube.com\/embed\/NuMH8Q7V3K0\" title=\"YouTube video player\" frameborder=\"0\" allow=\"accelerometer; autoplay; clipboard-write; encrypted-media; gyroscope; picture-in-picture\" allowfullscreen><\/iframe><\/p>\n","protected":false},"excerpt":{"rendered":"<p>La modelo y conductora rompi\u00f3 el silencio despu\u00e9s de convertirse en madre por quinta vez. Este jueves 22 de julio a las 9:30,\u00a0Carolina \u201cPampita\u201d Ardohain\u00a0se convirti\u00f3 en mam\u00e1 por quinta vez. La modelo dio a luz a Ana, su primera hija junto al empresario Roberto Garc\u00eda Morit\u00e1n, en el Sanatorio Otamendi.\u00a0La nena pes\u00f3 3,200 kg [&hellip;]<\/p>\n","protected":false},"author":1,"featured_media":90453,"comment_status":"closed","ping_status":"closed","sticky":false,"template":"","format":"standard","meta":{"_seopress_robots_primary_cat":"","_seopress_titles_title":"","_seopress_titles_desc":"","_seopress_robots_index":"","footnotes":""},"categories":[4],"tags":[33045,33046,33044],"class_list":{"0":"post-90452","1":"post","2":"type-post","3":"status-publish","4":"format-standard","5":"has-post-thumbnail","7":"category-famosos","8":"tag-ana-la-hija-de-pampita","9":"tag-hablo-pampita-tras-el-nacimiento-de-su-hija-ana","10":"tag-nacimiento-de-ana"},"_links":{"self":[{"href":"https:\/\/www.cordobatimes.com\/showup\/wp-json\/wp\/v2\/posts\/90452","targetHints":{"allow":["GET"]}}],"collection":[{"href":"https:\/\/www.cordobatimes.com\/showup\/wp-json\/wp\/v2\/posts"}],"about":[{"href":"https:\/\/www.cordobatimes.com\/showup\/wp-json\/wp\/v2\/types\/post"}],"author":[{"embeddable":true,"href":"https:\/\/www.cordobatimes.com\/showup\/wp-json\/wp\/v2\/users\/1"}],"replies":[{"embeddable":true,"href":"https:\/\/www.cordobatimes.com\/showup\/wp-json\/wp\/v2\/comments?post=90452"}],"version-history":[{"count":0,"href":"https:\/\/www.cordobatimes.com\/showup\/wp-json\/wp\/v2\/posts\/90452\/revisions"}],"wp:featuredmedia":[{"embeddable":true,"href":"https:\/\/www.cordobatimes.com\/showup\/wp-json\/wp\/v2\/media\/90453"}],"wp:attachment":[{"href":"https:\/\/www.cordobatimes.com\/showup\/wp-json\/wp\/v2\/media?parent=90452"}],"wp:term":[{"taxonomy":"category","embeddable":true,"href":"https:\/\/www.cordobatimes.com\/showup\/wp-json\/wp\/v2\/categories?post=90452"},{"taxonomy":"post_tag","embeddable":true,"href":"https:\/\/www.cordobatimes.com\/showup\/wp-json\/wp\/v2\/tags?post=90452"}],"curies":[{"name":"wp","href":"https:\/\/api.w.org\/{rel}","templated":true}]}}