{"id":90445,"date":"2021-07-22T19:38:09","date_gmt":"2021-07-22T22:38:09","guid":{"rendered":"https:\/\/www.cordobatimes.com\/showup\/?p=90445"},"modified":"2021-07-22T19:38:09","modified_gmt":"2021-07-22T22:38:09","slug":"quienes-son-los-nominados-y-como-ver-la-ceremonia-de-los-premios-gardel-2021","status":"publish","type":"post","link":"https:\/\/www.cordobatimes.com\/showup\/musica\/2021\/07\/22\/quienes-son-los-nominados-y-como-ver-la-ceremonia-de-los-premios-gardel-2021\/","title":{"rendered":"Qui\u00e9nes son los nominados y c\u00f3mo ver la ceremonia de los Premios Gardel 2021"},"content":{"rendered":"<h3><strong>Este viernes se entregar\u00e1n los premios que distinguen lo mejor de la m\u00fasica nacional.<\/strong><\/h3>\n<p>Como cada a\u00f1o, CAPIF, la c\u00e1mara que agrupa a los sellos discogr\u00e1ficos de Argentina, se prepara para entregar los Premios Gardel. A lo largo de 22 ediciones, el galard\u00f3n reconoci\u00f3 a los mejores exponentes de la m\u00fasica nacional en distintas categor\u00edas a partir del voto de un jurado integrado por artistas, periodistas, productores, t\u00e9cnicos de sonido y referentes del mundo de la m\u00fasica.<\/p>\n<h3><strong>Cu\u00e1ndo y c\u00f3mo ver los Premios Gardel 2021<\/strong><\/h3>\n<p>Los Premios Gardel 2021 se entregar\u00e1n el viernes 23 de julio.<\/p>\n<p>La transmisi\u00f3n comenzar\u00e1 a las 22 horas y podr\u00e1 seguirse por televisi\u00f3n, a trav\u00e9s del canal TNT Latinoam\u00e9rica y por radio, desde Radio Nacional Am 870.<\/p>\n<h3 class=\"com-title --l\"><strong>Qui\u00e9nes son los nominados a los Premios Gardel 2021<\/strong><\/h3>\n<h3 class=\"com-title --m\"><strong>Grabaci\u00f3n del a\u00f1o<\/strong><\/h3>\n<p class=\"com-paragraph   --s\">Como la cigarra &#8211; Int\u00e9rprete:\u00a0<strong>Elena Roger<\/strong>\u00a0feat.\u00a0<strong>Escalandrum\u00a0<\/strong>\/ Productores: Horacio Sarria, Mariano Uccello, Mercedes Otero \/ Ingeniero: Facundo Rodriguez<\/p>\n<p class=\"com-paragraph   --s\">Buenos Aires &#8211; Int\u00e9rprete:\u00a0<strong>Nathy Peluso<\/strong>\u00a0\/ Productor: Rafa Arcaute \/ Ingenieros: Mariano L\u00f3pez, Rafa Arcaute, Didi Gutman, Maddox Chhim, Felipe Tichauer<\/p>\n<p class=\"com-paragraph   --s\">Me enamor\u00e9 de ti &#8211; Int\u00e9rprete:\u00a0<strong>Luciano Pereyra<\/strong>\u00a0feat.\u00a0<strong>Lang Lang<\/strong>\u00a0\/ Productor: Luciano Pereyra \/ Ingeniero: Dar\u00edo Pacheco<\/p>\n<h3 class=\"com-title --m\"><strong>Mejor canci\u00f3n<\/strong><\/h3>\n<p class=\"com-paragraph   --s\">\u201cLa canci\u00f3n de Las Bestias\u201d,\u00a0<strong>Fito P\u00e1ez<\/strong><\/p>\n<p class=\"com-paragraph   --s\">\u201cJuntos para Siempre\u201d,\u00a0<strong>Los Aut\u00e9nticos Decadentes<\/strong><\/p>\n<p class=\"com-paragraph   --s\">\u201cAmanece\u201d,\u00a0<strong>Diego Torres<\/strong>,\u00a0<strong>Macaco<\/strong>,<strong>\u00a0Jorge Villamizar\u00a0<\/strong>feat.\u00a0<strong>Catalina Garc\u00eda<\/strong><\/p>\n<p class=\"com-paragraph   --s\">\u201cSuficiente\u201d,\u00a0<strong>Babas\u00f3nicos<\/strong><\/p>\n<p class=\"com-paragraph   --s\">\u201cPiedra Libre\u201d,\u00a0<strong>Abel Pintos<\/strong><\/p>\n<p class=\"com-paragraph   --s\">\u201cQue No\u201d,\u00a0<strong>Barbi Recanati<\/strong><\/p>\n<p class=\"com-paragraph   --s\">\u201cLadr\u00f3n\u201d,\u00a0<strong>Lali\u00a0<\/strong>feat.\u00a0<strong>Cazzu<\/strong><\/p>\n<p class=\"com-paragraph   --s\">\u201cElla Dice\u201d,\u00a0<strong>Tini\u00a0<\/strong>feat.\u00a0<strong>Khea<\/strong><\/p>\n<p class=\"com-paragraph   --s\">\u201cNathy Peluso: Bzrp Music Session, Vol. 36\u2033,\u00a0<strong>Bizarrap<\/strong>,\u00a0<strong>Nathy Peluso<\/strong><\/p>\n<p class=\"com-paragraph   --s\">\u201cColocao\u201d,\u00a0<strong>Nicki Nicole<\/strong><\/p>\n<div class=\"com-embed --youtube\"><\/div>\n<h3 class=\"com-title --m\"><strong>Mejor \u00e1lbum artista pop<\/strong><\/h3>\n<p class=\"com-paragraph   --s\">Libra,\u00a0<strong>Lali<\/strong><\/p>\n<p class=\"com-paragraph   --s\">Tini Tini Tini,\u00a0<strong>Tini<\/strong><\/p>\n<p class=\"com-paragraph   --s\">Mi Primer D\u00eda Triste,\u00a0<strong>Zoe Gotusso<\/strong><\/p>\n<h3 class=\"com-title --m\"><strong>Mejor \u00e1lbum artista pop<\/strong><\/h3>\n<p class=\"com-paragraph   --s\">Libra,\u00a0<strong>Lali<\/strong><\/p>\n<p class=\"com-paragraph   --s\">Tini Tini Tini,\u00a0<strong>Tini<\/strong><\/p>\n<p class=\"com-paragraph   --s\">Mi Primer D\u00eda Triste,\u00a0<strong>Zoe Gotusso<\/strong><\/p>\n<h3 class=\"com-title --m\"><strong>Mejor canci\u00f3n dueto<\/strong><\/h3>\n<p class=\"com-paragraph   --s\">\u201cGente en la Calle\u201d, Fito P\u00e1ez feat. Lali<\/p>\n<p class=\"com-paragraph   --s\">\u201cUn Beso En Madrid\u201d, Tini feat.\u00a0<strong>Alejandro Sanz<\/strong><\/p>\n<p class=\"com-paragraph   --s\">\u201cComo La Cigarra\u201d, Elena Roger feat. Escalandrum<\/p>\n<p class=\"com-paragraph   --s\">\u201cMe Enamor\u00e9 de Ti &#8211; Luciano Pereyra feat. Lang Lang<\/p>\n<p class=\"com-paragraph   --s\">\u201cBohemio\u201d,\u00a0<strong>Andr\u00e9s Calamaro<\/strong>\u00a0feat.\u00a0<strong>Julio Iglesias<\/strong><\/p>\n<h3 class=\"com-title --m\"><strong>Mejor \u00e1lbum grupo pop<\/strong><\/h3>\n<p class=\"com-paragraph   --s\">Paranoia Pop,\u00a0<strong>B\u00e1ndalos Chinos<\/strong><\/p>\n<p class=\"com-paragraph   --s\">T\u00e1ndem,\u00a0<strong>Mavi D\u00edaz<\/strong>\u00a0y\u00a0<strong>Germ\u00e1n Dominic\u00e9<\/strong><\/p>\n<p class=\"com-paragraph   --s\">El reflejo,\u00a0<strong>Rayos L\u00e1ser<\/strong><\/p>\n<h3 class=\"com-title --m\">Mejor \u00e1lbum \/ canci\u00f3n de m\u00fasica urbana \/ trap<\/h3>\n<p class=\"com-paragraph   --s\">\u201cHigh Remix\u201d,\u00a0<strong>Maria Becerra\u00a0<\/strong>feat.\u00a0<strong>Tini<\/strong>\u00a0&amp;<strong>\u00a0Lola Indigo<\/strong><\/p>\n<p class=\"com-paragraph   --s\"><em>Una Ni\u00f1a In\u00fatil<\/em>,\u00a0<strong>Cazzu<\/strong><\/p>\n<p class=\"com-paragraph   --s\">\u201cNathy Peluso: Bzrp Music Sessions, Vol. 36\u2033,\u00a0<strong>Bizarrap<\/strong>, Nathy Peluso<\/p>\n<p class=\"com-paragraph   --s\">\u201cColocao\u201d,<strong>\u00a0Nicki Nicole<\/strong><\/p>\n<p class=\"com-paragraph   --s\">\u201cMamichula\u201d,\u00a0<strong>Trueno\u00a0<\/strong>con Nicki Nicole feat. Bizarrap,\u00a0<strong>Taiu\u00a0<\/strong>y\u00a0<strong>Tatool<\/strong><\/p>\n<h3 class=\"com-title --m\"><strong>Mejor \u00e1lbum pop alternativo<\/strong><\/h3>\n<p class=\"com-paragraph   --s\"><em>Existo<\/em>,\u00a0<strong>Sol Pereyra<\/strong><\/p>\n<p class=\"com-paragraph   --s\"><em>Otro Lado<\/em>,\u00a0<strong>Rosario Ortega<\/strong><\/p>\n<p class=\"com-paragraph   --s\"><em>Calambre<\/em>, Nathy Peluso<\/p>\n<h3 class=\"com-title --m\"><strong>Mejor colaboraci\u00f3n de m\u00fasica urbana \/ trap<\/strong><\/h3>\n<p class=\"com-paragraph   --s\">\u201cVerte\u201d, Nicki Nicole feat.\u00a0<strong>Dread Mar I\u00a0<\/strong>&amp; Bizarrap<\/p>\n<p class=\"com-paragraph   --s\">\u201cGoteo (Remix)\u201d,\u00a0<strong>Duki\u00a0<\/strong>feat.\u00a0<strong>Ronny J<\/strong>,\u00a0<strong>Pablo Chill-E<\/strong>,\u00a0<strong>Capo Plaza<\/strong>,\u00a0<strong>C.R.O<\/strong>,\u00a0<strong>Asan<\/strong><\/p>\n<p class=\"com-paragraph   --s\">\u201cMamichula\u201d, Trueno con Nicki Nicole feat. Bizarrap, Taiu y Tatool<\/p>\n<h3 class=\"com-title --m\"><strong>Mejor \u00e1lbum canci\u00f3n de autor<\/strong><\/h3>\n<p class=\"com-paragraph   --s\"><em>Basta de m\u00fasica<\/em>,\u00a0<strong>Mart\u00edn Buscaglia<\/strong><\/p>\n<p class=\"com-paragraph   --s\"><em>Reset<\/em>,\u00a0<strong>Celli<\/strong><\/p>\n<p class=\"com-paragraph   --s\"><em>Criptograma<\/em>,\u00a0<strong>Lisandro Aristimu\u00f1o<\/strong><\/p>\n<h3 class=\"com-title --m\"><strong>Mejor \u00e1lbum en vivo<\/strong><\/h3>\n<p class=\"com-paragraph   --s\"><em>En Vivo Teatro Gran Rex<\/em>,\u00a0<strong>Rodrigo Tapari<\/strong><\/p>\n<p class=\"com-paragraph   --s\"><em>Mujeres Argentinas, 50 a\u00f1os (En Vivo en el CCK)<\/em>,\u00a0<strong>La Bruja Salguero<\/strong>,\u00a0<strong>Facundo Ram\u00edrez<\/strong><\/p>\n<p class=\"com-paragraph   --s\"><em>Foro sol<\/em>,\u00a0<strong>Los Aut\u00e9nticos Decadentes<\/strong><\/p>\n<h3 class=\"com-title --m\"><strong>Mejor \u00e1lbum artista rom\u00e1ntico mel\u00f3dico<\/strong><\/h3>\n<p class=\"com-paragraph   --s\"><em>Desierto<\/em>,\u00a0<strong>Germ\u00e1n Barcel\u00f3<\/strong><\/p>\n<p class=\"com-paragraph   --s\"><em>Tal como soy<\/em>,\u00a0<strong>Dany Vila<\/strong><\/p>\n<p class=\"com-paragraph   --s\"><em>60 A\u00f1os Con la M\u00fasica \u00a1Gracias!<\/em>,<strong>\u00a0Dany Martin<\/strong><\/p>\n<h3 class=\"com-title --m\"><strong>Mejor \u00e1lbum artista de folklore<\/strong><\/h3>\n<p class=\"com-paragraph   --s\"><em>Abrazo<\/em>,<strong>\u00a0Luciana Jury<\/strong><\/p>\n<p class=\"com-paragraph   --s\"><em>Eterna risa<\/em>,\u00a0<strong>Bruno Arias<\/strong><\/p>\n<p class=\"com-paragraph   --s\"><em>Veinteveinte<\/em>,\u00a0<strong>Suna Rocha<\/strong><\/p>\n<h3 class=\"com-title --m\"><strong>Mejor \u00e1lbum grupo de folklore<\/strong><\/h3>\n<p class=\"com-paragraph   --s\"><em>Tierra M\u00eda<\/em>,<strong>\u00a0Los Tekis<\/strong><\/p>\n<p class=\"com-paragraph   --s\"><em>Desde Adentro<\/em>,\u00a0<strong>Los del Portezuelo<\/strong><\/p>\n<p class=\"com-paragraph   --s\"><em>Ahyre<\/em>,\u00a0<strong>Ahyre<\/strong><\/p>\n<h3 class=\"com-title --m\"><strong>Mejor \u00e1lbum m\u00fasica electr\u00f3nica<\/strong><\/h3>\n<p class=\"com-paragraph   --s\"><em>Pleasures<\/em>,\u00a0<strong>Mo.NA<\/strong><\/p>\n<p class=\"com-paragraph   --s\"><em>Venus<\/em>,\u00a0<strong>Mistol Team<\/strong><\/p>\n<p class=\"com-paragraph   --s\"><em>Reworked<\/em>,\u00a0<strong>Willy Crook<\/strong><\/p>\n<h3 class=\"com-title --m\"><strong>Mejor \u00e1lbum de jazz<\/strong><\/h3>\n<p class=\"com-paragraph   --s\"><em>Sin Tiempo<\/em>,\u00a0<strong>Leo Genovese<\/strong>,\u00a0<strong>Mariano Otero<\/strong>,\u00a0<strong>Sergio Verdinelli Malosetti &amp; la Colonia<\/strong>,\u00a0<strong>Javier Malosetti<\/strong><\/p>\n<p class=\"com-paragraph   --s\"><em>Apalap!<\/em>,\u00a0<strong>Oscar Giunta Supertr\u00edo!<\/strong><\/p>\n<h3 class=\"com-title --m\"><strong>Mejor \u00e1lbum de reggae\/ska<\/strong><\/h3>\n<p class=\"com-paragraph   --s\"><em>El presente que so\u00f1amos<\/em>,\u00a0<strong>Kameleba &amp; Don Camel<\/strong><\/p>\n<p class=\"com-paragraph   --s\"><em>Continentes<\/em>,\u00a0<strong>La Estafa Dub<\/strong><\/p>\n<p class=\"com-paragraph   --s\"><em>Flores y Burbujas<\/em>,\u00a0<strong>El Natty Combo<\/strong><\/p>\n<h3 class=\"com-title --m\"><strong>Mejor \u00e1lbum artista de cuarteto<\/strong><\/h3>\n<p class=\"com-paragraph   --s\"><em>Un Sue\u00f1o Hecho Realidad<\/em>,\u00a0<strong>Walter Salinas<\/strong><\/p>\n<p class=\"com-paragraph   --s\"><em>M\u00fasica en cuarentena<\/em>,\u00a0<strong>Luis Sebasti\u00e1n<\/strong><\/p>\n<p class=\"com-paragraph   --s\"><em>Aprender a volar<\/em>,\u00a0<strong>Magui Olave<\/strong><\/p>\n<h3 class=\"com-title --m\"><strong>Mejor \u00e1lbum grupo de cuarteto<\/strong><\/h3>\n<p class=\"com-paragraph   --s\"><em>Mundo Streaming<\/em>,\u00a0<strong>Q\u2019Lokura<\/strong><\/p>\n<p class=\"com-paragraph   --s\"><em>Desde El Encierro<\/em>,\u00a0<strong>Sabroso<\/strong><\/p>\n<p class=\"com-paragraph   --s\"><em>El mismo aire<\/em>,<strong>\u00a0La Konga<\/strong><\/p>\n<h3 class=\"com-title --m\"><strong>Mejor \u00e1lbum banda de sonido cine \/ Televisi\u00f3n<\/strong><\/h3>\n<p class=\"com-paragraph   --s\"><em>Vilas (Ser\u00e1s Lo Que Debas Ser, O no Ser\u00e1s Nada) (Original Motion Picture Soundtrack)<\/em>,\u00a0<strong>Vandera<\/strong><\/p>\n<p class=\"com-paragraph   --s\"><em>The Last of Us Part II<\/em>,\u00a0<strong>Gustavo Santaolalla<\/strong><\/p>\n<p class=\"com-paragraph   --s\"><em>Notas de Paso 4<\/em>,\u00a0<strong>Ernesto Snajer<\/strong><\/p>\n<h3 class=\"com-title --m\"><strong>Mejor \u00e1lbum instrumental &#8211; fusi\u00f3n &#8211; world music<\/strong><\/h3>\n<p class=\"com-paragraph   --s\"><em>Latineses<\/em>,\u00a0<strong>La Orquestonga<\/strong><\/p>\n<p class=\"com-paragraph   --s\"><em>Solo Piano: Reflexiones<\/em>,\u00a0<strong>Lito Vitale<\/strong><\/p>\n<p class=\"com-paragraph   --s\"><em>Hikkikomori<\/em>,\u00a0<strong>La Chicana<\/strong><\/p>\n<h3 class=\"com-title --m\"><strong>Ingenier\u00eda en grabaci\u00f3n<\/strong><\/h3>\n<p class=\"com-paragraph   --s\"><em>La Conquista del Espacio<\/em>,\u00a0<strong>Gustavo Borner<\/strong>,\u00a0<strong>Phil Levine<\/strong>,\u00a0<strong>Justin Moshkevich<\/strong>,\u00a0<strong>Diego Olivero<\/strong><\/p>\n<p class=\"com-paragraph   --s\"><em>Caligaris sinf\u00f3nico<\/em>,<strong>\u00a0Pablo Chapur<\/strong><\/p>\n<p class=\"com-paragraph   --s\"><em>Como La Cigarra<\/em>,<strong>\u00a0Facundo Rodriguez<\/strong><\/p>\n<h3 class=\"com-title --m\"><strong>Mejor video clip largo<\/strong><\/h3>\n<p class=\"com-paragraph   --s\">\u201cNiguiri Sessions\u201d, Director:\u00a0<strong>Niko Sedano<\/strong><\/p>\n<p class=\"com-paragraph   --s\">\u201cPlacer\u201d, Director:\u00a0<strong>Emiliano Romero<\/strong><\/p>\n<p class=\"com-paragraph   --s\">\u201cAlmendra I &#8211; 50 A\u00f1os\u201d, Director:\u00a0<strong>Diego Latorre<\/strong><\/p>\n<h3 class=\"com-title --m\"><strong>Mejor \u00e1lbum de reggae \/ ska<\/strong><\/h3>\n<p class=\"com-paragraph   --s\"><em>El presente que so\u00f1amos dub<\/em>\u00a0\u2013\u00a0<strong>Kameleba, Don Camel<\/strong><\/p>\n<p class=\"com-paragraph   --s\"><em>Continentes<\/em>\u00a0&#8211;\u00a0<strong>La estafa Dub<\/strong><\/p>\n<h3 class=\"com-title --m\"><strong>Mejor \u00e1lbum infantil<\/strong><\/h3>\n<p class=\"com-paragraph   --s\"><em>La Tarara &#8211; Canciones Tradicionales<\/em>\u00a0&#8211;\u00a0<strong>Mariana Baggio &amp; Martin Telechanski<\/strong><\/p>\n<p class=\"com-paragraph   --s\"><em>Topa, Una Navidad Especial<\/em>\u00a0&#8211;\u00a0<strong>Diego Topa<\/strong><\/p>\n<p class=\"com-paragraph   --s\"><em>El Reino del Reve\u0301s<\/em>\u00a0&#8211;\u00a0<strong>Elena Roger, Escalandrum<\/strong><\/p>\n<h3 class=\"com-title --m\"><strong>Mejor \u00e1lbum artista de rock<\/strong><\/h3>\n<p class=\"com-paragraph   --s\"><em>Guerras (Un viaje en el tiempo)<\/em>\u00a0&#8211;\u00a0<strong>Ciro y Los Persas<\/strong><\/p>\n<p class=\"com-paragraph   --s\"><em>Errores Coleccionables<\/em>\u00a0&#8211;\u00a0<strong>Sol Bassa<\/strong><\/p>\n<p class=\"com-paragraph   --s\"><em>La Conquista del Espacio<\/em>\u00a0&#8211;<strong>\u00a0Fito Paez<\/strong><\/p>\n<h3 class=\"com-title --m\"><strong>Mejor \u00e1lbum grupo de rock<\/strong><\/h3>\n<p class=\"com-paragraph   --s\"><em>2020\u00a0<\/em>&#8211;<strong>\u00a0Las Pastillas del Abuelo<\/strong><\/p>\n<p class=\"com-paragraph   --s\"><em>Es as\u00ed\u00a0<\/em>&#8211;<strong>\u00a0Las Pelotas<\/strong><\/p>\n<p class=\"com-paragraph   --s\"><em>El \u00daltimo Abrazo Anal\u00f3gico<\/em>\u00a0&#8211;<strong>\u00a0Todo Aparenta Normal<\/strong><\/p>\n<div class=\"com-container --button \"><\/div>\n","protected":false},"excerpt":{"rendered":"<p>Este viernes se entregar\u00e1n los premios que distinguen lo mejor de la m\u00fasica nacional. Como cada a\u00f1o, CAPIF, la c\u00e1mara que agrupa a los sellos discogr\u00e1ficos de Argentina, se prepara para entregar los Premios Gardel. A lo largo de 22 ediciones, el galard\u00f3n reconoci\u00f3 a los mejores exponentes de la m\u00fasica nacional en distintas categor\u00edas [&hellip;]<\/p>\n","protected":false},"author":1,"featured_media":90446,"comment_status":"closed","ping_status":"closed","sticky":false,"template":"","format":"standard","meta":{"_seopress_robots_primary_cat":"","_seopress_titles_title":"","_seopress_titles_desc":"","_seopress_robots_index":"","footnotes":""},"categories":[5],"tags":[33041,33040],"class_list":{"0":"post-90445","1":"post","2":"type-post","3":"status-publish","4":"format-standard","5":"has-post-thumbnail","7":"category-musica","8":"tag-nominados-de-los-premios-gardel-2021","9":"tag-premios-gardel-2021"},"_links":{"self":[{"href":"https:\/\/www.cordobatimes.com\/showup\/wp-json\/wp\/v2\/posts\/90445","targetHints":{"allow":["GET"]}}],"collection":[{"href":"https:\/\/www.cordobatimes.com\/showup\/wp-json\/wp\/v2\/posts"}],"about":[{"href":"https:\/\/www.cordobatimes.com\/showup\/wp-json\/wp\/v2\/types\/post"}],"author":[{"embeddable":true,"href":"https:\/\/www.cordobatimes.com\/showup\/wp-json\/wp\/v2\/users\/1"}],"replies":[{"embeddable":true,"href":"https:\/\/www.cordobatimes.com\/showup\/wp-json\/wp\/v2\/comments?post=90445"}],"version-history":[{"count":0,"href":"https:\/\/www.cordobatimes.com\/showup\/wp-json\/wp\/v2\/posts\/90445\/revisions"}],"wp:featuredmedia":[{"embeddable":true,"href":"https:\/\/www.cordobatimes.com\/showup\/wp-json\/wp\/v2\/media\/90446"}],"wp:attachment":[{"href":"https:\/\/www.cordobatimes.com\/showup\/wp-json\/wp\/v2\/media?parent=90445"}],"wp:term":[{"taxonomy":"category","embeddable":true,"href":"https:\/\/www.cordobatimes.com\/showup\/wp-json\/wp\/v2\/categories?post=90445"},{"taxonomy":"post_tag","embeddable":true,"href":"https:\/\/www.cordobatimes.com\/showup\/wp-json\/wp\/v2\/tags?post=90445"}],"curies":[{"name":"wp","href":"https:\/\/api.w.org\/{rel}","templated":true}]}}