{"id":90402,"date":"2021-07-22T01:50:04","date_gmt":"2021-07-22T04:50:04","guid":{"rendered":"https:\/\/www.cordobatimes.com\/showup\/?p=90402"},"modified":"2021-07-22T01:50:04","modified_gmt":"2021-07-22T04:50:04","slug":"protagonista-de-i-may-destroy-you-estara-en-black-panther-wakanda-forever","status":"publish","type":"post","link":"https:\/\/www.cordobatimes.com\/showup\/cine-y-series\/2021\/07\/22\/protagonista-de-i-may-destroy-you-estara-en-black-panther-wakanda-forever\/","title":{"rendered":"Protagonista de \u00abI May Destroy You\u00bb estar\u00e1 en \u00abBlack Panther: Wakanda Forever\u00bb"},"content":{"rendered":"<h3><strong>\u00abBlack Panther: Wakanda Forever\u00bb, la secuela de la exitosa pel\u00edcula de 2018, est\u00e1 en pleno rodaje y sum\u00f3 a\u00a0Michaela Coel, creadora y actriz de la serie\u00a0\u00abI May Destroy You\u00bb\u00a0a su elenco.<\/strong><\/h3>\n<p>Seg\u00fan Variety, la actriz fue reclutada para un papel en la pel\u00edcula por el director Ryan Coogler, aunque\u00a0<strong>no se revel\u00f3 detalles de su participaci\u00f3n<\/strong>.<\/p>\n<p>Coel recientemente fue nominada a<strong>\u00a0cuatro Premios Emmy por \u00abI May Destroy You\u00bb de HBO<\/strong>, que incluyen Mejor Miniserie y Mejor Actriz Principal en una Miniserie.<\/p>\n<p>\u00abBlack Panther: Wakanda Forever\u00bb se est\u00e1 filmando en Atlanta desde fines de junio con los regresos de\u00a0<strong>Lupita Nyong&#8217;o, Danai Gurira, Letitia Wright y Angela Bassett<\/strong>. Su estreno ser\u00e1 el\u00a0<strong>8 de julio de 2022<\/strong>.<\/p>\n","protected":false},"excerpt":{"rendered":"<p>\u00abBlack Panther: Wakanda Forever\u00bb, la secuela de la exitosa pel\u00edcula de 2018, est\u00e1 en pleno rodaje y sum\u00f3 a\u00a0Michaela Coel, creadora y actriz de la serie\u00a0\u00abI May Destroy You\u00bb\u00a0a su elenco. Seg\u00fan Variety, la actriz fue reclutada para un papel en la pel\u00edcula por el director Ryan Coogler, aunque\u00a0no se revel\u00f3 detalles de su participaci\u00f3n. [&hellip;]<\/p>\n","protected":false},"author":1,"featured_media":90403,"comment_status":"closed","ping_status":"closed","sticky":false,"template":"","format":"standard","meta":{"_seopress_robots_primary_cat":"","_seopress_titles_title":"","_seopress_titles_desc":"","_seopress_robots_index":"","footnotes":""},"categories":[3],"tags":[],"class_list":{"0":"post-90402","1":"post","2":"type-post","3":"status-publish","4":"format-standard","5":"has-post-thumbnail","7":"category-cine-y-series"},"_links":{"self":[{"href":"https:\/\/www.cordobatimes.com\/showup\/wp-json\/wp\/v2\/posts\/90402","targetHints":{"allow":["GET"]}}],"collection":[{"href":"https:\/\/www.cordobatimes.com\/showup\/wp-json\/wp\/v2\/posts"}],"about":[{"href":"https:\/\/www.cordobatimes.com\/showup\/wp-json\/wp\/v2\/types\/post"}],"author":[{"embeddable":true,"href":"https:\/\/www.cordobatimes.com\/showup\/wp-json\/wp\/v2\/users\/1"}],"replies":[{"embeddable":true,"href":"https:\/\/www.cordobatimes.com\/showup\/wp-json\/wp\/v2\/comments?post=90402"}],"version-history":[{"count":0,"href":"https:\/\/www.cordobatimes.com\/showup\/wp-json\/wp\/v2\/posts\/90402\/revisions"}],"wp:featuredmedia":[{"embeddable":true,"href":"https:\/\/www.cordobatimes.com\/showup\/wp-json\/wp\/v2\/media\/90403"}],"wp:attachment":[{"href":"https:\/\/www.cordobatimes.com\/showup\/wp-json\/wp\/v2\/media?parent=90402"}],"wp:term":[{"taxonomy":"category","embeddable":true,"href":"https:\/\/www.cordobatimes.com\/showup\/wp-json\/wp\/v2\/categories?post=90402"},{"taxonomy":"post_tag","embeddable":true,"href":"https:\/\/www.cordobatimes.com\/showup\/wp-json\/wp\/v2\/tags?post=90402"}],"curies":[{"name":"wp","href":"https:\/\/api.w.org\/{rel}","templated":true}]}}