{"id":90367,"date":"2021-07-21T11:49:25","date_gmt":"2021-07-21T14:49:25","guid":{"rendered":"https:\/\/www.cordobatimes.com\/showup\/?p=90367"},"modified":"2021-07-21T14:56:38","modified_gmt":"2021-07-21T17:56:38","slug":"danza-rota-el-cuarto-video-animado-de-soda-stereo","status":"publish","type":"post","link":"https:\/\/www.cordobatimes.com\/showup\/musica\/2021\/07\/21\/danza-rota-el-cuarto-video-animado-de-soda-stereo\/","title":{"rendered":"\u201cDanza rota\u201d, el cuarto video animado de Soda Stereo"},"content":{"rendered":"<h3><strong>En las pr\u00f3ximas semanas se subir\u00e1n m\u00e1s clips de cada \u00e1lbum de estudio del tr\u00edo.<\/strong><\/h3>\n<p>\u201cDanza rota\u201d, es el nuevo \u201cvisualizer\u201d de\u00a0Soda Stereo,\u00a0un clip animado realizado por\u00a0Nicol\u00e1s Bernaudo\u00a0-encargado de la creaci\u00f3n y direcci\u00f3n de cada uno de ellos- y que se suma a los ya conocidos en las \u00faltimas semanas como \u201c\u00bfPor qu\u00e9 no puedo ser del jet-set?\u201d, \u201cSobredosis de TV\u201d, ambas del disco debut del tr\u00edo y de \u201cIm\u00e1genes retro\u201d, que conocimos hace una semana, perteneciente al \u00e1lbum\u00a0Nada personal.<\/p>\n<p>Una propuesta del legendario grupo en recrear algunas de sus grandes canciones, dos por cada disco, en un concepto visual. \u201cDanza rota\u201d fue un tema que qued\u00f3 afuera del primer trabajo discogr\u00e1fico de Soda pero que tocaron mucho en su primera gira y que finalmente termin\u00f3 en el segundo disco.<\/p>\n<p>\u201cDecidimos trabajar en otro mundo que no tuvo que ver con 1986. Me bas\u00e9 en una visual que usamos para \u2018Danza rota\u2019, en la gira \u2018Me ver\u00e1s volver\u2019 (2007) donde aparec\u00eda en las pantallas gigantes una chica bailando, que en aquel momento no se le ve\u00eda completamente la cara, pero s\u00ed la parte de la nariz y los labios. Cantaba a d\u00fao con Gustavo (Cerati). \u00c9l la presentaba y saludaba en los recitales. Se convirti\u00f3 en algo interesante. La gente preguntaba qui\u00e9n era esa chica. Un clip donde ella es la protagonista central y va llevando el hilo mezclado con im\u00e1genes del show\u201d.<\/p>\n<p>En relaci\u00f3n al anterior video animado,\u00a0\u201cIm\u00e1genes retro\u201d, el director sostuvo: \u201cEl disco Nada personal tuvo un cambio est\u00e9tico muy marcado, tanto en la imagen como en el sonido. El concepto fue de encontrar un buen compilado de im\u00e1genes de la banda, no solo las correspondientes a este \u00e1lbum, ya que hoy en d\u00eda todas son retro\u201d.<\/p>\n<p>Tambi\u00e9n destac\u00f3 que se bas\u00f3 en el arte de tapa del segundo disco de\u00a0Gustavo Cerati,\u00a0Zeta Bosio\u00a0y\u00a0Charly Alberti.\u00a0\u201cEs una portada maravillosa. Hay algo en el dise\u00f1o del clip que\u00a0esta basado en la presentaci\u00f3n del material en Obras\u00a0(1986) con una puesta en escena tremenda para le \u00e9poca y en el video de \u2018Cuando pase el temblor\u2019 filmado en Jujuy\u201d.<\/p>\n<p>El disco\u00a0Nada personal\u00a0-que trae el exitoso tema que le da nombre- sali\u00f3 en 1985 y arranc\u00f3 con un pedido de disquer\u00edas de\u00a020 mil unidades, algo inusual porque el primero a\u00fan no hab\u00eda pasado esa cifra, y lo habitual era que los pedidos fueran por la mitad de las ventas del disco anterior.<\/p>\n<p>El disco tuvo como m\u00fasicos invitados al \u201cZorrito\u201d\u00a0Fabi\u00e1n Quintiero\u00a0en teclados y \u201cEl Gonzo\u201d en saxo. El primero ya era una parte fundamental dentro de la din\u00e1mica del grupo. \u201cNos encerr\u00e1bamos d\u00edas enteros a buscar el sonido exacto. La banda crec\u00eda cada vez m\u00e1s y\u00a0el \u00e9xito empezaba a hacerse notar.\u00a0Aunque en Soda yo no compon\u00eda, ten\u00eda un lugar como tecladista que me gustaba porque pod\u00eda proponer arreglos. As\u00ed fue que grab\u00e9 las flautas de \u2018El Temblor\u2019, un arreglo que se hizo muy conocido, con un sonido llamado \u2018calliope\u2019 que ven\u00eda en el Yamaha DX7\u201d, cont\u00f3 Quintiero en su libro \u201cI\u2019m Zorry\u201d.<\/p>\n<p>Esas canciones confirmaron la popularidad y el alcance masivo de Soda Stereo, que r\u00e1pidamente\u00a0se convirti\u00f3 en el grupo n\u00famero uno de la Argentina. A fin de a\u00f1o, las tradicionales encuestas de las revistas de rock mostraron que el tr\u00edo se qued\u00f3 con la mayor\u00eda de los rubros. Luego comenz\u00f3 su conquista de Latinoam\u00e9rica con un verdadero boom en Chile. La llamada \u201cSodaman\u00eda\u201d fue la punta de lanza para el rock en castellano.<\/p>\n<p><iframe loading=\"lazy\" title=\"YouTube video player\" src=\"https:\/\/www.youtube.com\/embed\/42pKzqLO_mk\" width=\"560\" height=\"315\" frameborder=\"0\" allowfullscreen=\"allowfullscreen\"><\/iframe><\/p>\n","protected":false},"excerpt":{"rendered":"<p>En las pr\u00f3ximas semanas se subir\u00e1n m\u00e1s clips de cada \u00e1lbum de estudio del tr\u00edo. \u201cDanza rota\u201d, es el nuevo \u201cvisualizer\u201d de\u00a0Soda Stereo,\u00a0un clip animado realizado por\u00a0Nicol\u00e1s Bernaudo\u00a0-encargado de la creaci\u00f3n y direcci\u00f3n de cada uno de ellos- y que se suma a los ya conocidos en las \u00faltimas semanas como \u201c\u00bfPor qu\u00e9 no puedo [&hellip;]<\/p>\n","protected":false},"author":1,"featured_media":90368,"comment_status":"closed","ping_status":"closed","sticky":false,"template":"","format":"standard","meta":{"_seopress_robots_primary_cat":"","_seopress_titles_title":"","_seopress_titles_desc":"","_seopress_robots_index":"","footnotes":""},"categories":[5],"tags":[33029,33031,33030],"class_list":{"0":"post-90367","1":"post","2":"type-post","3":"status-publish","4":"format-standard","5":"has-post-thumbnail","7":"category-musica","8":"tag-cuarto-video-animado-de-soda-stereo","9":"tag-danza-rota-video-animado-de-soda-stereo","10":"tag-video-animado-de-soda-stereo"},"_links":{"self":[{"href":"https:\/\/www.cordobatimes.com\/showup\/wp-json\/wp\/v2\/posts\/90367","targetHints":{"allow":["GET"]}}],"collection":[{"href":"https:\/\/www.cordobatimes.com\/showup\/wp-json\/wp\/v2\/posts"}],"about":[{"href":"https:\/\/www.cordobatimes.com\/showup\/wp-json\/wp\/v2\/types\/post"}],"author":[{"embeddable":true,"href":"https:\/\/www.cordobatimes.com\/showup\/wp-json\/wp\/v2\/users\/1"}],"replies":[{"embeddable":true,"href":"https:\/\/www.cordobatimes.com\/showup\/wp-json\/wp\/v2\/comments?post=90367"}],"version-history":[{"count":0,"href":"https:\/\/www.cordobatimes.com\/showup\/wp-json\/wp\/v2\/posts\/90367\/revisions"}],"wp:featuredmedia":[{"embeddable":true,"href":"https:\/\/www.cordobatimes.com\/showup\/wp-json\/wp\/v2\/media\/90368"}],"wp:attachment":[{"href":"https:\/\/www.cordobatimes.com\/showup\/wp-json\/wp\/v2\/media?parent=90367"}],"wp:term":[{"taxonomy":"category","embeddable":true,"href":"https:\/\/www.cordobatimes.com\/showup\/wp-json\/wp\/v2\/categories?post=90367"},{"taxonomy":"post_tag","embeddable":true,"href":"https:\/\/www.cordobatimes.com\/showup\/wp-json\/wp\/v2\/tags?post=90367"}],"curies":[{"name":"wp","href":"https:\/\/api.w.org\/{rel}","templated":true}]}}