{"id":90287,"date":"2021-07-12T10:47:52","date_gmt":"2021-07-12T13:47:52","guid":{"rendered":"https:\/\/www.cordobatimes.com\/showup\/?p=90287"},"modified":"2021-07-12T10:47:52","modified_gmt":"2021-07-12T13:47:52","slug":"la-voz-argentina-lali-canto-su-cancion-preferida-de-soda-stereo","status":"publish","type":"post","link":"https:\/\/www.cordobatimes.com\/showup\/tv\/2021\/07\/12\/la-voz-argentina-lali-canto-su-cancion-preferida-de-soda-stereo\/","title":{"rendered":"La Voz Argentina: Lali cant\u00f3 su canci\u00f3n preferida de Soda Stereo"},"content":{"rendered":"<h3><strong>La artista y jurado del certamen deleit\u00f3 a los televidentes con su voz al entonar \u00abTr\u00e1tame suavemente\u00bb.<\/strong><\/h3>\n<p>La canci\u00f3n escogida fue &#8216;Tr\u00e1tame suavemente&#8217; de Soda Stereo, su canci\u00f3n favorita seg\u00fan cont\u00f3 en el certamen, ya que un participante se present\u00f3 en el escenario a entonarla y ella fue la \u00fanica coach que se dio vuelta para elegirlo y sea parte de su equipo.<\/p>\n<p>Minutos despu\u00e9s de que\u00a0Federico Ratto\u00a0se retire del estudio, la artista pop deleit\u00f3 a sus compa\u00f1eros,\u00a0Ricardo Montaner, Mau y Ricky y Soledad Pastorutti,\u00a0y a los que estaban detr\u00e1s de c\u00e1maras con su voz.<\/p>\n<div style=\"width: 640px;\" class=\"wp-video\"><video class=\"wp-video-shortcode\" id=\"video-90287-1\" width=\"640\" height=\"360\" preload=\"metadata\" controls=\"controls\"><source type=\"video\/mp4\" src=\"https:\/\/www.cordobatimes.com\/showup\/wp-content\/uploads\/2021\/07\/\u00a1Lali-lo-hizo-otra-vez-La-Voz-Argentina-202.mp4?_=1\" \/><a href=\"https:\/\/www.cordobatimes.com\/showup\/wp-content\/uploads\/2021\/07\/\u00a1Lali-lo-hizo-otra-vez-La-Voz-Argentina-202.mp4\">https:\/\/www.cordobatimes.com\/showup\/wp-content\/uploads\/2021\/07\/\u00a1Lali-lo-hizo-otra-vez-La-Voz-Argentina-202.mp4<\/a><\/video><\/div>\n","protected":false},"excerpt":{"rendered":"<p>La artista y jurado del certamen deleit\u00f3 a los televidentes con su voz al entonar \u00abTr\u00e1tame suavemente\u00bb. La canci\u00f3n escogida fue &#8216;Tr\u00e1tame suavemente&#8217; de Soda Stereo, su canci\u00f3n favorita seg\u00fan cont\u00f3 en el certamen, ya que un participante se present\u00f3 en el escenario a entonarla y ella fue la \u00fanica coach que se dio vuelta [&hellip;]<\/p>\n","protected":false},"author":1,"featured_media":90288,"comment_status":"closed","ping_status":"closed","sticky":false,"template":"","format":"standard","meta":{"_seopress_robots_primary_cat":"","_seopress_titles_title":"","_seopress_titles_desc":"","_seopress_robots_index":"","footnotes":""},"categories":[2],"tags":[32889,32986,32987],"class_list":{"0":"post-90287","1":"post","2":"type-post","3":"status-publish","4":"format-standard","5":"has-post-thumbnail","7":"category-tv","8":"tag-lali-esposito-la-voz-argentina","9":"tag-lali-soda-stereo","10":"tag-lali-tratame-suavemente"},"_links":{"self":[{"href":"https:\/\/www.cordobatimes.com\/showup\/wp-json\/wp\/v2\/posts\/90287","targetHints":{"allow":["GET"]}}],"collection":[{"href":"https:\/\/www.cordobatimes.com\/showup\/wp-json\/wp\/v2\/posts"}],"about":[{"href":"https:\/\/www.cordobatimes.com\/showup\/wp-json\/wp\/v2\/types\/post"}],"author":[{"embeddable":true,"href":"https:\/\/www.cordobatimes.com\/showup\/wp-json\/wp\/v2\/users\/1"}],"replies":[{"embeddable":true,"href":"https:\/\/www.cordobatimes.com\/showup\/wp-json\/wp\/v2\/comments?post=90287"}],"version-history":[{"count":0,"href":"https:\/\/www.cordobatimes.com\/showup\/wp-json\/wp\/v2\/posts\/90287\/revisions"}],"wp:featuredmedia":[{"embeddable":true,"href":"https:\/\/www.cordobatimes.com\/showup\/wp-json\/wp\/v2\/media\/90288"}],"wp:attachment":[{"href":"https:\/\/www.cordobatimes.com\/showup\/wp-json\/wp\/v2\/media?parent=90287"}],"wp:term":[{"taxonomy":"category","embeddable":true,"href":"https:\/\/www.cordobatimes.com\/showup\/wp-json\/wp\/v2\/categories?post=90287"},{"taxonomy":"post_tag","embeddable":true,"href":"https:\/\/www.cordobatimes.com\/showup\/wp-json\/wp\/v2\/tags?post=90287"}],"curies":[{"name":"wp","href":"https:\/\/api.w.org\/{rel}","templated":true}]}}